{"id":122212,"date":"2025-05-23T14:51:11","date_gmt":"2025-05-23T14:51:11","guid":{"rendered":"https:\/\/www.europesays.com\/fr\/122212\/"},"modified":"2025-05-23T14:51:11","modified_gmt":"2025-05-23T14:51:11","slug":"festival-de-plantes-slipfest-vide-greniers-que-faire-a-nantes-ce-week-end-voici-nos-idees-de-sorties","status":"publish","type":"post","link":"https:\/\/www.europesays.com\/fr\/122212\/","title":{"rendered":"Festival de plantes, Slipfest, vide-greniers&#8230; Que faire \u00e0 Nantes ce week-end ? Voici nos id\u00e9es de sorties"},"content":{"rendered":"<p>            Par<br \/>\n        <strong><br \/>\n            <a href=\"https:\/\/actu.fr\/auteur\/clemence-pays02-actu-fr\" title=\"Consulter tous les articles de Cl\u00e9mence Pays\" rel=\"nofollow noopener\" target=\"_blank\">Cl\u00e9mence Pays<\/a><br \/>\n        <\/strong><\/p>\n<p>        Publi\u00e9 le<\/p>\n<p>            23 mai 2025 \u00e0 16h31        <\/p>\n<p>Le week-end arrive \u00e0 grands pas et pour s\u2019occuper, Nantes ne manque pas d\u2019activit\u00e9s et d\u2019\u00e9v\u00e9nements\u2009! La r\u00e9daction vous propose une s\u00e9lection d\u2019id\u00e9es de sorties \u00e0 faire seul, entre amis ou en famille, samedi\u00a024 et dimanche 25\u00a0mai. Et le tout, sans se ruiner. \u00c0 vos agendas\u2009!<\/p>\n<p>Participer au premier festival de plantes d\u2019int\u00e9rieur<\/p>\n<p class=\" wall-content\">Pol-n accueille la toute premi\u00e8re \u00e9dition de <strong>La Semeuse,<\/strong> un festival d\u00e9di\u00e9 aux <strong>plantes d\u2019int\u00e9rieur.<\/strong><\/p>\n<p class=\" wall-content\">Durant tout le week-end, un <strong>march\u00e9 de p\u00e9pini\u00e9ristes et d\u2019artisans<\/strong> sera ouvert au public. Des ateliers \u00ab\u2009en tout genre\u2009\u00bb, mais aussi des <strong>conf\u00e9rences<\/strong> et des tables rondes \u00ab\u2009pour \u00e9voquer les enjeux de la production des plantes d\u2019int\u00e9rieur et mettre en avant des initiatives locales\u2009\u00bb seront \u00e9galement organis\u00e9s, soulignent les organisateurs.<\/p>\n<p class=\" wall-content\"><strong>Concerts, bingo drag et tombola<\/strong> sont aussi au programme.<\/p>\n<p class=\" wall-content\"><a href=\"https:\/\/www.instagram.com\/p\/DJ16fIYst-2\/embed\" title=\"Ouvrir le lien sur Instagram\" rel=\"nofollow noopener\" target=\"_blank\">Visualiser le contenu sur Instagram<\/a><\/p>\n<p>Samedi 24\u00a0mai de 10\u2009h \u00e0 21\u2009h et dimanche 25\u00a0mai de 10\u2009h \u00e0 18\u2009h, La Semeuse festival, \u00e0 Pol-n, 11, rue des Olivettes, Nantes. Entr\u00e9e \u00e0 prix libre (prix conscient 3\u00a0euros). Animations gratuites sur inscription.<\/p>\n<p>Aller \u00e0 la p\u00eache aux bonnes affaires<\/p>\n<p class=\" wall-content\">Ce week-end, plusieurs <a href=\"https:\/\/actu.fr\/tag\/vide-greniers\" rel=\"nofollow noopener\" target=\"_blank\">vide-greniers<\/a> sont organis\u00e9s, l\u2019occasion de d\u00e9gotter v\u00eatements, d\u00e9coration et autres objets \u00e0 petits prix.<\/p>\n<p class=\" wall-content\">Dimanche, <strong>les Ateliers de la Ville en bois<\/strong> lancent leur premier vide-greniers dans leur entrep\u00f4t et en ext\u00e9rieur. Le m\u00eame jour, le <strong>Centre sportif et culturel Laeticia<\/strong> organise \u00e9galement un vide-greniers r\u00e9serv\u00e9 aux particuliers.<\/p>\n<p>Dimanche 25\u00a0mai, de 10\u2009h \u00e0 16\u2009h, Le Grand vide-greniers de la Ville en Bois, 21 rue de la Ville en Bois, Nantes.<br \/>Dimanche 25\u00a0mai, de 8\u2009h \u00e0 17\u2009h, vide-greniers du CSC Laetitia, 49 rue Chanoine Larose, Nantes.<\/p>\n<p>Laisser parler le beauf qui est en soi<\/p>\n<p class=\" wall-content\"><a href=\"https:\/\/actu.fr\/pays-de-la-loire\/saint-herblain_44162\/nantes-enfilez-votre-plus-beau-slip-le-slipfest-la-fete-du-beauf-revient-en-2025_62270344.html\" rel=\"nofollow noopener\" target=\"_blank\">Le Slipfest, la f\u00eate du beauf, revient pour la deuxi\u00e8me ann\u00e9e cons\u00e9cutive<\/a> sur le site de la Carri\u00e8re, \u00e0 Saint-Herblain. Organis\u00e9 par <strong>la guinguette Les Nantais,<\/strong> l\u2019\u00e9v\u00e9nement se d\u00e9roule sur deux jours et propose de <strong>nombreuses animations,<\/strong> toutes les plus d\u00e9jant\u00e9es les unes que les autres. Course de teckels, concours du cri de cochon, championnat de la coupe mulet\u2026 \u00c0 vous de jouer\u2009!<\/p>\n<p class=\" wall-content\"><a href=\"https:\/\/www.instagram.com\/p\/DJ68k_sMOU9\/embed\" title=\"Ouvrir le lien sur Instagram\" rel=\"nofollow noopener\" target=\"_blank\">Visualiser le contenu sur Instagram<\/a><\/p>\n<p class=\" wall-content\">Pour en savoir plus sur le programme, consultez <a href=\"https:\/\/actu.fr\/pays-de-la-loire\/saint-herblain_44162\/nantes-ventriglisse-coupe-mulet-queuleuleu-la-nouvelle-edition-du-slipfest-devoile-sa-programmation_62437932.html\" rel=\"nofollow noopener\" target=\"_blank\">notre article d\u00e9di\u00e9<\/a>.<\/p>\n<p>Samedi 24\u00a0mai, de 12\u2009h \u00e0 23\u2009h et dimanche 25\u00a0mai, de 12\u2009h \u00e0 22\u2009h, Slipfest au parc de la Carri\u00e8re, 2 rue du Souvenir Fran\u00e7ais \u00e0 Saint-Herblain.<strong> Entr\u00e9e gratuite.<\/strong><\/p>\n<p>Faire un ap\u00e9ro chin\u00e9<\/p>\n<p class=\" wall-content\">Le bar \u00e0 manger Guindaille organise <strong>un \u00ab\u2009ap\u00e9ro chin\u00e9\u2009\u00bb<\/strong>, samedi, rue Four\u00e9 et rue Colmar.<\/p>\n<p class=\" wall-content\">Au programme, \u00ab\u2009une journ\u00e9e cool et festive [\u2026], au sein d\u2019une rue pi\u00e9tonne transform\u00e9e en un v\u00e9ritable terrain de chine et de vibes ensoleill\u00e9es\u2009\u00bb.<\/p>\n<p>    <a href=\"https:\/\/www.facebook.com\/plugins\/post.php?href=https%3A%2F%2Fwww.facebook.com%2Fpermalink.php%3Fstory_fbid%3Dpfbid0QeUtHyL3wuFfzobBRAyg3rqr4xtLTKhS6UKnhBx4VxB4CDhT2JczC1wC2Bwi7q6Ul%26id%3D100084460774862&amp;show_text=true&amp;width=350\" title=\"Ouvrie le lien\" rel=\"nofollow noopener\" target=\"_blank\">Cliquez ici pour visualiser le contenu<\/a><\/p>\n<p class=\" wall-content\">Une <strong>vingtaine de stands<\/strong> seront install\u00e9s (fripes, bijoux, illustrations, brocantes\u2026) et des <strong>DJ sets<\/strong> se succ\u00e9deront, de 16\u2009h \u00e0 22\u2009h. En d\u00e9but de soir\u00e9e, <strong>un d\u00e9fil\u00e9<\/strong> \u00ab\u2009fun et d\u00e9cal\u00e9\u2009\u00bb sera organis\u00e9.<\/p>\n<p>Samedi 24\u00a0mai, \u00e0 partir de 11\u2009h, Ap\u00e9ro chin\u00e9, rue Four\u00e9 et rue Colmar. Entr\u00e9e libre.<\/p>\n<p>Acheter des plantes \u00e0 la ferme<\/p>\n<p class=\" wall-content\">La Sauge revient \u00e0 l\u2019Agronaute pour une vente de plantes. Plants potagers, aromatiques, fleurs et petits fruitiers\u2026 Il y aura du choix.<\/p>\n<p class=\" wall-content\">\u00ab\u2009Depuis 4\u00a0ans, toute notre production est certifi\u00e9e Agriculture biologique et sous mention Nature &amp; Progr\u00e8s\u2009\u00bb, souligne La Sauge.<\/p>\n<p class=\" wall-content\"><a href=\"https:\/\/www.instagram.com\/p\/DJ65FXPsuAn\/embed\" title=\"Ouvrir le lien sur Instagram\" rel=\"nofollow noopener\" target=\"_blank\">Visualiser le contenu sur Instagram<\/a><\/p>\n<p class=\" wall-content\">Un <strong>espace enfant, <\/strong>mais aussi de quoi boire, manger et se d\u00e9tendre sont aussi pr\u00e9vus.<\/p>\n<p>Samedi 24\u00a0mai, de 9\u2009h \u00e0 18\u2009h, vente de plantes \u00e0 la ferme de l\u2019Agronaute, 2 rue du S\u00e9n\u00e9gal (ancien MIN), Nantes.<\/p>\n<p>Participer au festival des commer\u00e7ants<\/p>\n<p class=\" wall-content\">De la place Royale \u00e0 la place Sainte-Croix, le centre-ville de Nantes sera anim\u00e9 durant la journ\u00e9e de samedi. <a href=\"https:\/\/actu.fr\/pays-de-la-loire\/nantes_44109\/nantes-marches-degustation-jeux-les-commercants-organisent-leur-festival-en-centre-ville_62602817.html\" rel=\"nofollow noopener\" target=\"_blank\">L\u2019association des commer\u00e7ants du centre-ville de Nantes, Plein Centre, organise la 9e \u00e9dition de Nantes \u00e0 c\u0153ur<\/a>.<\/p>\n<p class=\" wall-content\">\u00c0 cette occasion plusieurs <strong>animations, spectacles, d\u00e9gustations, jeux et concours<\/strong> seront organis\u00e9s tout au long de la journ\u00e9e. Des<strong> march\u00e9s th\u00e9matiques<\/strong> seront \u00e9galement pr\u00e9sents dans des lieux embl\u00e9matiques de la ville.<\/p>\n<p>Samedi 24\u00a0mai, de 10\u2009h \u00e0 19\u2009h, Nantes \u00e0 c\u0153ur, festival des commer\u00e7ants.<br \/>\nLe programme complet\u00a0<a href=\"https:\/\/pleincentre.net\/wp-content\/uploads\/2025\/04\/programme-digital.pdf\" rel=\"nofollow noopener\" target=\"_blank\">ici<\/a>.<\/p>\n<p class=\" wall-content\">Suivez toute l\u2019actualit\u00e9 de vos villes et m\u00e9dias favoris en vous inscrivant \u00e0 <a href=\"https:\/\/moncompte.actu.fr\" title=\"D\u00e9couvez Mon Actu\" rel=\"nofollow noopener\" data-trk=\"{&quot;cta&quot;:{&quot;action&quot;:&quot;https:\\\/\\\/moncompte.actu.fr&quot;,&quot;category&quot;:&quot;mon compte&quot;,&quot;from&quot;:&quot;article footer&quot;,&quot;name&quot;:&quot;Mon actu&quot;,&quot;type&quot;:&quot;cta&quot;}}\" target=\"_blank\">Mon Actu<\/a>.<\/p>\n<ul class=\"ac-article-tag wall-content\">\n<li><a href=\"https:\/\/actu.fr\/tag\/animations\" data-trk=\"{&quot;cta&quot;:{&quot;action&quot;:&quot;Animations&quot;,&quot;category&quot;:&quot;tag&quot;,&quot;from&quot;:&quot;article footer&quot;,&quot;name&quot;:&quot;Animations&quot;,&quot;type&quot;:&quot;cta&quot;}}\" rel=\"nofollow noopener\" target=\"_blank\">#Animations<\/a><\/li>\n<li><a href=\"https:\/\/actu.fr\/tag\/vide-greniers\" data-trk=\"{&quot;cta&quot;:{&quot;action&quot;:&quot;Vide-greniers&quot;,&quot;category&quot;:&quot;tag&quot;,&quot;from&quot;:&quot;article footer&quot;,&quot;name&quot;:&quot;Vide-greniers&quot;,&quot;type&quot;:&quot;cta&quot;}}\" rel=\"nofollow noopener\" target=\"_blank\">#Vide-greniers<\/a><\/li>\n<\/ul>\n<p>                    <script async src=\"\/\/www.instagram.com\/embed.js\"><\/script><\/p>\n","protected":false},"excerpt":{"rendered":"Par Cl\u00e9mence Pays Publi\u00e9 le 23 mai 2025 \u00e0 16h31 Le week-end arrive \u00e0 grands pas et pour&hellip;\n","protected":false},"author":2,"featured_media":122213,"comment_status":"","ping_status":"","sticky":false,"template":"","format":"standard","meta":{"footnotes":""},"categories":[2818],"tags":[1111,11,1063,1777,674,1011,27,1305,766,12,2636,25,3365],"class_list":{"0":"post-122212","1":"post","2":"type-post","3":"status-publish","4":"format-standard","5":"has-post-thumbnail","7":"category-nantes","8":"tag-actu","9":"tag-actualites","10":"tag-animations","11":"tag-eu","12":"tag-europe","13":"tag-fr","14":"tag-france","15":"tag-lifestyle","16":"tag-nantes","17":"tag-news","18":"tag-pays-de-la-loire","19":"tag-republique-francaise","20":"tag-vide-greniers"},"share_on_mastodon":{"url":"https:\/\/pubeurope.com\/@fr\/114557713284342805","error":""},"_links":{"self":[{"href":"https:\/\/www.europesays.com\/fr\/wp-json\/wp\/v2\/posts\/122212","targetHints":{"allow":["GET"]}}],"collection":[{"href":"https:\/\/www.europesays.com\/fr\/wp-json\/wp\/v2\/posts"}],"about":[{"href":"https:\/\/www.europesays.com\/fr\/wp-json\/wp\/v2\/types\/post"}],"author":[{"embeddable":true,"href":"https:\/\/www.europesays.com\/fr\/wp-json\/wp\/v2\/users\/2"}],"replies":[{"embeddable":true,"href":"https:\/\/www.europesays.com\/fr\/wp-json\/wp\/v2\/comments?post=122212"}],"version-history":[{"count":0,"href":"https:\/\/www.europesays.com\/fr\/wp-json\/wp\/v2\/posts\/122212\/revisions"}],"wp:featuredmedia":[{"embeddable":true,"href":"https:\/\/www.europesays.com\/fr\/wp-json\/wp\/v2\/media\/122213"}],"wp:attachment":[{"href":"https:\/\/www.europesays.com\/fr\/wp-json\/wp\/v2\/media?parent=122212"}],"wp:term":[{"taxonomy":"category","embeddable":true,"href":"https:\/\/www.europesays.com\/fr\/wp-json\/wp\/v2\/categories?post=122212"},{"taxonomy":"post_tag","embeddable":true,"href":"https:\/\/www.europesays.com\/fr\/wp-json\/wp\/v2\/tags?post=122212"}],"curies":[{"name":"wp","href":"https:\/\/api.w.org\/{rel}","templated":true}]}}