{"id":122218,"date":"2025-05-23T14:54:14","date_gmt":"2025-05-23T14:54:14","guid":{"rendered":"https:\/\/www.europesays.com\/fr\/122218\/"},"modified":"2025-05-23T14:54:14","modified_gmt":"2025-05-23T14:54:14","slug":"girondins-le-kop-33-appelle-a-un-rassemblement-devant-le-tribunal-de-commerce-de-bordeaux","status":"publish","type":"post","link":"https:\/\/www.europesays.com\/fr\/122218\/","title":{"rendered":"Girondins : le Kop 33 appelle \u00e0 un rassemblement devant le tribunal de commerce de Bordeaux"},"content":{"rendered":"<p><img decoding=\"async\" src=\"https:\/\/www.europesays.com\/fr\/wp-content\/uploads\/2025\/05\/671_3222180a1b88af6fe7960cff90f05a34.jpg\" alt=\"Girondins : le Kop 33 appelle \u00e0 un rassemblement devant le tribunal de commerce de Bordeaux\" class=\"img-responsive mt-3\"\/><\/p>\n<p class=\"text-center mb-3\" style=\"font-size: 14px\">\u00a9 Iconsport<\/p>\n<p style=\"text-align: justify;\">Mardi 27 mai, les Girondins de Bordeaux et son propri\u00e9taire l&rsquo;homme d&rsquo;affaires G\u00e9rard Lopez, pr\u00e9sentent en audition leur plan de continuation d&rsquo;activit\u00e9 devant le tribunal de commerce de Bordeaux. Cette audition sera cruciale pour l\u2019avenir du club bordelais.<\/p>\n<p style=\"text-align: justify;\">Pour cette occasion, la r\u00e9cente association de supporters Kop 33 a publi\u00e9 sur le r\u00e9seau social X un appel \u00e0 se rassembler devant le tribunal de commerce \u00e0 11h.<\/p>\n<p><strong>\u00ab\u00a0Nous refusons de rester passifs, \u00e0 attendre chez nous dans l\u2019angoisse\u00a0\u00bb<\/strong><strong><br \/><\/strong><strong><br \/><\/strong><\/p>\n<p style=\"text-align: justify;\">Voici ce qu&rsquo;ils ont \u00e9crit : \u00ab\u00a0L\u2019heure de v\u00e9rit\u00e9 approche \u00e0 grands pas. Ce mardi 27 mai, le sort de notre club sera scell\u00e9. Nous refusons de rester passifs, \u00e0 attendre chez nous dans l\u2019angoisse. Notre club de c\u0153ur m\u00e9rite notre pr\u00e9sence, notre voix, notre unit\u00e9. Rendez-vous mardi 27 mai \u00e0 11h, place de la Bourse, devant le tribunal de commerce. Tous unis, tous mobilis\u00e9s pour d\u00e9fendre les couleurs et l\u2019avenir des Girondins ! Marine et Blanc pour toujours.\u00a0\u00bb<\/p>\n<p style=\"text-align: justify;\">Il faut savoir que le tribunal de commerce ne devrait pas statuer le jouer m\u00eame sur sa d\u00e9cision, mais lors d\u2019une audition le 10 juin prochain.\u00a0<\/p>\n<blockquote class=\"twitter-tweet\">\n<p dir=\"ltr\" lang=\"fr\">[ Tous unis ] <\/p>\n<p>L\u2019heure de v\u00e9rit\u00e9 approche \u00e0 grands pas.<br \/>Ce mardi 27 mai, le sort de notre club sera scell\u00e9.<\/p>\n<p>Nous refusons de rester passifs, \u00e0 attendre chez nous dans l\u2019angoisse. Notre club de c\u0153ur m\u00e9rite notre pr\u00e9sence, notre voix, notre unit\u00e9.<\/p>\n<p>Rendez-vous mardi 27 mai \u00e0 11h,\u2026 <a href=\"https:\/\/t.co\/tJvIC9tpqm\">pic.twitter.com\/tJvIC9tpqm<\/a><\/p>\n<p>\u2014 Kop33 (@lekopdu33) <a href=\"https:\/\/twitter.com\/lekopdu33\/status\/1925904777914802425?ref_src=twsrc%5Etfw\" target=\"_blank\" rel=\"noopener\">May 23, 2025<\/a>\n<\/p><\/blockquote>\n<p>\u00a0<\/p>\n<p>\u00c0 lire &gt;&gt; <strong><a href=\"https:\/\/www.webgirondins.com\/actualite-girondins-girondins-la-mairie-de-bordeaux-exige-officiellement-le-remboursement-integral-de-sa-creance-129178\" target=\"_blank\" rel=\"noopener\">La mairie de Bordeaux exige officiellement le remboursement int\u00e9gral de sa cr\u00e9ance<\/a><\/strong><\/p>\n<p>Notre podcast court \u00e0 \u00e9couter :<br \/><strong><br \/><\/strong><\/p>\n<p>\u00a0<\/p>\n<p>    <script async src=\"https:\/\/platform.twitter.com\/widgets.js\" charset=\"utf-8\"><\/script><\/p>\n","protected":false},"excerpt":{"rendered":"\u00a9 Iconsport Mardi 27 mai, les Girondins de Bordeaux et son propri\u00e9taire l&rsquo;homme d&rsquo;affaires G\u00e9rard Lopez, pr\u00e9sentent en&hellip;\n","protected":false},"author":2,"featured_media":122219,"comment_status":"","ping_status":"","sticky":false,"template":"","format":"standard","meta":{"footnotes":""},"categories":[2817],"tags":[1111,11,7431,18235,4077,1997,215,13413,1777,674,1011,27,1987,9447,12,1308,2219,471,11418,3919,24425,25,10221,3693,2336,24424],"class_list":{"0":"post-122218","1":"post","2":"type-post","3":"status-publish","4":"format-standard","5":"has-post-thumbnail","7":"category-bordeaux","8":"tag-actu","9":"tag-actualites","10":"tag-appel","11":"tag-appelle","12":"tag-association","13":"tag-bordeaux","14":"tag-commerce","15":"tag-devant","16":"tag-eu","17":"tag-europe","18":"tag-fr","19":"tag-france","20":"tag-girondins","21":"tag-lance","22":"tag-news","23":"tag-nord","24":"tag-nouvelle-aquitaine","25":"tag-pour","26":"tag-prochain","27":"tag-rassemblement","28":"tag-rassembler","29":"tag-republique-francaise","30":"tag-supporters","31":"tag-tribunal","32":"tag-ultras","33":"tag-virage"},"share_on_mastodon":{"url":"","error":""},"_links":{"self":[{"href":"https:\/\/www.europesays.com\/fr\/wp-json\/wp\/v2\/posts\/122218","targetHints":{"allow":["GET"]}}],"collection":[{"href":"https:\/\/www.europesays.com\/fr\/wp-json\/wp\/v2\/posts"}],"about":[{"href":"https:\/\/www.europesays.com\/fr\/wp-json\/wp\/v2\/types\/post"}],"author":[{"embeddable":true,"href":"https:\/\/www.europesays.com\/fr\/wp-json\/wp\/v2\/users\/2"}],"replies":[{"embeddable":true,"href":"https:\/\/www.europesays.com\/fr\/wp-json\/wp\/v2\/comments?post=122218"}],"version-history":[{"count":0,"href":"https:\/\/www.europesays.com\/fr\/wp-json\/wp\/v2\/posts\/122218\/revisions"}],"wp:featuredmedia":[{"embeddable":true,"href":"https:\/\/www.europesays.com\/fr\/wp-json\/wp\/v2\/media\/122219"}],"wp:attachment":[{"href":"https:\/\/www.europesays.com\/fr\/wp-json\/wp\/v2\/media?parent=122218"}],"wp:term":[{"taxonomy":"category","embeddable":true,"href":"https:\/\/www.europesays.com\/fr\/wp-json\/wp\/v2\/categories?post=122218"},{"taxonomy":"post_tag","embeddable":true,"href":"https:\/\/www.europesays.com\/fr\/wp-json\/wp\/v2\/tags?post=122218"}],"curies":[{"name":"wp","href":"https:\/\/api.w.org\/{rel}","templated":true}]}}