{"id":122226,"date":"2025-05-23T14:58:27","date_gmt":"2025-05-23T14:58:27","guid":{"rendered":"https:\/\/www.europesays.com\/fr\/122226\/"},"modified":"2025-05-23T14:58:27","modified_gmt":"2025-05-23T14:58:27","slug":"le-comportement-de-lexploitant-mis-en-cause","status":"publish","type":"post","link":"https:\/\/www.europesays.com\/fr\/122226\/","title":{"rendered":"le comportement de l\u2019exploitant mis en cause"},"content":{"rendered":"<p>L\u2019exploitant d\u2019un man\u00e8ge sera convoqu\u00e9 devant le tribunal judiciaire de Lille (<a target=\"_self\" href=\"https:\/\/www.lanouvellerepublique.fr\/nord\" rel=\"noopener\">Nord<\/a>) le 22\u00a0octobre 2025, \u00e0 la suite d\u2019un accident survenu dans la nuit du 9 au 10\u00a0mai au festival Madame Loyal. Une jeune femme de 28\u00a0ans avait \u00e9t\u00e9 victime d\u2019une chute apr\u00e8s \u00eatre mont\u00e9e dans une attraction de type chaises hautes. Elle avait \u00e9t\u00e9 \u00e9ject\u00e9e puis prise en charge par les secours dans un \u00e9tat grave, rappelle <a target=\"_blank\" href=\"https:\/\/www.lavoixdunord.fr\/1588351\/article\/2025-05-22\/accident-de-manege-lors-de-madame-loyal-la-victime-n-etait-pas-correctement\" rel=\"noopener\">La Voix du Nord<\/a>.<\/p>\n<p>Selon les investigations men\u00e9es ces derni\u00e8res semaines, la responsabilit\u00e9 du g\u00e9rant du man\u00e8ge serait engag\u00e9e. \u00ab\u00a0La victime n\u2019\u00e9tait pas accroch\u00e9e correctement\u00a0\u00bb, a ainsi d\u00e9clar\u00e9 la procureure de la R\u00e9publique de Lille, Carole \u00c9tienne, cit\u00e9e par nos confr\u00e8res.<\/p>\n<p>Il lance le man\u00e8ge et s\u2019\u00e9loigne<\/p>\n<p>L\u2019homme n\u2019aurait pas v\u00e9rifi\u00e9 les ceintures de s\u00e9curit\u00e9 en r\u00e9cup\u00e9rant les tickets des visiteurs. De plus, l\u2019exploitant a \u00ab\u00a0mis en marche le man\u00e8ge et quitt\u00e9 les lieux sans rester \u00e0 proximit\u00e9\u00a0\u00bb, l\u2019emp\u00eachant \u00ab\u00a0de r\u00e9agir rapidement en actionnant le bouton d\u2019arr\u00eat d\u2019urgence\u00a0\u00bb.<\/p>\n<p>Les organisateurs de la manifestation \u00e0 Lille Grand Palais s\u2019\u00e9taient dits \u00ab\u00a0d\u00e9vast\u00e9s\u00a0\u00bb apr\u00e8s l\u2019accident. Ils avaient assur\u00e9 que le man\u00e8ge \u00e9tait en r\u00e8gle. La victime a \u00e9t\u00e9 hospitalis\u00e9e et s\u2019est vue prescrire une interruption totale de travail (ITT) d\u2019un mois.<\/p>\n","protected":false},"excerpt":{"rendered":"L\u2019exploitant d\u2019un man\u00e8ge sera convoqu\u00e9 devant le tribunal judiciaire de Lille (Nord) le 22\u00a0octobre 2025, \u00e0 la suite&hellip;\n","protected":false},"author":2,"featured_media":122227,"comment_status":"","ping_status":"","sticky":false,"template":"","format":"standard","meta":{"footnotes":""},"categories":[2815],"tags":[1111,11,1674,1777,674,274,1011,27,811,1307,12,1308,25],"class_list":{"0":"post-122226","1":"post","2":"type-post","3":"status-publish","4":"format-standard","5":"has-post-thumbnail","7":"category-lille","8":"tag-actu","9":"tag-actualites","10":"tag-communes","11":"tag-eu","12":"tag-europe","13":"tag-faits-divers-justice","14":"tag-fr","15":"tag-france","16":"tag-hauts-de-france","17":"tag-lille","18":"tag-news","19":"tag-nord","20":"tag-republique-francaise"},"share_on_mastodon":{"url":"https:\/\/pubeurope.com\/@fr\/114557740850004077","error":""},"_links":{"self":[{"href":"https:\/\/www.europesays.com\/fr\/wp-json\/wp\/v2\/posts\/122226","targetHints":{"allow":["GET"]}}],"collection":[{"href":"https:\/\/www.europesays.com\/fr\/wp-json\/wp\/v2\/posts"}],"about":[{"href":"https:\/\/www.europesays.com\/fr\/wp-json\/wp\/v2\/types\/post"}],"author":[{"embeddable":true,"href":"https:\/\/www.europesays.com\/fr\/wp-json\/wp\/v2\/users\/2"}],"replies":[{"embeddable":true,"href":"https:\/\/www.europesays.com\/fr\/wp-json\/wp\/v2\/comments?post=122226"}],"version-history":[{"count":0,"href":"https:\/\/www.europesays.com\/fr\/wp-json\/wp\/v2\/posts\/122226\/revisions"}],"wp:featuredmedia":[{"embeddable":true,"href":"https:\/\/www.europesays.com\/fr\/wp-json\/wp\/v2\/media\/122227"}],"wp:attachment":[{"href":"https:\/\/www.europesays.com\/fr\/wp-json\/wp\/v2\/media?parent=122226"}],"wp:term":[{"taxonomy":"category","embeddable":true,"href":"https:\/\/www.europesays.com\/fr\/wp-json\/wp\/v2\/categories?post=122226"},{"taxonomy":"post_tag","embeddable":true,"href":"https:\/\/www.europesays.com\/fr\/wp-json\/wp\/v2\/tags?post=122226"}],"curies":[{"name":"wp","href":"https:\/\/api.w.org\/{rel}","templated":true}]}}