{"id":122228,"date":"2025-05-23T14:59:08","date_gmt":"2025-05-23T14:59:08","guid":{"rendered":"https:\/\/www.europesays.com\/fr\/122228\/"},"modified":"2025-05-23T14:59:08","modified_gmt":"2025-05-23T14:59:08","slug":"pour-bruno-gilles-cest-la-faute-de-benoit-payan","status":"publish","type":"post","link":"https:\/\/www.europesays.com\/fr\/122228\/","title":{"rendered":"pour Bruno Gilles, c&rsquo;est la faute de\u2026 Beno\u00eet Payan"},"content":{"rendered":"<p>Pas encore termin\u00e9e, <a href=\"https:\/\/www.laprovence.com\/article\/region\/19499215141929\/taxis-apres-laeroport-les-barrages-de-castellane-et-du-cours-puget-a-marseille-vont-etre-leves\" target=\"_blank\" rel=\"noopener\">la mobilisation des artisans taxi<\/a> a d\u00e9j\u00e0 laiss\u00e9 une trace dans le paysage marseillais\u00a0: place Castellane (6e), tout juste r\u00e9nov\u00e9e \u00e0 grands frais par la M\u00e9tropole pour le passage du tramway, le banc en pierre, dessin\u00e9 par Ora Ito, porte les stigmates d&rsquo;un feu de pneus allum\u00e9 par des manifestants mercredi 21 mai.<\/p>\n<p>Face \u00e0 ce conflit national suivi heure par heure par la pr\u00e9fecture des Bouches-du-Rh\u00f4ne et l&rsquo;\u00c9tat, Bruno Gilles, conseiller m\u00e9tropolitain (Horizons) \u00e0 la s\u00e9curit\u00e9, estime que si ces d\u00e9gradations ont \u00e9t\u00e9 commises, c&rsquo;est la faute \u00e0\u2026 <a href=\"https:\/\/www.laprovence.com\/article\/politique\/4489118285432214\/la-semaine-politique-surprise-par-le-bon-resultat-du-maire-dvg-dans-notre-sondage-du-15-mars-la-droite-sinterroge-sur-le-calendrier-a-suivre-et-lidentite-de-son-candidat\" target=\"_blank\" rel=\"noopener\">la mairie de Marseille<\/a>. \u00ab\u00a0Nous d\u00e9non\u00e7ons l&rsquo;absence flagrante de la police municipale, g\u00e9r\u00e9e par la Ville de Marseille, lors de ces d\u00e9gradations. Malgr\u00e9 des effectifs annonc\u00e9s en hausse, leur manque de pr\u00e9sence\u00a0sur un site aussi strat\u00e9gique est inacceptable\u00a0\u00bb, d\u00e9nonce-t-il.<\/p>\n<p>Interrog\u00e9 par <a href=\"https:\/\/www.laprovence.com\/\" target=\"_blank\" rel=\"noopener\">La Provence<\/a>, l&rsquo;ancien maire des 4e-5e ne conteste pas que le maintien de l&rsquo;ordre rel\u00e8ve de la police nationale. Mais il assure qu'\u00a0\u00bbune pr\u00e9sence m\u00eame faible de policiers municipaux, aurait emp\u00each\u00e9 la commission de ces faits. Mais au m\u00eame moment, Beno\u00eet Payan faisait une op\u00e9ration communication sur la s\u00e9curit\u00e9 \u00e0 la porte d&rsquo;Aix\u00a0\u00bb.<\/p>\n<p>Au passage, on notera que le montant des d\u00e9gradations (100 000\u20ac selon Martine Vassal) est \u00e0 l&rsquo;euro pr\u00e8s le m\u00eame que celui caus\u00e9 par le carnaval de la Plaine, en mars. Sauf que la r\u00e9action des \u00e9lus de droite a \u00e9t\u00e9 beaucoup plus s\u00e9v\u00e8re envers les \u00ab\u00a0carnavaliers d&rsquo;extr\u00eame gauche\u00a0\u00bb qu&rsquo;avec les chauffeurs de taxi.\u00a0<\/p>\n","protected":false},"excerpt":{"rendered":"Pas encore termin\u00e9e, la mobilisation des artisans taxi a d\u00e9j\u00e0 laiss\u00e9 une trace dans le paysage marseillais\u00a0: place&hellip;\n","protected":false},"author":2,"featured_media":122229,"comment_status":"","ping_status":"","sticky":false,"template":"","format":"standard","meta":{"footnotes":""},"categories":[2814],"tags":[17,1111,11,4110,7229,1777,674,1011,27,151,884,12,5912,5536,316,471,882,25,9548],"class_list":{"0":"post-122228","1":"post","2":"type-post","3":"status-publish","4":"format-standard","5":"has-post-thumbnail","7":"category-marseille","8":"tag-17","9":"tag-actu","10":"tag-actualites","11":"tag-castellane","12":"tag-degradations","13":"tag-eu","14":"tag-europe","15":"tag-fr","16":"tag-france","17":"tag-les","18":"tag-marseille","19":"tag-news","20":"tag-par","21":"tag-place","22":"tag-politique","23":"tag-pour","24":"tag-provence-alpes-cote-dazur","25":"tag-republique-francaise","26":"tag-taxis"},"share_on_mastodon":{"url":"https:\/\/pubeurope.com\/@fr\/114557744819709683","error":""},"_links":{"self":[{"href":"https:\/\/www.europesays.com\/fr\/wp-json\/wp\/v2\/posts\/122228","targetHints":{"allow":["GET"]}}],"collection":[{"href":"https:\/\/www.europesays.com\/fr\/wp-json\/wp\/v2\/posts"}],"about":[{"href":"https:\/\/www.europesays.com\/fr\/wp-json\/wp\/v2\/types\/post"}],"author":[{"embeddable":true,"href":"https:\/\/www.europesays.com\/fr\/wp-json\/wp\/v2\/users\/2"}],"replies":[{"embeddable":true,"href":"https:\/\/www.europesays.com\/fr\/wp-json\/wp\/v2\/comments?post=122228"}],"version-history":[{"count":0,"href":"https:\/\/www.europesays.com\/fr\/wp-json\/wp\/v2\/posts\/122228\/revisions"}],"wp:featuredmedia":[{"embeddable":true,"href":"https:\/\/www.europesays.com\/fr\/wp-json\/wp\/v2\/media\/122229"}],"wp:attachment":[{"href":"https:\/\/www.europesays.com\/fr\/wp-json\/wp\/v2\/media?parent=122228"}],"wp:term":[{"taxonomy":"category","embeddable":true,"href":"https:\/\/www.europesays.com\/fr\/wp-json\/wp\/v2\/categories?post=122228"},{"taxonomy":"post_tag","embeddable":true,"href":"https:\/\/www.europesays.com\/fr\/wp-json\/wp\/v2\/tags?post=122228"}],"curies":[{"name":"wp","href":"https:\/\/api.w.org\/{rel}","templated":true}]}}