{"id":122230,"date":"2025-05-23T15:00:08","date_gmt":"2025-05-23T15:00:08","guid":{"rendered":"https:\/\/www.europesays.com\/fr\/122230\/"},"modified":"2025-05-23T15:00:08","modified_gmt":"2025-05-23T15:00:08","slug":"marseille-3-ans-de-privation-des-droits-civiques-requis-contre-un-elu-ps-pour-des-violences-contre-des-militants-lfi","status":"publish","type":"post","link":"https:\/\/www.europesays.com\/fr\/122230\/","title":{"rendered":"Marseille\u00a0: 3\u00a0ans de privation des droits civiques requis contre un \u00e9lu PS pour des violences contre des militants LFI"},"content":{"rendered":"<p class=\"paragraph text_align_left\">Un d\u00e9cha\u00eenement de coups pour des affiches arrach\u00e9es\u2026 Deux ans de prison avec sursis et trois ans de privation des droits civiques ont \u00e9t\u00e9 requis ce jeudi par le parquet de Marseille contre S\u00e9bastien Jibrayel, adjoint au sport \u00e0 la mairie de Marseille, suspendu depuis de sa d\u00e9l\u00e9gation, pour \u00ab violences en r\u00e9union \u00bb. 18 mois avec sursis contre son p\u00e8re Henri, ancien d\u00e9put\u00e9 PS, ont \u00e9galement \u00e9t\u00e9 requis pour les m\u00eames faits : <a href=\"https:\/\/www.leparisien.fr\/faits-divers\/un-adjoint-au-maire-de-marseille-en-garde-a-vue-pour-violence-presumee-contre-des-militants-lfi-11-03-2025-HJHQJFCD5RAHLPPDE34U7QTWIA.php\" target=\"_self\" rel=\"nofollow noopener\">des heurts avec de jeunes colleurs d\u2019affiches de LFI le 18 janvier<\/a> dernier dans le XVIe arrondissement de la cit\u00e9 phoc\u00e9enne.<\/p>\n<p class=\"paragraph text_align_left\">La justice reproche aux pr\u00e9venus d\u2019avoir particip\u00e9 \u00e0 une rixe avec des adversaires politiques de la France insoumise, en incitant \u00e0 la violence, ce que les deux hommes ont ni\u00e9. \u00ab Des faits extr\u00eamement graves pour des \u00e9lus \u00bb selon le minist\u00e8re public.<\/p>\n","protected":false},"excerpt":{"rendered":"Un d\u00e9cha\u00eenement de coups pour des affiches arrach\u00e9es\u2026 Deux ans de prison avec sursis et trois ans de&hellip;\n","protected":false},"author":2,"featured_media":122231,"comment_status":"","ping_status":"","sticky":false,"template":"","format":"standard","meta":{"footnotes":""},"categories":[2814],"tags":[1111,11,459,1777,674,118,1011,27,884,12,882,25],"class_list":{"0":"post-122230","1":"post","2":"type-post","3":"status-publish","4":"format-standard","5":"has-post-thumbnail","7":"category-marseille","8":"tag-actu","9":"tag-actualites","10":"tag-departements-horsidfo","11":"tag-eu","12":"tag-europe","13":"tag-faits-divers","14":"tag-fr","15":"tag-france","16":"tag-marseille","17":"tag-news","18":"tag-provence-alpes-cote-dazur","19":"tag-republique-francaise"},"share_on_mastodon":{"url":"https:\/\/pubeurope.com\/@fr\/114557748738441703","error":""},"_links":{"self":[{"href":"https:\/\/www.europesays.com\/fr\/wp-json\/wp\/v2\/posts\/122230","targetHints":{"allow":["GET"]}}],"collection":[{"href":"https:\/\/www.europesays.com\/fr\/wp-json\/wp\/v2\/posts"}],"about":[{"href":"https:\/\/www.europesays.com\/fr\/wp-json\/wp\/v2\/types\/post"}],"author":[{"embeddable":true,"href":"https:\/\/www.europesays.com\/fr\/wp-json\/wp\/v2\/users\/2"}],"replies":[{"embeddable":true,"href":"https:\/\/www.europesays.com\/fr\/wp-json\/wp\/v2\/comments?post=122230"}],"version-history":[{"count":0,"href":"https:\/\/www.europesays.com\/fr\/wp-json\/wp\/v2\/posts\/122230\/revisions"}],"wp:featuredmedia":[{"embeddable":true,"href":"https:\/\/www.europesays.com\/fr\/wp-json\/wp\/v2\/media\/122231"}],"wp:attachment":[{"href":"https:\/\/www.europesays.com\/fr\/wp-json\/wp\/v2\/media?parent=122230"}],"wp:term":[{"taxonomy":"category","embeddable":true,"href":"https:\/\/www.europesays.com\/fr\/wp-json\/wp\/v2\/categories?post=122230"},{"taxonomy":"post_tag","embeddable":true,"href":"https:\/\/www.europesays.com\/fr\/wp-json\/wp\/v2\/tags?post=122230"}],"curies":[{"name":"wp","href":"https:\/\/api.w.org\/{rel}","templated":true}]}}