{"id":122234,"date":"2025-05-23T15:02:10","date_gmt":"2025-05-23T15:02:10","guid":{"rendered":"https:\/\/www.europesays.com\/fr\/122234\/"},"modified":"2025-05-23T15:02:10","modified_gmt":"2025-05-23T15:02:10","slug":"lyon-une-marche-de-ramassage-des-dechets-sauvages-ce-samedi-a-lyon","status":"publish","type":"post","link":"https:\/\/www.europesays.com\/fr\/122234\/","title":{"rendered":"Lyon. Une marche de ramassage des d\u00e9chets sauvages ce samedi \u00e0 Lyon"},"content":{"rendered":"<p>La Matmut, en collaboration avec <a href=\"https:\/\/www.leprogres.fr\/environnement\/2022\/05\/27\/wings-of-the-ocean-une-asso-de-plus-a-lyon-specialisee-dans-la-depollution\" target=\"_blank\" rel=\"noopener\">l\u2019association Wings of the Ocean<\/a>, organise ce samedi apr\u00e8s-midi une marche de ramassage des d\u00e9chets sauvages ouverte au grand public, au parc Br\u00e9tillod, dans le 6e\u00a0 arrondissement de Lyon.<\/p>\n<p>  Le mat\u00e9riel fourni<\/p>\n<p>Les participants n\u2019auront pas \u00e0 se soucier du mat\u00e9riel, une distribution de l\u2019\u00e9quipement est pr\u00e9vue par l\u2019organisation\u00a0: gants, sacs-poubelle, pinces et gilets de pr\u00e9vention.<\/p>\n<p>Au programme de cette demi-journ\u00e9e, outre le ramassage des d\u00e9chets, un jeu collectif de d\u00e9fis \u00e0 relever sera organis\u00e9, ainsi qu\u2019une sensibilisation au tri s\u00e9lectif.<\/p>\n<p class=\"note\">Samedi 24\u00a0mai \u00e0 Lyon de 14\u00a0h \u00e0 17\u00a0h, au parc du Br\u00e9tillod (Lyon 6e). Inscription pr\u00e9alable obligatoire\u00a0<a href=\"https:\/\/www.matmut.fr\/groupe-matmut\/lagenda\/2025\/cleanwalks-2025.html\" target=\"_blank\" rel=\"noopener\">sur le site de la Matmut<\/a>.<\/p>\n","protected":false},"excerpt":{"rendered":"La Matmut, en collaboration avec l\u2019association Wings of the Ocean, organise ce samedi apr\u00e8s-midi une marche de ramassage&hellip;\n","protected":false},"author":2,"featured_media":122235,"comment_status":"","ping_status":"","sticky":false,"template":"","format":"standard","meta":{"footnotes":""},"categories":[1889],"tags":[1111,11,2430,2757,436,1777,674,1011,27,2428,2756,12,1800,25,2429],"class_list":{"0":"post-122234","1":"post","2":"type-post","3":"status-publish","4":"format-standard","5":"has-post-thumbnail","7":"category-lyon","8":"tag-actu","9":"tag-actualites","10":"tag-auvergne-rhone-alpes","11":"tag-edition-lyon-villeurbanne","12":"tag-environnement","13":"tag-eu","14":"tag-europe","15":"tag-fr","16":"tag-france","17":"tag-lyon","18":"tag-lyon-bassin","19":"tag-news","20":"tag-pollution","21":"tag-republique-francaise","22":"tag-rhone"},"share_on_mastodon":{"url":"https:\/\/pubeurope.com\/@fr\/114557756587766277","error":""},"_links":{"self":[{"href":"https:\/\/www.europesays.com\/fr\/wp-json\/wp\/v2\/posts\/122234","targetHints":{"allow":["GET"]}}],"collection":[{"href":"https:\/\/www.europesays.com\/fr\/wp-json\/wp\/v2\/posts"}],"about":[{"href":"https:\/\/www.europesays.com\/fr\/wp-json\/wp\/v2\/types\/post"}],"author":[{"embeddable":true,"href":"https:\/\/www.europesays.com\/fr\/wp-json\/wp\/v2\/users\/2"}],"replies":[{"embeddable":true,"href":"https:\/\/www.europesays.com\/fr\/wp-json\/wp\/v2\/comments?post=122234"}],"version-history":[{"count":0,"href":"https:\/\/www.europesays.com\/fr\/wp-json\/wp\/v2\/posts\/122234\/revisions"}],"wp:featuredmedia":[{"embeddable":true,"href":"https:\/\/www.europesays.com\/fr\/wp-json\/wp\/v2\/media\/122235"}],"wp:attachment":[{"href":"https:\/\/www.europesays.com\/fr\/wp-json\/wp\/v2\/media?parent=122234"}],"wp:term":[{"taxonomy":"category","embeddable":true,"href":"https:\/\/www.europesays.com\/fr\/wp-json\/wp\/v2\/categories?post=122234"},{"taxonomy":"post_tag","embeddable":true,"href":"https:\/\/www.europesays.com\/fr\/wp-json\/wp\/v2\/tags?post=122234"}],"curies":[{"name":"wp","href":"https:\/\/api.w.org\/{rel}","templated":true}]}}