{"id":122246,"date":"2025-05-23T15:08:08","date_gmt":"2025-05-23T15:08:08","guid":{"rendered":"https:\/\/www.europesays.com\/fr\/122246\/"},"modified":"2025-05-23T15:08:08","modified_gmt":"2025-05-23T15:08:08","slug":"la-mairie-de-paris-sera-jugee-du-20-octobre-au-7-decembre-2026","status":"publish","type":"post","link":"https:\/\/www.europesays.com\/fr\/122246\/","title":{"rendered":"la mairie de Paris sera jug\u00e9e du 20 octobre au 7 d\u00e9cembre 2026"},"content":{"rendered":"<p>La ville et le syndic de copropri\u00e9t\u00e9 compara\u00eetront \u00e0 Paris pour homicides et blessures involontaires, ainsi que pour \u00abdestruction, d\u00e9gradation ou d\u00e9t\u00e9rioration par l\u2019effet d\u2019une explosion ou d\u2019un incendie de biens immobiliers ou mobiliers\u00bb.<\/p>\n<p class=\"fig-paragraph\"><a href=\"http:\/\/www.lefigaro.fr\/conjoncture\/vegetaliser-et-pietonniser-500-nouvelles-rues-en-3-ans-le-defi-tres-onereux-de-la-ville-de-paris-20250322\" target=\"_blank\" data-fig-type=\"NewsFlash\" rel=\"noopener\" data-gtm-custom-categorie=\"navigation\" data-gtm-custom-action=\"crossclick\" data-gtm-custom-label=\"Contextuel\" data-gtm-event=\"customEventSPE\" data-fig-domain=\"LEFIGARO\">La mairie de Paris<\/a>\u00a0sera jug\u00e9e du 20 octobre au 7 d\u00e9cembre 2026 devant le tribunal correctionnel pour\u00a0<a href=\"http:\/\/www.lefigaro.fr\/flash-eco\/explosion-rue-de-trevise-les-habitants-pourront-regagner-leur-logement-a-partir-de-novembre-20240823\" data-fig-type=\"NewsFlash\" data-gtm-custom-categorie=\"navigation\" data-gtm-custom-action=\"crossclick\" data-gtm-custom-label=\"Contextuel\" data-gtm-event=\"customEventSPE\" data-fig-domain=\"LEFIGARO\" target=\"_blank\" rel=\"noopener\">l&rsquo;explosion de la rue de Tr\u00e9vise<\/a>, qui avait fait quatre morts et plus de 200 bless\u00e9s en janvier 2019, a-t-il \u00e9t\u00e9 d\u00e9cid\u00e9 ce vendredi lors d&rsquo;une audience de proc\u00e9dure. La ville et le syndic de copropri\u00e9t\u00e9 compara\u00eetront \u00e0 Paris pour homicides et blessures involontaires, ainsi que pour \u00abdestruction, d\u00e9gradation ou d\u00e9t\u00e9rioration par l&rsquo;effet d&rsquo;une explosion ou d&rsquo;un incendie de biens immobiliers ou mobiliers\u00bb.<\/p>\n<p class=\"fig-paragraph\">Avant que le tribunal ne pr\u00e9cise ces dates, les avocats de la Ville de Paris avaient plaid\u00e9 pour que le proc\u00e8s n\u2019interf\u00e8re pas avec les \u00e9lections municipales pr\u00e9vues en mars 2026 alors qu\u2019il avait \u00e9t\u00e9 envisag\u00e9 une audience durant la p\u00e9riode \u00e9lectorale. \u00ab<a href=\"https:\/\/www.lefigaro.fr\/politique\/rachida-dati-un-ralliement-qui-rebat-les-cartes-a-paris-et-lance-la-campagne-municipale-2026-20240112\" target=\"_blank\" data-fig-type=\"Article\" rel=\"noopener\" data-gtm-custom-categorie=\"navigation\" data-gtm-custom-action=\"crossclick\" data-gtm-custom-label=\"Contextuel\" data-gtm-event=\"customEventSPE\" data-fig-domain=\"LEFIGARO\">La campagne municipale<\/a> \u00a0pourrait alt\u00e9rer les d\u00e9bats. Il y a un risque de r\u00e9cup\u00e9ration politique\u00bb, a mis en garde Me Sabrina Goldman tandis que son confr\u00e8re Patrick Klugman a assur\u00e9 que \u00abla Ville de Paris ne se d\u00e9robe pas\u00bb mais n\u2019a pas envie d\u2019un \u00abproc\u00e8s saccag\u00e9\u00bb par la campagne. \u00c0 l\u2019annonce des dates, les parties civiles qui craignaient un report du proc\u00e8s \u00abaux calendes grecques\u00bb affichaient une certaine satisfaction.<\/p>\n<p class=\"fig-body-link\">\n            \u00c0 lire aussi<br \/>\n        <a class=\"fig-body-link__link fig-premium-mark\" href=\"http:\/\/www.lefigaro.fr\/actualite-france\/je-n-ai-plus-peur-pres-de-six-ans-apres-l-explosion-de-la-rue-de-trevise-les-premiers-habitants-reemmenagent-chez-eux-20241101\" data-fig-type=\"Article\" data-gtm-custom-categorie=\"navigation\" data-gtm-custom-action=\"crossclick\" data-gtm-custom-label=\"Contextuel\" data-gtm-event=\"customEventSPE\" data-fig-domain=\"LEFIGARO\" target=\"_blank\" rel=\"noopener\">\u00abJe n\u2019ai plus peur\u00bb\u00a0: pr\u00e8s de six ans apr\u00e8s l\u2019explosion de la rue de Tr\u00e9vise, les premiers habitants r\u00e9emm\u00e9nagent chez eux<br \/>\n    <\/a>\n<\/p>\n<p>Un \u00abscandale sans nom\u00bb<\/p>\n<p class=\"fig-paragraph\">L\u2019association des Victimes et rescap\u00e9s de l\u2019explosion de la rue de Tr\u00e9vise (VRET) a de son c\u00f4t\u00e9 d\u00e9nonc\u00e9 un \u00abscandale sans nom\u00bb. \u00abLa mairie de Paris a fait des pieds et des mains pour demander le report apr\u00e8s les municipales et la justice a valid\u00e9 sa demande. Elle est o\u00f9 la place des victimes?\u00bb, s\u2019est insurg\u00e9e sa pr\u00e9sidente, Linda Zaourar. \u00abLe minist\u00e8re public tient \u00e0 ce que ce proc\u00e8s se tienne en 2026\u00bb, avait demand\u00e9 le procureur, Nicolas Hennebelle.<\/p>\n<p class=\"fig-paragraph\">Le matin du 12 janvier 2019, rue de Tr\u00e9vise dans\u00a0<a href=\"https:\/\/www.lefigaro.fr\/sortir-paris\/2018\/11\/21\/30004-20181121ARTFIG00065-culture-la-mairie-du-ixe-arrondissement-de-paris-au-banc-d-essai.php\" target=\"_blank\" data-fig-type=\"Article\" rel=\"noopener\" data-gtm-custom-categorie=\"navigation\" data-gtm-custom-action=\"crossclick\" data-gtm-custom-label=\"Contextuel\" data-gtm-event=\"customEventSPE\" data-fig-domain=\"LEFIGARO\">le IXe arrondissement<\/a>, une explosion a tu\u00e9 quatre personnes, dont deux pompiers, bless\u00e9 plus de 200 personnes et fait environ 400 sinistr\u00e9s. L\u2019information judiciaire a mis en \u00e9vidence des \u00abfautes d\u2019imprudence et de n\u00e9gligence de la Ville de Paris\u00bb, qui n\u2019a pas diligent\u00e9 \u00ables investigations n\u00e9cessaires pour rechercher les causes de l\u2019affaissement du trottoir\u00bb, ont not\u00e9 les juges d\u2019instruction dans leur ordonnance.<\/p>\n<p class=\"fig-paragraph\">Cet affaissement avait entra\u00een\u00e9 la \u00abrupture brutale\u00bb d\u2019une canalisation de gaz \u00e0 l\u2019origine de l\u2019explosion. De son c\u00f4t\u00e9, le syndic de copropri\u00e9t\u00e9 a tard\u00e9 \u00ab\u00e0 faire proc\u00e9der \u00e0 la r\u00e9paration du collecteur d\u2019eaux us\u00e9es de l\u2019immeuble\u00bb alors qu\u2019il \u00e9tait inform\u00e9 \u00abd\u00e8s le 25 novembre 2015\u00bb d\u2019une fuite, est-il soulign\u00e9.<\/p>\n","protected":false},"excerpt":{"rendered":"La ville et le syndic de copropri\u00e9t\u00e9 compara\u00eetront \u00e0 Paris pour homicides et blessures involontaires, ainsi que pour&hellip;\n","protected":false},"author":2,"featured_media":122247,"comment_status":"","ping_status":"","sticky":false,"template":"","format":"standard","meta":{"footnotes":""},"categories":[1888],"tags":[119,11,3694,271,2951,3695,1777,674,3696,2688,118,1011,27,2825,1253,303,12,626,1072,2694,25,2949],"class_list":{"0":"post-122246","1":"post","2":"type-post","3":"status-publish","4":"format-standard","5":"has-post-thumbnail","7":"category-paris","8":"tag-accident","9":"tag-actualites","10":"tag-affaires","11":"tag-crime","12":"tag-criminalite","13":"tag-enquetes","14":"tag-eu","15":"tag-europe","16":"tag-evenements","17":"tag-explosion","18":"tag-faits-divers","19":"tag-fr","20":"tag-france","21":"tag-insecurite","22":"tag-islamisme","23":"tag-justice","24":"tag-news","25":"tag-paris","26":"tag-police","27":"tag-proces","28":"tag-republique-francaise","29":"tag-violences"},"share_on_mastodon":{"url":"https:\/\/pubeurope.com\/@fr\/114557780186994221","error":""},"_links":{"self":[{"href":"https:\/\/www.europesays.com\/fr\/wp-json\/wp\/v2\/posts\/122246","targetHints":{"allow":["GET"]}}],"collection":[{"href":"https:\/\/www.europesays.com\/fr\/wp-json\/wp\/v2\/posts"}],"about":[{"href":"https:\/\/www.europesays.com\/fr\/wp-json\/wp\/v2\/types\/post"}],"author":[{"embeddable":true,"href":"https:\/\/www.europesays.com\/fr\/wp-json\/wp\/v2\/users\/2"}],"replies":[{"embeddable":true,"href":"https:\/\/www.europesays.com\/fr\/wp-json\/wp\/v2\/comments?post=122246"}],"version-history":[{"count":0,"href":"https:\/\/www.europesays.com\/fr\/wp-json\/wp\/v2\/posts\/122246\/revisions"}],"wp:featuredmedia":[{"embeddable":true,"href":"https:\/\/www.europesays.com\/fr\/wp-json\/wp\/v2\/media\/122247"}],"wp:attachment":[{"href":"https:\/\/www.europesays.com\/fr\/wp-json\/wp\/v2\/media?parent=122246"}],"wp:term":[{"taxonomy":"category","embeddable":true,"href":"https:\/\/www.europesays.com\/fr\/wp-json\/wp\/v2\/categories?post=122246"},{"taxonomy":"post_tag","embeddable":true,"href":"https:\/\/www.europesays.com\/fr\/wp-json\/wp\/v2\/tags?post=122246"}],"curies":[{"name":"wp","href":"https:\/\/api.w.org\/{rel}","templated":true}]}}