{"id":12225,"date":"2025-04-09T09:06:08","date_gmt":"2025-04-09T09:06:08","guid":{"rendered":"https:\/\/www.europesays.com\/fr\/12225\/"},"modified":"2025-04-09T09:06:08","modified_gmt":"2025-04-09T09:06:08","slug":"juliette-binoche-nina-meurisse-sara-forestier-comment-sandrine-rousseau-a-invite-metoo-a-lassemblee","status":"publish","type":"post","link":"https:\/\/www.europesays.com\/fr\/12225\/","title":{"rendered":"Juliette Binoche, Nina Meurisse, Sara Forestier\u2026 Comment Sandrine Rousseau a invit\u00e9 Metoo \u00e0 l\u2019Assembl\u00e9e"},"content":{"rendered":"<p>Apr\u00e8s des mois d\u2019auditions, la commission d\u2019enqu\u00eate pr\u00e9sid\u00e9e par la d\u00e9put\u00e9e \u00e9cologiste d\u00e9livre ses recommandations pour lutter contre les violences dans les secteurs culturels.<\/p>\n<p class=\"fig-paragraph\">Cinq mois de travaux, 90 auditions et plus de 400 personnes entendues. La\u00a0<a href=\"http:\/\/www.lefigaro.fr\/cinema\/metoo-la-commission-d-enquete-parlementaire-promet-des-solutions-concretes-pour-novembre-20240515\" data-fig-type=\"NewsFlash\" data-gtm-custom-categorie=\"navigation\" data-gtm-custom-action=\"crossclick\" data-gtm-custom-label=\"Contextuel\" data-gtm-event=\"customEventSPE\" data-fig-domain=\"LEFIGARO\" target=\"_blank\" rel=\"noopener\">commission parlementaire<\/a>\u00a0relative aux violences commises dans les secteurs du cin\u00e9ma, de l\u2019audiovisuel, du spectacle vivant, de la mode et de la publicit\u00e9 remet son rapport mercredi 9 avril. 279 pages de synth\u00e8se et de recommandations dans laquelle le cin\u00e9ma se taille la part du lion, \u00e0 l\u2019aune de la d\u00e9flagration Metoo dans le secteur depuis octobre 2017, et surtout en France depuis 2024 et les accusations de viol \u00e0 l\u2019encontre des r\u00e9alisateurs\u00a0<a href=\"http:\/\/www.lefigaro.fr\/faits-divers\/le-parquet-requiert-l-inculpation-du-cineaste-benoit-jacquot-pour-viol-sur-julia-roy-et-sur-isild-le-besco-20240703\" data-fig-type=\"NewsFlash\" data-gtm-custom-categorie=\"navigation\" data-gtm-custom-action=\"crossclick\" data-gtm-custom-label=\"Contextuel\" data-gtm-event=\"customEventSPE\" data-fig-domain=\"LEFIGARO\" target=\"_blank\" rel=\"noopener\">Beno\u00eet Jacquot<\/a>\u00a0et\u00a0<a href=\"http:\/\/www.lefigaro.fr\/actualite-france\/accusations-de-viols-le-cineaste-jacques-doillon-place-sous-le-statut-de-temoin-assiste-20241206\" data-fig-type=\"NewsFlash\" data-gtm-custom-categorie=\"navigation\" data-gtm-custom-action=\"crossclick\" data-gtm-custom-label=\"Contextuel\" data-gtm-event=\"customEventSPE\" data-fig-domain=\"LEFIGARO\" target=\"_blank\" rel=\"noopener\">Jacques Doillon<\/a>\u00a0par\u00a0<a href=\"http:\/\/www.lefigaro.fr\/culture\/violences-sexuelles-judith-godreche-affirme-avoir-recu-un-avis-prealable-de-mise-en-examen-pour-diffamation-20241120\" data-fig-type=\"NewsFlash\" data-gtm-custom-categorie=\"navigation\" data-gtm-custom-action=\"crossclick\" data-gtm-custom-label=\"Contextuel\" data-gtm-event=\"customEventSPE\" data-fig-domain=\"LEFIGARO\" target=\"_blank\" rel=\"noopener\">Judith Godr\u00e8che<\/a>.<\/p>\n<p class=\"fig-paragraph\">\u00ab\u00a0Les violences morales, sexistes et sexuelles dans le monde de la culture sont syst\u00e9miques, end\u00e9miques et persistantes\u00a0\u00bb, \u00e9crit la pr\u00e9sidente de la commission, l\u2019\u00e9cologiste\u00a0<a href=\"http:\/\/www.lefigaro.fr\/secteur\/high-tech\/sandrine-rousseau-invite-les-deputes-de-gauche-a-quitter-le-reseau-social-x-20250112\" data-fig-type=\"NewsFlash\" data-gtm-custom-categorie=\"navigation\" data-gtm-custom-action=\"crossclick\" data-gtm-custom-label=\"Contextuel\" data-gtm-event=\"customEventSPE\" data-fig-domain=\"LEFIGARO\" target=\"_blank\" rel=\"noopener\">Sandrine Rousseau<\/a>, dans un rapport au vitriol qui d\u00e9nonce \u00ab une machine \u00e0 broyer les talents\u00a0\u00bb. Parmi les 86\u00a0recommandations, les principales entendent renforcer la protection des mineurs, en interdisant leur \u00absexualisation\u00bb \u00e0 l\u2019\u00e9cran, en r\u00e9glementant\u2026<\/p>\n<p class=\"fig-premium-paywall__infos\">\n        Cet article est r\u00e9serv\u00e9 aux abonn\u00e9s.        Il vous reste 87% \u00e0 d\u00e9couvrir.\n    <\/p>\n<p>                <img  data- alt=\"Le Figaro\" class=\"fig-img--complete fig-img\"\/><\/p>\n<p class=\"fig-premium-paywall__title\">Vous avez envie de lire la suite ?<\/p>\n<p class=\"fig-premium-paywall__subtitle\">D\u00e9bloquez tous les articles imm\u00e9diatement.<\/p>\n<p class=\"fig-premium-paywall__connect\">\n                D\u00e9j\u00e0 abonn\u00e9\u00a0?                <a class=\"fig-premium-paywall__connect-link\" href=\"https:\/\/connect.lefigaro.fr\/login?client=horizon_web&amp;type=main&amp;redirect_uri=https%3A%2F%2Fwww.lefigaro.fr%2Fcinema%2Fjuliette-binoche-nina-meurisse-sara-forestier-comment-sandrine-rousseau-a-invite-metoo-a-l-assemblee-20250409\" data-js-gtm=\"{&quot;customCategorie&quot;: &quot;conversion&quot;, &quot;customAction&quot;: &quot;before_Landing_Connexion_paywall_auto&quot;, &quot;customLabel&quot;: &quot;bGVmaWdhcm8uZnJfXzFmMDE0OTNkLTVhZDgtNjUwOC04NzdkLTQxNTZjOTRkNmZiMF9fQXJ0aWNsZQ==_Juliette Binoche, Nina Meurisse, Sara Forestier\u2026 Comment Sandrine Rousseau a invit\u00e9 Metoo \u00e0 l\u2019Assembl\u00e9e_425&quot;, &quot;customIDSPE&quot;: &quot;bGVmaWdhcm8uZnJfXzFmMDE0OTNkLTVhZDgtNjUwOC04NzdkLTQxNTZjOTRkNmZiMF9fQXJ0aWNsZQ==&quot;, &quot;event&quot;: &quot;customEventSPE&quot;}\" target=\"_blank\" rel=\"noopener\"><br \/>\n                    Connectez-vous<br \/>\n                <\/a>\n            <\/p>\n","protected":false},"excerpt":{"rendered":"Apr\u00e8s des mois d\u2019auditions, la commission d\u2019enqu\u00eate pr\u00e9sid\u00e9e par la d\u00e9put\u00e9e \u00e9cologiste d\u00e9livre ses recommandations pour lutter contre&hellip;\n","protected":false},"author":2,"featured_media":12226,"comment_status":"","ping_status":"","sticky":false,"template":"","format":"standard","meta":{"footnotes":""},"categories":[8],"tags":[2084,5685,2083,2080,650,58,59,2081,1346,1011,27,5684,218,4358,5683,5686,2082,4360],"class_list":{"0":"post-12225","1":"post","2":"type-post","3":"status-publish","4":"format-standard","5":"has-post-thumbnail","7":"category-divertissement","8":"tag-affiche","9":"tag-anna-mouglalis","10":"tag-bandes-annonces","11":"tag-box-office","12":"tag-cinema","13":"tag-divertissement","14":"tag-entertainment","15":"tag-film","16":"tag-films","17":"tag-fr","18":"tag-france","19":"tag-gilles-lellouche","20":"tag-jean-dujardin","21":"tag-judith-godreche","22":"tag-juliette-binoche","23":"tag-metoo","24":"tag-salles","25":"tag-sara-forestier"},"share_on_mastodon":{"url":"https:\/\/pubeurope.com\/@fr\/114307215075995813","error":""},"_links":{"self":[{"href":"https:\/\/www.europesays.com\/fr\/wp-json\/wp\/v2\/posts\/12225","targetHints":{"allow":["GET"]}}],"collection":[{"href":"https:\/\/www.europesays.com\/fr\/wp-json\/wp\/v2\/posts"}],"about":[{"href":"https:\/\/www.europesays.com\/fr\/wp-json\/wp\/v2\/types\/post"}],"author":[{"embeddable":true,"href":"https:\/\/www.europesays.com\/fr\/wp-json\/wp\/v2\/users\/2"}],"replies":[{"embeddable":true,"href":"https:\/\/www.europesays.com\/fr\/wp-json\/wp\/v2\/comments?post=12225"}],"version-history":[{"count":0,"href":"https:\/\/www.europesays.com\/fr\/wp-json\/wp\/v2\/posts\/12225\/revisions"}],"wp:featuredmedia":[{"embeddable":true,"href":"https:\/\/www.europesays.com\/fr\/wp-json\/wp\/v2\/media\/12226"}],"wp:attachment":[{"href":"https:\/\/www.europesays.com\/fr\/wp-json\/wp\/v2\/media?parent=12225"}],"wp:term":[{"taxonomy":"category","embeddable":true,"href":"https:\/\/www.europesays.com\/fr\/wp-json\/wp\/v2\/categories?post=12225"},{"taxonomy":"post_tag","embeddable":true,"href":"https:\/\/www.europesays.com\/fr\/wp-json\/wp\/v2\/tags?post=12225"}],"curies":[{"name":"wp","href":"https:\/\/api.w.org\/{rel}","templated":true}]}}