{"id":122265,"date":"2025-05-23T15:18:15","date_gmt":"2025-05-23T15:18:15","guid":{"rendered":"https:\/\/www.europesays.com\/fr\/122265\/"},"modified":"2025-05-23T15:18:15","modified_gmt":"2025-05-23T15:18:15","slug":"si-quelquun-nest-pas-concentre-je-ne-le-ferai-pas-jouer-previent-luis-enrique-avant-psg-reims","status":"publish","type":"post","link":"https:\/\/www.europesays.com\/fr\/122265\/","title":{"rendered":"\u00abSi quelqu\u2019un n\u2019est pas concentr\u00e9, je ne le ferai pas jouer\u00bb, pr\u00e9vient Luis Enrique avant PSG-Reims"},"content":{"rendered":"<p>Le coach espagnol de 55 ans fait le point ce vendredi, en conf\u00e9rence de presse, \u00e0 la veille de la finale de Coupe de France entre \u00abson\u00bb PSG et Reims samedi, \u00e0 Saint-Denis.<\/p>\n<p class=\"fig-paragraph\">Le sprint final. Une semaine avant\u00a0<a href=\"http:\/\/www.lefigaro.fr\/sports\/football\/ligue-des-champions\/psg-arsenal-il-reste-un-match-pour-ecrire-l-histoire-les-parisiens-deja-tournes-vers-l-inter-milan-et-la-finale-20250508\" data-fig-type=\"NewsFlash\" data-gtm-custom-categorie=\"navigation\" data-gtm-custom-action=\"crossclick\" data-gtm-custom-label=\"Contextuel\" data-gtm-event=\"customEventSPE\" data-fig-domain=\"LEFIGARO\" rel=\"nofollow noopener\" target=\"_blank\">la finale de Ligue des champions face \u00e0 l\u2019Inter Milan<\/a>, le 31 mai, \u00e0 Munich, le PSG d\u00e9fie Reims ce samedi (21h, beIN SPORTS et France 2), au Stade de France, en finale de la Coupe de France. Un duel qui appara\u00eet, sur le papier, d\u00e9s\u00e9quilibr\u00e9 entre\u00a0<a href=\"http:\/\/www.lefigaro.fr\/sports\/football\/ligue-1\/ligue-1-le-psg-champion-attendu-et-frais-a-la-fois-20250405\" data-fig-type=\"NewsFlash\" data-gtm-custom-categorie=\"navigation\" data-gtm-custom-action=\"crossclick\" data-gtm-custom-label=\"Contextuel\" data-gtm-event=\"customEventSPE\" data-fig-domain=\"LEFIGARO\" rel=\"nofollow noopener\" target=\"_blank\">les champions de France parisiens<\/a>\u00a0et une \u00e9quipe r\u00e9moise qui a termin\u00e9 \u00e0 la 16e place\u00a0<a href=\"https:\/\/www.lefigaro.fr\/sports\/football\/ligue-1\/classement\" target=\"_blank\" rel=\"noopener nofollow\" data-gtm-custom-categorie=\"navigation\" data-gtm-custom-action=\"crossclick\" data-gtm-custom-label=\"Contextuel\" data-gtm-event=\"customEventSPE\">au classement de Ligue 1<\/a>. Et encore plus quand on sait que le \u00abSDR\u00bb joue sa survie au sein de l\u2019\u00e9lite dans un barrage contre le FC Metz. Apr\u00e8s\u00a0<a href=\"http:\/\/www.lefigaro.fr\/sports\/football\/ligue-1\/metz-reims-le-roc-cedric-kipre-le-choix-douteux-des-supporters-remois-les-tops-et-les-flops-20250521\" data-fig-type=\"NewsFlash\" data-gtm-custom-categorie=\"navigation\" data-gtm-custom-action=\"crossclick\" data-gtm-custom-label=\"Contextuel\" data-gtm-event=\"customEventSPE\" data-fig-domain=\"LEFIGARO\" rel=\"nofollow noopener\" target=\"_blank\">le nul 1-1 \u00e0 Saint-Symphorien<\/a>\u00a0mercredi, \u00e0 l\u2019aller, les deux \u00e9quipes ont rendez-vous jeudi, \u00e0 Auguste-Delaune, pour la deuxi\u00e8me manche. Pour Paris et Luis Enrique, cette finale n\u2019en reste pas moins une r\u00e9p\u00e9tition g\u00e9n\u00e9rale en vue de la C1.<\/p>\n<p class=\"fig-paragraph\"><strong>La prolongation de\u00a0<\/strong><a href=\"http:\/\/www.lefigaro.fr\/sports\/football\/ligue-1-luis-campos-devrait-poursuivre-son-aventure-avec-le-psg-20250522\" data-fig-type=\"NewsFlash\" data-gtm-custom-categorie=\"navigation\" data-gtm-custom-action=\"crossclick\" data-gtm-custom-label=\"Contextuel\" data-gtm-event=\"customEventSPE\" data-fig-domain=\"LEFIGARO\" rel=\"nofollow noopener\" target=\"_blank\"><strong>Luis Campos jusqu\u2019en 2030<\/strong><\/a> \u00a0: \u00abC\u2019est la meilleure nouvelle possible. En plus, c\u2019est une prolongation de longue dur\u00e9e. Je suis tr\u00e8s content. J\u2019ai eu de bonnes relations avec mes directeurs sportifs au cours de ma carri\u00e8re, mais j\u2019ai senti cette connexion avec lui d\u00e8s le premier jour, je me suis toujours senti soutenu, c\u2019est l\u2019un des meilleurs sinon le meilleur. Je suis content pour lui et le club, content qu\u2019on poursuive sur la m\u00eame id\u00e9e. C\u2019est maintenant le moment de continuer le travail.\u00bb<\/p>\n<blockquote class=\"fig-quote&#10;    \">\n<p class=\"fig-quote__text\">Il ne faut pas vendre la peau de l\u2019ours avant de l\u2019avoir tu\u00e9.<\/p>\n<p>            Luis Enrique\n    <\/p><\/blockquote>\n<p class=\"fig-paragraph\"><strong>Le tripl\u00e9 championnat, coupe nationale et Ligue des champions \u00e0 port\u00e9e de main pour le PSG<\/strong>\u00a0: \u00abIl ne faut pas vendre la peau de l\u2019ours avant de l\u2019avoir tu\u00e9. Depuis le premier jour, notre d\u00e9sir \u00e9tait de marquer l\u2019histoire, on sait ce que cela veut dire. Ce sont les 10 derniers jours de la saison, sans parler de la Coupe du monde des clubs cet \u00e9t\u00e9. On visait \u00e0 \u00eatre en position de gagner tous les titres. On l\u2019est. Il reste le moment le plus dur, mettre la cerise sur le g\u00e2teau. Pour ce qui est de marquer l\u2019histoire, c\u2019\u00e9tait l\u2019objectif depuis le d\u00e9but.\u00bb<\/p>\n<p class=\"fig-paragraph\"><strong>Garder la t\u00eate \u00e0 la Coupe de France sans penser \u00e0 la C1<\/strong>\u00a0: \u00abC\u2019est facile car tous les joueurs professionnels savent qu\u2019un match de coupe, c\u2019est toujours particulier, les d\u00e9tails comptent. Ce n\u2019est pas dur de rester concentr\u00e9 sur le match de demain (samedi) car c\u2019est le seul qu\u2019on peut contr\u00f4ler. Il n\u2019y aura aucun joueur d\u00e9concentr\u00e9 qui ne pensera pas qu\u2019au match de demain. (\u2026) Je n\u2019ai parl\u00e9 avec aucun joueur en particulier. Je n\u2019ai aucun doute sur le fait que la seule finale importante pour l\u2019instant, c\u2019est celle de demain. On sait o\u00f9 on est et o\u00f9 on veut aller. On est concentr\u00e9s sur cette finale, qui est importante, face \u00e0 Reims qui a obtenu deux nuls face \u00e0 nous cette saison en championnat, et face \u00e0 qui on n\u2019a remport\u00e9 qu\u2019un des six derniers matchs, avec cinq nuls. Si quelqu\u2019un n\u2019est pas concentr\u00e9, je ne le ferai pas jouer.\u00bb<\/p>\n<blockquote class=\"fig-quote&#10;    \">\n<p class=\"fig-quote__text\">On est prudents, tranquilles, il faut rester concentr\u00e9s sur ce qui nous a men\u00e9s jusque-l\u00e0, rester sur la m\u00eame lanc\u00e9e.<\/p>\n<p>            Luis Enrique\n    <\/p><\/blockquote>\n<p class=\"fig-paragraph\"><strong>Excitation avant les finales<\/strong>\u00a0: \u00abJe crois que mon premier match ici, c\u2019\u00e9tait un France-Espagne qu\u2019on a perdu 0-1 sur un but de Zidane. Qui aurait pu pr\u00e9voir que je serais de retour ici en tant qu\u2019entra\u00eeneur du PSG\u2026 On est prudents, tranquilles, il faut rester concentr\u00e9s sur ce qui nous a men\u00e9s jusque-l\u00e0, rester sur la m\u00eame lanc\u00e9e, avant d\u2019affronter deux adversaires qui ont les m\u00eames objectifs que nous.\u00bb<\/p>\n<p class=\"fig-paragraph\"><strong>Le point sur le groupe<\/strong>\u00a0: \u00abPhysiquement, on est au m\u00eame niveau que l\u2019an dernier. Ce sont les r\u00e9sultats qui donnent de la fra\u00eecheur. On a am\u00e9lior\u00e9 de nombreux aspects du jeu, \u00e7a donne donc cette impression qu\u2019on est plus frais. On a pu critiquer le turnover mais \u00e7a apporte beaucoup de choses positives. \u00c7a permet d\u2019arriver \u00e0 la fin de saison en bon \u00e9tat sur le plan physique. \u00c0 part Presnel Kimpembe, qui est sur le point de revenir, tout le monde est l\u00e0.\u00bb<\/p>\n<p class=\"fig-body-link\">\n            \u00c0 lire aussi<br \/>\n        <a class=\"fig-body-link__link\" href=\"http:\/\/www.lefigaro.fr\/sports\/football\/coupe-de-france\/coupe-de-france-luis-enrique-est-un-tres-grand-coach-il-a-montre-le-chemin-pour-en-arriver-la-s-enflamme-marquinhos-avant-psg-reims-20250523\" data-fig-type=\"NewsFlash\" data-gtm-custom-categorie=\"navigation\" data-gtm-custom-action=\"crossclick\" data-gtm-custom-label=\"Contextuel\" data-gtm-event=\"customEventSPE\" data-fig-domain=\"LEFIGARO\" rel=\"nofollow noopener\" target=\"_blank\">Coupe de France\u00a0: \u00abLuis Enrique est un tr\u00e8s grand coach, il a montr\u00e9 le chemin pour en arriver l\u00e0\u00bb, s\u2019enflamme Marquinhos avant PSG-Reims<br \/>\n    <\/a>\n<\/p>\n<p class=\"fig-paragraph\"><strong>Le calendrier et son importance en vue de la finale de C1, l\u2019Inter ayant d\u00fb batailler jusqu\u2019au bout en Serie A<\/strong>\u00a0: \u00ab\u00c7a peut conditionner la finale de C1 mais je ne saurais pas vous dire dans quel sens. Parfois, c\u2019est mieux d\u2019\u00eatre dans un championnat serr\u00e9 jusqu\u2019au bout, tu ne peux pas te rel\u00e2cher. Mais dans notre cas, on est champions depuis plusieurs semaines, on a d\u00fb parvenir \u00e0 rester concentr\u00e9s dans des matchs o\u00f9 la gestion des temps de jeu \u00e9tait plus importante que le r\u00e9sultat. \u00c7a peut faire la diff\u00e9rence, mais je ne sais pas aujourd\u2019hui si ce sera positif ou n\u00e9gatif. On essaie de se concentrer sur notre calendrier pour arriver dans les meilleures conditions.\u00bb<\/p>\n<p class=\"fig-paragraph\"><strong>Le physique \u00e0 l\u2019entra\u00eenement<\/strong>\u00a0: \u00abQuand tu as un calendrier comme le n\u00f4tre, qu\u2019on joue tous les trois jours, on ne peut pas faire d\u2019entra\u00eenement tr\u00e8s physique. Maintenant, on peut avoir une charge physique plus forte. On a travaill\u00e9 des aspects physiques offensifs et d\u00e9fensifs, on a tir\u00e9 profit de ces entra\u00eenements pour que ce soit similaire \u00e0 des conditions de match.\u00bb<\/p>\n<p class=\"fig-paragraph\"><strong>Attaquer les blocs bas<\/strong>\u00a0: \u00abDans le match de demain, il y aura des situations sur lesquelles on aura beaucoup plus le ballon. Pour bien attaquer, moi qui aime le jeu de position et une \u00e9quipe qui domine, j\u2019ai besoin d\u2019une structure forte pour \u00e9viter les transitions. Et Reims est fort dans ce secteur de jeu. Il faut trouver l\u2019\u00e9quilibre, ce n\u2019est pas facile. On a resserr\u00e9 encore cet aspect du jeu cette saison. Les joueurs sont intelligents, ils savent g\u00e9rer eux-m\u00eames ces changements de position et de maintenir cette structure fixe pour \u00e9viter les pi\u00e8ges. On s\u2019am\u00e9liore toujours.\u00bb<\/p>\n<blockquote class=\"fig-quote&#10;    \">\n<p class=\"fig-quote__text\">On esp\u00e8re qu\u2019on pourra \u00eatre au niveau que m\u00e9rite ce match pour gagner la Coupe de France.<\/p>\n<p>            Luis Enrique\n    <\/p><\/blockquote>\n<p class=\"fig-paragraph\"><strong>Willian Pacho<\/strong>\u00a0: \u00abSon importance au sein de l\u2019\u00e9quipe, je ne vous l\u2019apprends pas, il a le plus gros temps de jeu de l\u2019effectif sur l\u2019ensemble de la saison, il s\u2019est parfaitement adapt\u00e9, d\u00e8s le premier jour. Il apporte dans la ressortie de balle, la d\u00e9fense, il gagne des duels sans faire de faute, il a un niveau mondial, c\u2019est l\u2019un des jeunes joueurs sur lesquels on fonde beaucoup d\u2019espoirs. On esp\u00e8re qu\u2019on pourra \u00eatre au niveau que m\u00e9rite ce match pour gagner la Coupe de France. C\u2019est dur pour un nouveau joueur de maintenir ce niveau en arrivant dans un plus grand club et je suis tr\u00e8s content de lui.\u00bb<\/p>\n<p class=\"fig-paragraph\">Propos recueillis en conf\u00e9rence de presse<\/p>\n","protected":false},"excerpt":{"rendered":"Le coach espagnol de 55 ans fait le point ce vendredi, en conf\u00e9rence de presse, \u00e0 la veille&hellip;\n","protected":false},"author":2,"featured_media":122266,"comment_status":"","ping_status":"","sticky":false,"template":"","format":"standard","meta":{"footnotes":""},"categories":[4],"tags":[11,525,1981,615,83,814,2257,63,1011,27,921,955,12,93,25,1980,464],"class_list":{"0":"post-122265","1":"post","2":"type-post","3":"status-publish","4":"format-standard","5":"has-post-thumbnail","7":"category-france","8":"tag-actualites","9":"tag-calendrier","10":"tag-classement","11":"tag-coupe","12":"tag-coupe-de-france","13":"tag-direct","14":"tag-foot","15":"tag-football","16":"tag-fr","17":"tag-france","18":"tag-luis-enrique","19":"tag-match","20":"tag-news","21":"tag-psg","22":"tag-republique-francaise","23":"tag-resultats","24":"tag-stade-de-reims"},"share_on_mastodon":{"url":"https:\/\/pubeurope.com\/@fr\/114557819519574073","error":""},"_links":{"self":[{"href":"https:\/\/www.europesays.com\/fr\/wp-json\/wp\/v2\/posts\/122265","targetHints":{"allow":["GET"]}}],"collection":[{"href":"https:\/\/www.europesays.com\/fr\/wp-json\/wp\/v2\/posts"}],"about":[{"href":"https:\/\/www.europesays.com\/fr\/wp-json\/wp\/v2\/types\/post"}],"author":[{"embeddable":true,"href":"https:\/\/www.europesays.com\/fr\/wp-json\/wp\/v2\/users\/2"}],"replies":[{"embeddable":true,"href":"https:\/\/www.europesays.com\/fr\/wp-json\/wp\/v2\/comments?post=122265"}],"version-history":[{"count":0,"href":"https:\/\/www.europesays.com\/fr\/wp-json\/wp\/v2\/posts\/122265\/revisions"}],"wp:featuredmedia":[{"embeddable":true,"href":"https:\/\/www.europesays.com\/fr\/wp-json\/wp\/v2\/media\/122266"}],"wp:attachment":[{"href":"https:\/\/www.europesays.com\/fr\/wp-json\/wp\/v2\/media?parent=122265"}],"wp:term":[{"taxonomy":"category","embeddable":true,"href":"https:\/\/www.europesays.com\/fr\/wp-json\/wp\/v2\/categories?post=122265"},{"taxonomy":"post_tag","embeddable":true,"href":"https:\/\/www.europesays.com\/fr\/wp-json\/wp\/v2\/tags?post=122265"}],"curies":[{"name":"wp","href":"https:\/\/api.w.org\/{rel}","templated":true}]}}