{"id":122267,"date":"2025-05-23T15:19:10","date_gmt":"2025-05-23T15:19:10","guid":{"rendered":"https:\/\/www.europesays.com\/fr\/122267\/"},"modified":"2025-05-23T15:19:10","modified_gmt":"2025-05-23T15:19:10","slug":"quand-donald-trump-abime-limage-du-golf","status":"publish","type":"post","link":"https:\/\/www.europesays.com\/fr\/122267\/","title":{"rendered":"Quand Donald Trump ab\u00eeme l\u2019image du golf"},"content":{"rendered":"<p><strong>D\u00c9CRYPTAGE &#8211; <\/strong>Sa passion d\u00e9vorante et sa volont\u00e9 farouche de toujours \u00eatre \u00abun gagnant\u00bb, am\u00e8neraient le controvers\u00e9 pr\u00e9sident am\u00e9ricain, \u00e0 tricher r\u00e9guli\u00e8rement et \u00e0 enfreindre les r\u00e8gles.<\/p>\n<p class=\"fig-paragraph\">Jouer au golf dans le pays qui compte le plus de pratiquants au monde (environ 30\u00a0millions) et o\u00f9 la discipline n\u2019a pas une image aussi \u00e9litiste qu\u2019en Europe est dans l\u2019ordre des choses pour l\u2019homme le plus puissant de la plan\u00e8te. Le d\u00e9mocrate\u00a0<a href=\"https:\/\/www.lefigaro.fr\/international\/barack-obama-mauvaise-langue-20201127\" target=\"_blank\" data-fig-type=\"Article\" rel=\"noopener\" data-gtm-custom-categorie=\"navigation\" data-gtm-custom-action=\"crossclick\" data-gtm-custom-label=\"Contextuel\" data-gtm-event=\"customEventSPE\" data-fig-domain=\"LEFIGARO\">Barack Obama<\/a>\u00a0\u00e9tait \u00e9galement un mordu de la petite balle blanche. C\u2019est l\u2019un de ses seuls points communs avec son rival\u00a0<a href=\"http:\/\/www.lefigaro.fr\/international\/le-bureau-ovale-theatre-des-guets-apens-mediatiques-du-president-trump-20250521\" target=\"_blank\" data-fig-type=\"Article\" rel=\"noopener\" data-gtm-custom-categorie=\"navigation\" data-gtm-custom-action=\"crossclick\" data-gtm-custom-label=\"Contextuel\" data-gtm-event=\"customEventSPE\" data-fig-domain=\"LEFIGARO\">Donald Trump<\/a>, assidu, tr\u00e8s assidu sur les nombreux parcours d\u2019exceptions qu\u2019il poss\u00e8de. La soci\u00e9t\u00e9 Trump Golf, g\u00e9r\u00e9e par\u00a0<a href=\"http:\/\/www.lefigaro.fr\/international\/trump-etend-son-empire-familial-dans-le-golfe-20250511\" target=\"_blank\" data-fig-type=\"NewsFlash\" rel=\"noopener\" data-gtm-custom-categorie=\"navigation\" data-gtm-custom-action=\"crossclick\" data-gtm-custom-label=\"Contextuel\" data-gtm-event=\"customEventSPE\" data-fig-domain=\"LEFIGARO\">son fils Eric<\/a>, compte en effet 18 parcours \u00e0 travers le monde, dont 12 aux \u00c9tats-Unis. Trump a l\u2019embarras du choix. Ses terrains de jeux favoris\u00a0? Ceux de Palm Beach (Floride), proche de\u00a0<a href=\"http:\/\/www.lefigaro.fr\/international\/redecore-a-la-facon-de-mar-a-lago-le-bureau-ovale-coeur-de-la-revolution-trumpiste-20250428\" target=\"_blank\" data-fig-type=\"Article\" rel=\"noopener\" data-gtm-custom-categorie=\"navigation\" data-gtm-custom-action=\"crossclick\" data-gtm-custom-label=\"Contextuel\" data-gtm-event=\"customEventSPE\" data-fig-domain=\"LEFIGARO\">Mar-a-Lago<\/a>, et de Bedminster (New Jersey).<\/p>\n<p class=\"fig-paragraph\">En 2014, quand Obama \u00e9tait le locataire de\u00a0<a href=\"http:\/\/www.lefigaro.fr\/international\/trump-de-retour-a-la-maison-blanche-les-cent-jours-qui-ont-ebranle-le-monde-20250428\" target=\"_blank\" data-fig-type=\"Article\" rel=\"noopener\" data-gtm-custom-categorie=\"navigation\" data-gtm-custom-action=\"crossclick\" data-gtm-custom-label=\"Contextuel\" data-gtm-event=\"customEventSPE\" data-fig-domain=\"LEFIGARO\">la Maison-Blanche<\/a>, Trump, alors en qu\u00eate d\u2019un premier mandat, ne se privait pas de l\u2019attaquer publiquement. \u00ab\u00a0Arrivez-vous \u00e0 croire qu\u2019avec tous les probl\u00e8mes et les difficult\u00e9s auxquels les \u00c9tats-Unis font face, le pr\u00e9sident Obama ait pass\u00e9\u2026<\/p>\n<p class=\"fig-premium-paywall__infos\">\n        Cet article est r\u00e9serv\u00e9 aux abonn\u00e9s.        Il vous reste 85% \u00e0 d\u00e9couvrir.\n    <\/p>\n<p>                <img  data- alt=\"Le Figaro\" class=\"fig-img--complete fig-img\"\/><\/p>\n<p class=\"fig-premium-paywall__title\">Vente Flash<\/p>\n<p class=\"fig-premium-paywall__subtitle\">4,99\u20ac par mois pendant 12 mois. Sans engagement.<\/p>\n<p class=\"fig-premium-paywall__connect\">\n                D\u00e9j\u00e0 abonn\u00e9\u00a0?                <a class=\"fig-premium-paywall__connect-link\" href=\"https:\/\/connect.lefigaro.fr\/login?client=golf_web&amp;type=main&amp;redirect_uri=https%3A%2F%2Fgolf.lefigaro.fr%2Fquand-donald-trump-abime-l-image-du-golf-20250522\" data-js-gtm=\"{&quot;customCategorie&quot;: &quot;conversion&quot;, &quot;customAction&quot;: &quot;before_Landing_Connexion_paywall_auto&quot;, &quot;customLabel&quot;: &quot;Z29sZi5sZWZpZ2Fyby5mcl9fMWYwMzBjYWQtYzQ5ZC02ZGU2LWE0YjYtNmIxN2FkNDNiOGI0X19BcnRpY2xl_Quand Donald Trump ab\u00eeme l\u2019image du golf_281&quot;, &quot;customIDSPE&quot;: &quot;Z29sZi5sZWZpZ2Fyby5mcl9fMWYwMzBjYWQtYzQ5ZC02ZGU2LWE0YjYtNmIxN2FkNDNiOGI0X19BcnRpY2xl&quot;, &quot;event&quot;: &quot;customEventSPE&quot;}\" target=\"_blank\" rel=\"noopener\"><br \/>\n                    Connectez-vous<br \/>\n                <\/a>\n            <\/p>\n","protected":false},"excerpt":{"rendered":"D\u00c9CRYPTAGE &#8211; Sa passion d\u00e9vorante et sa volont\u00e9 farouche de toujours \u00eatre \u00abun gagnant\u00bb, am\u00e8neraient le controvers\u00e9 pr\u00e9sident&hellip;\n","protected":false},"author":2,"featured_media":122268,"comment_status":"","ping_status":"","sticky":false,"template":"","format":"standard","meta":{"footnotes":""},"categories":[1418],"tags":[12453,47,75,12451,1011,27,1472,4463,1922,12449,12450,12454,8188,12452,12455,517,60,5078,602],"class_list":{"0":"post-122267","1":"post","2":"type-post","3":"status-publish","4":"format-standard","5":"has-post-thumbnail","7":"category-golf","8":"tag-18-trous","9":"tag-actualite","10":"tag-donald-trump","11":"tag-drive","12":"tag-fr","13":"tag-france","14":"tag-golf","15":"tag-guide","16":"tag-info","17":"tag-lecon-de-golf","18":"tag-lpga","19":"tag-masters-augusta","20":"tag-pga","21":"tag-putting","22":"tag-ryder-cup","23":"tag-sport","24":"tag-sports","25":"tag-tiger-woods","26":"tag-tourisme"},"share_on_mastodon":{"url":"https:\/\/pubeurope.com\/@fr\/114557823396776123","error":""},"_links":{"self":[{"href":"https:\/\/www.europesays.com\/fr\/wp-json\/wp\/v2\/posts\/122267","targetHints":{"allow":["GET"]}}],"collection":[{"href":"https:\/\/www.europesays.com\/fr\/wp-json\/wp\/v2\/posts"}],"about":[{"href":"https:\/\/www.europesays.com\/fr\/wp-json\/wp\/v2\/types\/post"}],"author":[{"embeddable":true,"href":"https:\/\/www.europesays.com\/fr\/wp-json\/wp\/v2\/users\/2"}],"replies":[{"embeddable":true,"href":"https:\/\/www.europesays.com\/fr\/wp-json\/wp\/v2\/comments?post=122267"}],"version-history":[{"count":0,"href":"https:\/\/www.europesays.com\/fr\/wp-json\/wp\/v2\/posts\/122267\/revisions"}],"wp:featuredmedia":[{"embeddable":true,"href":"https:\/\/www.europesays.com\/fr\/wp-json\/wp\/v2\/media\/122268"}],"wp:attachment":[{"href":"https:\/\/www.europesays.com\/fr\/wp-json\/wp\/v2\/media?parent=122267"}],"wp:term":[{"taxonomy":"category","embeddable":true,"href":"https:\/\/www.europesays.com\/fr\/wp-json\/wp\/v2\/categories?post=122267"},{"taxonomy":"post_tag","embeddable":true,"href":"https:\/\/www.europesays.com\/fr\/wp-json\/wp\/v2\/tags?post=122267"}],"curies":[{"name":"wp","href":"https:\/\/api.w.org\/{rel}","templated":true}]}}