{"id":122269,"date":"2025-05-23T15:22:08","date_gmt":"2025-05-23T15:22:08","guid":{"rendered":"https:\/\/www.europesays.com\/fr\/122269\/"},"modified":"2025-05-23T15:22:08","modified_gmt":"2025-05-23T15:22:08","slug":"atp-boris-becker-ne-comprend-pas-la-separation-entre-djokovic-et-murray-me-laisse-sans-voix-je-suis-un-peu-surpris-quils-mettent-fin-a-leur-relation-de-travail-une-semaine-seulement-avant-rolan","status":"publish","type":"post","link":"https:\/\/www.europesays.com\/fr\/122269\/","title":{"rendered":"ATP > Boris Becker ne comprend pas : \u00ab\u00a0La s\u00e9paration entre Djokovic et Murray me laisse sans voix. Je suis un peu surpris qu&rsquo;ils mettent fin \u00e0 leur relation de travail une semaine seulement avant Roland-Garros\u00a0\u00bb"},"content":{"rendered":"<p>Invit\u00e9 \u00e0 s\u2019ex\u00adprimer sur la fin de colla\u00adbo\u00adra\u00adtion entre Novak Djokovic et Andy Murray, Boris Becker, qui a entra\u00een\u00e9 le Serbe de 2014 \u00e0 2016, s\u2019est dit tr\u00e8s surpris par cette d\u00e9ci\u00adsion dans les colonnes du quoti\u00addien britan\u00adnique, <a href=\"https:\/\/www.independent.co.uk\/sport\/tennis\/boris-becker-wimbledon-novak-djokovic-andy-murray-b2755887.html\" data-wpel-link=\"external\" target=\"_blank\" rel=\"nofollow external noopener\">The Independent<\/a>. <\/p>\n<p><strong>\u00ab\u202fJe suis sans voix. Je suis un peu surpris qu\u2019ils mettent fin \u00e0 leur rela\u00adtion de travail une semaine seule\u00adment avant Roland Garros. J\u2019ai trouv\u00e9 Melbourne tr\u00e8s r\u00e9ussi. J\u2019\u00e9tais content de revoir Andy \u00e0 l\u2019\u0153uvre dans la box de Novak. J\u2019aurais vrai\u00adment aim\u00e9 les voir tous les deux \u00e0 Wimbledon, en fait. Je suis un peu \u00e0 court de mots pour comprendre pour\u00adquoi ils se sont s\u00e9par\u00e9s juste avant le deuxi\u00e8me Grand Chelem de la saison.\u202f\u00bb<br \/><\/strong><\/p>\n<p class=\"post-published-date\" style=\"color: silver; font-size: 75%; text-align: left;\">Publi\u00e9 le vendredi 23 mai 2025 \u00e0 16:16<\/p>\n","protected":false},"excerpt":{"rendered":"Invit\u00e9 \u00e0 s\u2019ex\u00adprimer sur la fin de colla\u00adbo\u00adra\u00adtion entre Novak Djokovic et Andy Murray, Boris Becker, qui a&hellip;\n","protected":false},"author":2,"featured_media":122270,"comment_status":"","ping_status":"","sticky":false,"template":"","format":"standard","meta":{"footnotes":""},"categories":[1415],"tags":[4737,105,1011,27,60,1467],"class_list":{"0":"post-122269","1":"post","2":"type-post","3":"status-publish","4":"format-standard","5":"has-post-thumbnail","7":"category-tennis","8":"tag-andy-murray","9":"tag-djokovic","10":"tag-fr","11":"tag-france","12":"tag-sports","13":"tag-tennis"},"share_on_mastodon":{"url":"https:\/\/pubeurope.com\/@fr\/114557835237383591","error":""},"_links":{"self":[{"href":"https:\/\/www.europesays.com\/fr\/wp-json\/wp\/v2\/posts\/122269","targetHints":{"allow":["GET"]}}],"collection":[{"href":"https:\/\/www.europesays.com\/fr\/wp-json\/wp\/v2\/posts"}],"about":[{"href":"https:\/\/www.europesays.com\/fr\/wp-json\/wp\/v2\/types\/post"}],"author":[{"embeddable":true,"href":"https:\/\/www.europesays.com\/fr\/wp-json\/wp\/v2\/users\/2"}],"replies":[{"embeddable":true,"href":"https:\/\/www.europesays.com\/fr\/wp-json\/wp\/v2\/comments?post=122269"}],"version-history":[{"count":0,"href":"https:\/\/www.europesays.com\/fr\/wp-json\/wp\/v2\/posts\/122269\/revisions"}],"wp:featuredmedia":[{"embeddable":true,"href":"https:\/\/www.europesays.com\/fr\/wp-json\/wp\/v2\/media\/122270"}],"wp:attachment":[{"href":"https:\/\/www.europesays.com\/fr\/wp-json\/wp\/v2\/media?parent=122269"}],"wp:term":[{"taxonomy":"category","embeddable":true,"href":"https:\/\/www.europesays.com\/fr\/wp-json\/wp\/v2\/categories?post=122269"},{"taxonomy":"post_tag","embeddable":true,"href":"https:\/\/www.europesays.com\/fr\/wp-json\/wp\/v2\/tags?post=122269"}],"curies":[{"name":"wp","href":"https:\/\/api.w.org\/{rel}","templated":true}]}}