{"id":122279,"date":"2025-05-23T15:28:08","date_gmt":"2025-05-23T15:28:08","guid":{"rendered":"https:\/\/www.europesays.com\/fr\/122279\/"},"modified":"2025-05-23T15:28:08","modified_gmt":"2025-05-23T15:28:08","slug":"fabien-roussel-malade-du-cancer-a-8-ans-sa-fille-devoile-son-visage-chez-karine-le-marchand-et-elle-est-juste-magnifique","status":"publish","type":"post","link":"https:\/\/www.europesays.com\/fr\/122279\/","title":{"rendered":"Fabien Roussel : malade du cancer \u00e0 8 ans, sa fille d\u00e9voile son visage chez Karine Le Marchand et elle est juste magnifique"},"content":{"rendered":"<p class=\"p1\">Figure politique incontournable du Parti communiste<br \/>\nfran\u00e7ais (PCF), Fabien Roussel est aussi <strong>un p\u00e8re de famille<br \/>\ncombl\u00e9<\/strong>. Le dimanche 1er juin, il s\u2019exprime comme rarement<br \/>\nsur sa vie personnelle dans l\u2019\u00e9mission Une ambition intime sur<br \/>\nM6.<\/p>\n<p class=\"p1\">Face \u00e0 Karine Le Marchand, Fabien Roussel revient<br \/>\nnotamment sur <a href=\"https:\/\/www.closermag.fr\/politique\/fabien-roussel-cette-grave-maladie-dont-sa-fille-a-ete-atteinte-a-l-age-de-9-ans-1532378#item=1\" target=\"_blank\" rel=\"noopener\"><br \/>\nle cancer de sa fille Nina<\/a>, alors <strong>\u00e2g\u00e9e de huit<br \/>\nans<\/strong>. Le 31 d\u00e9cembre 2003, alors qu\u2019il s\u2019appr\u00eatait \u00e0 faire<br \/>\nla f\u00eate, l\u2019h\u00f4pital l\u2019avait appel\u00e9 pour <strong>la faire<br \/>\nhospitaliser d\u2019urgence<\/strong>. \u201cOn lui avait enlev\u00e9 une boule<br \/>\nau fond de la gorge, quelques jours auparavant\u201d, s\u2019est-il<br \/>\nsouvenu.<\/p>\n<p>Nina t\u00e9moigne de sa relation fusionnelle avec son<br \/>\np\u00e8re<\/p>\n<p class=\"p1\">Tr\u00e8s rapidement, le diagnostic \u00e9tait tomb\u00e9 pour Nina.<br \/>\nLa petite fille \u00e9tait atteinte d\u2019un cancer, <strong>un lymphome de<br \/>\nBurkitt<\/strong>. Durant de longs mois, <a href=\"https:\/\/www.telestar.fr\/actu_tv\/je-soupire-excusez-moi-un-invite-a-peine-exaspere-face-a-anne-elisabeth-lemoine-dans-c-a-vous-1720556\" target=\"_blank\" rel=\"noopener\"><br \/>\nFabien Roussel<\/a> l\u2019avait donc accompagn\u00e9e pour vaincre la<br \/>\nmaladie. Plus de 20 ans plus tard, Nina est en r\u00e9mission<br \/>\ncompl\u00e8te.<\/p>\n<p class=\"p1\">\u00c0 l\u2019occasion du passage de son p\u00e8re dans l\u2019\u00e9mission<br \/>\nde M6, la jeune femme a tenu \u00e0 <strong>se montrer face<br \/>\ncam\u00e9ra<\/strong>. Dans une s\u00e9quence d\u00e9voil\u00e9e par Karine Le Marchand,<br \/>\nNina se rappelle ainsi : \u201cMon papa avait fait une esp\u00e8ce de<br \/>\nbulle autour de lui et moi pour passer \u00e0 travers cette maladie. Une<br \/>\nbulle o\u00f9 on est vraiment rest\u00e9s \u00e9norm\u00e9ment ensemble. Pendant des<br \/>\nmois et des mois, on ne s\u2019est pas quitt\u00e9s.\u201d<\/p>\n<blockquote class=\"twitter-tweet\"><p><a class=\"twitter-link\" rel=\"noindex, nofollow noopener\" href=\"https:\/\/twitter.com\/M6\/status\/1925884417098072557\" target=\"_blank\"><\/p><\/blockquote>\n<p>Fabien Roussel est tr\u00e8s fier de sa<br \/>\nfille<\/p>\n<p class=\"p1\">En plus de se souvenir de son combat contre le<br \/>\ncancer, Nina tient \u00e0 souligner le fait que son p\u00e8re l\u2019a<br \/>\n<strong>\u00e9lev\u00e9e avec ses quatre fr\u00e8res<\/strong> \u201cen partie tout<br \/>\nseul\u201d. La jolie brune ajoute finalement : \u201cC\u2019est un homme<br \/>\navec un tr\u00e8s grand c\u0153ur, j\u2019ai beaucoup d\u2019admiration pour mon<br \/>\npapa.\u201d<\/p>\n<p class=\"p1\">Visiblement tr\u00e8s \u00e9mu par cette belle d\u00e9claration,<br \/>\nFabien Roussel a \u00e9galement t\u00e9moign\u00e9 de <strong>sa fiert\u00e9 pour sa<br \/>\nfille<\/strong>. \u201cOn s\u2019est battus ensemble, mais c\u2019est elle qui<br \/>\ns\u2019est battue. Elle a gagn\u00e9 et elle est rayonnante, elle est belle,<br \/>\nelle est p\u00e9tillante, et c\u2019est ce que je souhaite \u00e0 tous les enfants<br \/>\net tous les gens malades du cancer\u201d, a conclu <a href=\"https:\/\/www.closermag.fr\/politique\/fabien-roussel-qui-est-dorothee-sa-compagne-1514744#item=1\" target=\"_blank\" rel=\"noopener\"><br \/>\nle compagnon de Doroth\u00e9e<\/a>. Un <strong>lien fusionnel<\/strong><br \/>\nqui n&rsquo;a fait que se renforcer durant la maladie.<\/p>\n<p><script async src=\"https:\/\/platform.twitter.com\/widgets.js\" charset=\"utf-8\"><\/script><\/p>\n","protected":false},"excerpt":{"rendered":"Figure politique incontournable du Parti communiste fran\u00e7ais (PCF), Fabien Roussel est aussi un p\u00e8re de famille combl\u00e9. Le&hellip;\n","protected":false},"author":2,"featured_media":122280,"comment_status":"","ping_status":"","sticky":false,"template":"","format":"standard","meta":{"footnotes":""},"categories":[1359],"tags":[548,58,59,24427,1011,27,973],"class_list":{"0":"post-122279","1":"post","2":"type-post","3":"status-publish","4":"format-standard","5":"has-post-thumbnail","7":"category-people","8":"tag-article-simple","9":"tag-divertissement","10":"tag-entertainment","11":"tag-fabien-roussel","12":"tag-fr","13":"tag-france","14":"tag-people"},"share_on_mastodon":{"url":"https:\/\/pubeurope.com\/@fr\/114557858901426032","error":""},"_links":{"self":[{"href":"https:\/\/www.europesays.com\/fr\/wp-json\/wp\/v2\/posts\/122279","targetHints":{"allow":["GET"]}}],"collection":[{"href":"https:\/\/www.europesays.com\/fr\/wp-json\/wp\/v2\/posts"}],"about":[{"href":"https:\/\/www.europesays.com\/fr\/wp-json\/wp\/v2\/types\/post"}],"author":[{"embeddable":true,"href":"https:\/\/www.europesays.com\/fr\/wp-json\/wp\/v2\/users\/2"}],"replies":[{"embeddable":true,"href":"https:\/\/www.europesays.com\/fr\/wp-json\/wp\/v2\/comments?post=122279"}],"version-history":[{"count":0,"href":"https:\/\/www.europesays.com\/fr\/wp-json\/wp\/v2\/posts\/122279\/revisions"}],"wp:featuredmedia":[{"embeddable":true,"href":"https:\/\/www.europesays.com\/fr\/wp-json\/wp\/v2\/media\/122280"}],"wp:attachment":[{"href":"https:\/\/www.europesays.com\/fr\/wp-json\/wp\/v2\/media?parent=122279"}],"wp:term":[{"taxonomy":"category","embeddable":true,"href":"https:\/\/www.europesays.com\/fr\/wp-json\/wp\/v2\/categories?post=122279"},{"taxonomy":"post_tag","embeddable":true,"href":"https:\/\/www.europesays.com\/fr\/wp-json\/wp\/v2\/tags?post=122279"}],"curies":[{"name":"wp","href":"https:\/\/api.w.org\/{rel}","templated":true}]}}