{"id":122283,"date":"2025-05-23T15:30:11","date_gmt":"2025-05-23T15:30:11","guid":{"rendered":"https:\/\/www.europesays.com\/fr\/122283\/"},"modified":"2025-05-23T15:30:11","modified_gmt":"2025-05-23T15:30:11","slug":"menetreux-le-pitois-ils-ont-transforme-lancien-abri-de-bus-en-cabane-a-livres","status":"publish","type":"post","link":"https:\/\/www.europesays.com\/fr\/122283\/","title":{"rendered":"M\u00e9n\u00e9treux-le-Pitois. Ils ont transform\u00e9 l\u2019ancien abri de bus en cabane \u00e0 livres"},"content":{"rendered":"<p>Ils ne sont pas peu fiers du r\u00e9sultat et ils ont de bonnes raisons de l\u2019\u00eatre\u00a0: en transformant l\u2019ancien abri de bus du village, situ\u00e9 \u00e0 la sortie de celui-ci, en direction de Montbard, les membres du conseil municipal de M\u00e9n\u00e9treux-le-Pitois et les b\u00e9n\u00e9voles qui les ont accompagn\u00e9s dans ce projet, n\u2019ont pas seulement emp\u00each\u00e9 la d\u00e9molition de celui-ci.<\/p>\n<p>\u00ab\u00a0On en a profit\u00e9 pour le transformer et lui donner une seconde vie\u00a0\u00bb, annonce Yvon Fiorucci, le maire du&#8230;<\/p>\n","protected":false},"excerpt":{"rendered":"Ils ne sont pas peu fiers du r\u00e9sultat et ils ont de bonnes raisons de l\u2019\u00eatre\u00a0: en transformant&hellip;\n","protected":false},"author":2,"featured_media":122284,"comment_status":"","ping_status":"","sticky":false,"template":"","format":"standard","meta":{"footnotes":""},"categories":[1357],"tags":[1379,1984,1687,58,11743,59,107,1011,27,1757,1380,2410,24428,316,24429],"class_list":{"0":"post-122283","1":"post","2":"type-post","3":"status-publish","4":"format-standard","5":"has-post-thumbnail","7":"category-livres","8":"tag-books","9":"tag-conseil-municipal","10":"tag-culture-loisirs","11":"tag-divertissement","12":"tag-edition-haute-cote-dor","13":"tag-entertainment","14":"tag-fil-info","15":"tag-fr","16":"tag-france","17":"tag-insolite","18":"tag-livres","19":"tag-livres-bd","20":"tag-menetreux-le-pitois","21":"tag-politique","22":"tag-venarey-les-laumes-bassin"},"share_on_mastodon":{"url":"https:\/\/pubeurope.com\/@fr\/114557866793154683","error":""},"_links":{"self":[{"href":"https:\/\/www.europesays.com\/fr\/wp-json\/wp\/v2\/posts\/122283","targetHints":{"allow":["GET"]}}],"collection":[{"href":"https:\/\/www.europesays.com\/fr\/wp-json\/wp\/v2\/posts"}],"about":[{"href":"https:\/\/www.europesays.com\/fr\/wp-json\/wp\/v2\/types\/post"}],"author":[{"embeddable":true,"href":"https:\/\/www.europesays.com\/fr\/wp-json\/wp\/v2\/users\/2"}],"replies":[{"embeddable":true,"href":"https:\/\/www.europesays.com\/fr\/wp-json\/wp\/v2\/comments?post=122283"}],"version-history":[{"count":0,"href":"https:\/\/www.europesays.com\/fr\/wp-json\/wp\/v2\/posts\/122283\/revisions"}],"wp:featuredmedia":[{"embeddable":true,"href":"https:\/\/www.europesays.com\/fr\/wp-json\/wp\/v2\/media\/122284"}],"wp:attachment":[{"href":"https:\/\/www.europesays.com\/fr\/wp-json\/wp\/v2\/media?parent=122283"}],"wp:term":[{"taxonomy":"category","embeddable":true,"href":"https:\/\/www.europesays.com\/fr\/wp-json\/wp\/v2\/categories?post=122283"},{"taxonomy":"post_tag","embeddable":true,"href":"https:\/\/www.europesays.com\/fr\/wp-json\/wp\/v2\/tags?post=122283"}],"curies":[{"name":"wp","href":"https:\/\/api.w.org\/{rel}","templated":true}]}}