{"id":122285,"date":"2025-05-23T15:31:11","date_gmt":"2025-05-23T15:31:11","guid":{"rendered":"https:\/\/www.europesays.com\/fr\/122285\/"},"modified":"2025-05-23T15:31:11","modified_gmt":"2025-05-23T15:31:11","slug":"paul-quitte-la-serie-ce-soir-reviendra-t-il-son-interprete-avy-marciano-repond","status":"publish","type":"post","link":"https:\/\/www.europesays.com\/fr\/122285\/","title":{"rendered":"Paul quitte la s\u00e9rie ce soir, reviendra-t-il ? Son interpr\u00e8te Avy Marciano r\u00e9pond"},"content":{"rendered":"<p>\u00c0 trop vouloir provoquer le destin, Paul a tout perdu ! D\u00e9but mai, le personnage incarn\u00e9 par <a href=\"https:\/\/www.programme-tv.net\/news\/series-tv\/379334-je-fais-tout-par-amour-avy-marciano-paul-en-couple-avec-une-ex-star-d-ici-tout-commence-il-fait-de-tendres-confidences-sur-sa-femme\/\" data-api-deeplink=\"teleloisirs:\/\/news\/379334\" rel=\"nofollow noopener\" target=\"_blank\">Avy Marciano<\/a> faisait son retour dans la s\u00e9rie Ici tout commence, apr\u00e8s de longs mois d&rsquo;absence de l&rsquo;institut Auguste Armand. Le riche entrepreneur est revenu avec une seule id\u00e9e en t\u00eate : reconqu\u00e9rir son ex-compagne, Rose, qui a refait sa vie avec Marc Leroy. Au fil des \u00e9pisodes, Paul a tout fait pour \u00e9loigner le professeur de la directrice de Master, allant m\u00eame jusqu&rsquo;\u00e0 faire chanter Leroy en l&rsquo;obligeant \u00e0 quitter le personnage de <a href=\"https:\/\/www.programme-tv.net\/news\/series-tv\/378677-stephane-blancafort-et-moi-n-aimons-pas-ca-vanessa-demouy-devoile-ce-qui-l-a-genee-dans-le-triangle-amoureux-d-ici-tout-commence\/\" data-api-deeplink=\"teleloisirs:\/\/news\/378677\" rel=\"nofollow noopener\" target=\"_blank\">Vanessa Demouy.<\/a> Alors qu&rsquo;il touchait du bout des doigts son r\u00eave d&rsquo;\u00eatre de nouveau r\u00e9uni au c\u00f4t\u00e9 de Rose, la v\u00e9rit\u00e9 a finalement \u00e9clat\u00e9. Trois semaines apr\u00e8s son retour, Paul quitte de nouveau l&rsquo;\u00e9cole apr\u00e8s une derni\u00e8re confrontation \u00e0 Rose, mais est-ce un d\u00e9part d\u00e9finitif ? Avy Marciano r\u00e9pond \u00e0 T\u00e9l\u00e9-Loisirs.<\/p>\n<p>\u00ab\u00a0<b>Peut-\u00eatre que quelqu&rsquo;un aura envie de lui tendre la main\u00a0\u00bb : <\/b><b>Avy Marciano<\/b><b> (Ici tout commence)<\/b><b> imagine une suite pour Paul<\/b><\/p>\n<p>Depuis son passage dans Ici tout commence l&rsquo;automne dernier, Avy Marciano se doutait du retour de Paul dans la s\u00e9rie TF1 : \u00ab\u00a0J&rsquo;avais cru comprendre qu&rsquo;effectivement le personnage pouvait \u00eatre amen\u00e9 \u00e0 revenir, sans savoir du tout dans quelles mesures, ni \u00e0 quel rythme\u00a0\u00bb, a-t-il confi\u00e9 \u00e0 T\u00e9l\u00e9-Loisirs. En revanche,<a href=\"https:\/\/www.programme-tv.net\/news\/series-tv\/379222-quand-il-s-agit-des-commentaires-violents-avy-marciano-ici-tout-commence-reagit-aux-critiques-virulentes-visant-paul-son-personnage\/\" data-api-deeplink=\"teleloisirs:\/\/news\/379222\" rel=\"nofollow noopener\" target=\"_blank\"> l&rsquo;acteur a \u00e9t\u00e9 surpris par le revirement de personnalit\u00e9 de son personnag<\/a>e, affirmant tout de m\u00eame avoir \u00e9t\u00e9 ravi d&rsquo;incarner une facette plus sombre et plus complexe de Paul. Apr\u00e8s trois semaines \u00e0 l&rsquo;institut Auguste Armand, le riche entrepreneur n&rsquo;aura pas r\u00e9ussi \u00e0 cacher tr\u00e8s longtemps son plan finement calcul\u00e9 pour reconqu\u00e9rir son ex-compagne, puisque Rose a appris la v\u00e9rit\u00e9 de la bouche de Jim. Paul voit donc son r\u00eave voler en \u00e9clat et quitte l&rsquo;institut apr\u00e8s avoir affront\u00e9 la col\u00e8re et la d\u00e9ception de Rose, dans l&rsquo;\u00e9pisode diffus\u00e9 ce vendredi 23 mai sur TF1.<\/p>\n<p>Aupr\u00e8s de T\u00e9l\u00e9-Loisirs, Avy Marciano se dit impatient de d\u00e9couvrir la suite du parcours de son personnage : \u00ab\u00a0<b>Je ne sais pas ce qui lui arrive donc, non, je suis pas d\u00e9\u00e7u. J&rsquo;attends juste la suite, s&rsquo;il y en a une. Je me demande ce qu&rsquo;il va devenir. <\/b>Enfin, s&rsquo;il a une l\u00e9gitimit\u00e9 \u00e0 exister \u00e0 nouveau au sein de ce groupe-l\u00e0, qu&rsquo;est-ce qui va lui arriver ? Comment va-t-il se r\u00e9habiliter ? Comment va-t-il se repr\u00e9senter s&rsquo;il doit revenir ? C&rsquo;est plus \u00e7a ma curiosit\u00e9\u00a0\u00bb nous confie-t-il. Si Paul risque de s&rsquo;\u00eatre fait des ennemis \u00e0 cause de ses manigances, Avy Marciano livre sa th\u00e9orie pour un \u00e9ventuel retour : \u00ab\u00a0Il y a toujours une explication \u00e0 la mauvaise attitude ou au mauvais comportement des gens. Donc, ce sont des sujets \u00e0 traiter aussi. Alors, peut-\u00eatre qu&rsquo;effectivement, plus personne n&rsquo;aura envie de le voir. <b>Mais peut-\u00eatre que quelqu&rsquo;un aura envie de lui tendre la main<\/b>\u00ab\u00a0.<\/p>\n<p>\u00ab\u00a0<b>Personne ne sait\u00a0\u00bb : <\/b><b>Avy Marciano l\u00e8ve le voile sur un \u00e9ventuel retour de Paul dans<\/b><b> Ici tout commence<\/b><\/p>\n<p>Pour le moment, rien n&rsquo;est certain quant \u00e0 l&rsquo;avenir de Paul dans Ici tout commence. Le retour du personnage reste de l&rsquo;ordre de l&rsquo;hypoth\u00e8se : \u00ab\u00a0<b>Personne ne sait, m\u00eame les auteurs ne savent pas encore s&rsquo;il doit revenir ou pas<\/b>\u00ab\u00a0, confie l&rsquo;interpr\u00e8te du personnage. \u00ab\u00a0Moi, j&rsquo;aimerais beaucoup, je pense que dans l&rsquo;histoire, il y aurait tout int\u00e9r\u00eat. Il y aurait de vraies raisons pour lesquelles faire revenir le personnage, ne serait-ce que pour qu&rsquo;il s&rsquo;\u00e9tudie, qu&rsquo;il montre un autre visage. <b>Mais rien n&rsquo;est s\u00fbr, rien n&rsquo;est garanti et rien n&rsquo;est \u00e9crit\u00a0\u00bb<\/b>, affirme Avy Marciano, qui souhaite le retour de son personnage dans la s\u00e9rie TF1.<\/p>\n","protected":false},"excerpt":{"rendered":"\u00c0 trop vouloir provoquer le destin, Paul a tout perdu ! D\u00e9but mai, le personnage incarn\u00e9 par Avy&hellip;\n","protected":false},"author":2,"featured_media":122286,"comment_status":"","ping_status":"","sticky":false,"template":"","format":"standard","meta":{"footnotes":""},"categories":[1356],"tags":[24430,244,58,59,1011,27,16020,620,2173,12660,252,199,12661,1364,24431],"class_list":{"0":"post-122285","1":"post","2":"type-post","3":"status-publish","4":"format-standard","5":"has-post-thumbnail","7":"category-television","8":"tag-avy-marciano","9":"tag-commentaire","10":"tag-divertissement","11":"tag-entertainment","12":"tag-fr","13":"tag-france","14":"tag-guess-who","15":"tag-ici-tout-commence","16":"tag-interview","17":"tag-syndication","18":"tag-television","19":"tag-tf1","20":"tag-tm","21":"tag-tv","22":"tag-vanessa-demouy"},"share_on_mastodon":{"url":"https:\/\/pubeurope.com\/@fr\/114557870626654900","error":""},"_links":{"self":[{"href":"https:\/\/www.europesays.com\/fr\/wp-json\/wp\/v2\/posts\/122285","targetHints":{"allow":["GET"]}}],"collection":[{"href":"https:\/\/www.europesays.com\/fr\/wp-json\/wp\/v2\/posts"}],"about":[{"href":"https:\/\/www.europesays.com\/fr\/wp-json\/wp\/v2\/types\/post"}],"author":[{"embeddable":true,"href":"https:\/\/www.europesays.com\/fr\/wp-json\/wp\/v2\/users\/2"}],"replies":[{"embeddable":true,"href":"https:\/\/www.europesays.com\/fr\/wp-json\/wp\/v2\/comments?post=122285"}],"version-history":[{"count":0,"href":"https:\/\/www.europesays.com\/fr\/wp-json\/wp\/v2\/posts\/122285\/revisions"}],"wp:featuredmedia":[{"embeddable":true,"href":"https:\/\/www.europesays.com\/fr\/wp-json\/wp\/v2\/media\/122286"}],"wp:attachment":[{"href":"https:\/\/www.europesays.com\/fr\/wp-json\/wp\/v2\/media?parent=122285"}],"wp:term":[{"taxonomy":"category","embeddable":true,"href":"https:\/\/www.europesays.com\/fr\/wp-json\/wp\/v2\/categories?post=122285"},{"taxonomy":"post_tag","embeddable":true,"href":"https:\/\/www.europesays.com\/fr\/wp-json\/wp\/v2\/tags?post=122285"}],"curies":[{"name":"wp","href":"https:\/\/api.w.org\/{rel}","templated":true}]}}