{"id":122291,"date":"2025-05-23T15:34:12","date_gmt":"2025-05-23T15:34:12","guid":{"rendered":"https:\/\/www.europesays.com\/fr\/122291\/"},"modified":"2025-05-23T15:34:12","modified_gmt":"2025-05-23T15:34:12","slug":"maladies-chroniques-ladministration-trump-pointe-du-doigt-la-malbouffe-les-vaccins-et-les-pesticides-22-05-2025-a-2357","status":"publish","type":"post","link":"https:\/\/www.europesays.com\/fr\/122291\/","title":{"rendered":"Maladies chroniques: l&rsquo;administration Trump pointe du doigt la malbouffe, les vaccins et les pesticides &#8211; 22\/05\/2025 \u00e0 23:57"},"content":{"rendered":"<p>        <img fetchpriority=\"high\" decoding=\"async\" src=\"https:\/\/www.europesays.com\/fr\/wp-content\/uploads\/2025\/05\/67adb01e96d01158e2075ca4f4d82263-760x507.jpg\" alt=\"Le ministre am\u00e9ricain de la Sant\u00e9 Robert Kennedy Jr, lors d'une audition devant un comit\u00e9 du S\u00e9nat \u00e0 Washington DC, le 20 mai 2025 ( AFP \/ Alex WROBLEWSKI )\" loading=\"eager\" width=\"760\" height=\"507\" style=\"max-width: 100%!important; height: auto;\"\/><\/p>\n<p class=\"c-image-news__legend\">Le ministre am\u00e9ricain de la Sant\u00e9 Robert Kennedy Jr, lors d&rsquo;une audition devant un comit\u00e9 du S\u00e9nat \u00e0 Washington DC, le 20 mai 2025 ( AFP \/ Alex WROBLEWSKI )<\/p>\n<p>\n L&rsquo;administration Trump a d\u00e9voil\u00e9 jeudi un rapport tr\u00e8s attendu sur les maladies chroniques affectant les jeunes Am\u00e9ricains, dans lequel elle pointe la possible responsabilit\u00e9 de l&rsquo;alimentation ultra-transform\u00e9e, des pesticides ou encore des \u00e9crans, et s\u00e8me le doute sur les vaccins.\n<\/p>\n<p>\n Cette publication \u00e9tait attendue au tournant par les professionnels de sant\u00e9 en raison de la sensibilit\u00e9 et de la complexit\u00e9 du sujet, mais aussi du r\u00f4le central jou\u00e9 par le ministre de la Sant\u00e9, Robert Kennedy Jr, contest\u00e9 pour ses positions antivaccins, dans sa conception.\n<\/p>\n<p>\n C&rsquo;est \u00ab\u00a0une \u00e9tape historique dans notre mission de rendre \u00e0 l&rsquo;Am\u00e9rique sa sant\u00e9\u00a0\u00bb, a salu\u00e9 le pr\u00e9sident Donald Trump en pr\u00e9sence de plusieurs ministres ayant particip\u00e9 \u00e0 la r\u00e9daction du rapport et de \u00ab\u00a0MAHA moms\u00a0\u00bb, des m\u00e8res de familles am\u00e9ricaines soutenant le mouvement \u00ab\u00a0MAHA\u00a0\u00bb.\n<\/p>\n<p>\n Ce dernier, dont Robert Kennedy Jr est une figure de proue, fait r\u00e9f\u00e9rence \u00e0 la formule \u00ab\u00a0Make America Healthy Again\u00a0\u00bb (\u00ab\u00a0Rendre \u00e0 l&rsquo;Am\u00e9rique sa sant\u00e9\u00a0\u00bb), un slogan calqu\u00e9 sur le c\u00e9l\u00e8bre \u00ab\u00a0MAGA\u00a0\u00bb (\u00ab\u00a0Rendre \u00e0 l&rsquo;Am\u00e9rique sa grandeur\u00a0\u00bb) de Donald Trump.\n<\/p>\n<p>\n \u00ab\u00a0Ce rapport est avant tout un appel \u00e0 l&rsquo;action en faveur du bon sens\u00a0\u00bb, a lui clam\u00e9 RFK Jr en d\u00e9taillant les conclusions.\n<\/p>\n<p> &#8211; \u00ab\u00a0R\u00f4le possible\u00a0\u00bb des vaccins &#8211;<\/p>\n<p>\n Ces derni\u00e8res mettent en avant \u00ab\u00a0quatre facteurs potentiels\u00a0\u00bb de risque pour les maladies chroniques comme l&rsquo;ob\u00e9sit\u00e9, le diab\u00e8te ou encore les troubles de la sant\u00e9 mentale: la \u00ab\u00a0mauvaise alimentation\u00a0\u00bb, \u00ab\u00a0l&rsquo;accumulation de produits chimiques dans l&rsquo;environnement\u00a0\u00bb, \u00ab\u00a0le manque d&rsquo;activit\u00e9 physique et le stress chronique\u00a0\u00bb et la \u00ab\u00a0surm\u00e9dicalisation\u00a0\u00bb.\n<\/p>\n<p>\n Des th\u00e8mes faisant dans les grandes lignes consensus chez les experts, m\u00eame si les d\u00e9tails et explications fournis dans le rapport ont suscit\u00e9 la col\u00e8re de certains d&rsquo;entre eux et d&rsquo;organisations.\n<\/p>\n<p>\n \u00ab\u00a0Plut\u00f4t que de se concentrer sur les causes profondes (&#8230;), le rapport recycle toutes les obsessions du ministre Kennedy, des vaccins aux ol\u00e9agineux en passant par le manque d&rsquo;exposition \u00e0 la lumi\u00e8re du soleil\u00a0\u00bb, a ainsi d\u00e9nonc\u00e9 Peter Lurie, pr\u00e9sident de l&rsquo;association de d\u00e9fense des consommateurs Center for Science in the Public Interest (CSPI) dans un communiqu\u00e9.\n<\/p>\n<p>\n Dans la partie d\u00e9di\u00e9e \u00e0 la \u00ab\u00a0surm\u00e9dicalisation\u00a0\u00bb, les auteurs du rapport consacrent en effet toute une section aux vaccins, dont ils remettent en cause \u00e0 demi-mot le rapport b\u00e9n\u00e9fice-risque.\n<\/p>\n<p>\n \u00ab\u00a0Nombre (de parents) s&rsquo;interrogent sur l&rsquo;utilisation appropri\u00e9e des vaccins et sur leur r\u00f4le possible dans la crise croissante des maladies chroniques chez l&rsquo;enfant\u00a0\u00bb, \u00e9crivent-ils notamment, pointant le trop faible nombre selon eux \u00ab\u00a0d&rsquo;\u00e9tudes scientifiques (&#8230;) sur les liens entre les vaccins et les maladies chroniques\u00a0\u00bb.\n<\/p>\n<p>\n Des formulations qui ne sont pas sans rappeler les propos de Robert Kennedy Jr, qui s&rsquo;est fait \u00e0 plusieurs reprises le relais d&rsquo;une fausse th\u00e9orie \u00e9tablissant un lien entre le vaccin ROR (rougeole, oreillons et rub\u00e9ole) et l&rsquo;autisme &#8211; qu&rsquo;il consid\u00e8re \u00eatre l&rsquo;une des maladies chroniques en pleine expansion.\n<\/p>\n<p>\n Une sp\u00e9culation issue d&rsquo;une \u00e9tude truqu\u00e9e qui a \u00e9t\u00e9 maintes fois d\u00e9mentie par des travaux post\u00e9rieurs, et dont la promotion par le ministre de la Sant\u00e9 a vivement \u00e9t\u00e9 condamn\u00e9e par les experts et professionnels de sant\u00e9.\n<\/p>\n<p> &#8211; \u00ab\u00a0Beurre et saindoux\u00a0\u00bb &#8211;<\/p>\n<p>\n Cet ancien avocat respect\u00e9 en droit de l&rsquo;environnement, qui avait plaid\u00e9 contre Monsanto dans l&rsquo;affaire de l&rsquo;herbicide Roundup, est toutefois appr\u00e9ci\u00e9 des experts et \u00e9lus, d\u00e9mocrates comme r\u00e9publicains, pour son combat contre la malbouffe et les pesticides. Le rapport \u00e9tait ainsi largement attendu par l&rsquo;industrie agroalimentaire.\n<\/p>\n<p>\n Les pesticides ne sont toutefois que rapidement \u00e9voqu\u00e9s dans le document, qui met davantage l&rsquo;accent sur les risques li\u00e9s aux aliments ultra-transform\u00e9s, et promeut notamment la consommation d&rsquo;aliments entiers.\n<\/p>\n<p>\n \u00ab\u00a0Une bonne id\u00e9e\u00a0\u00bb mais qui est \u00ab\u00a0en contradiction avec les efforts de RFK, de Trump et de Musk\u00a0\u00bb pour r\u00e9duire les d\u00e9penses de l&rsquo;Etat, en taillant notamment dans des programmes d&rsquo;aide alimentaire \u00e0 destination des familles les plus pauvres, souligne Peter Lurie.\n<\/p>\n<p>\n \u00ab\u00a0Au lieu de demander une r\u00e9duction des graisses satur\u00e9es, RFK demande plus de beurre et de saindoux\u00a0\u00bb, fustige quant \u00e0 lui Lawrence Gostin, professeur de droit de la sant\u00e9 publique \u00e0 l&rsquo;universit\u00e9 de Georgetown, sur X, d\u00e9non\u00e7ant \u00ab\u00a0un torchon antiscience\u00a0\u00bb.\n<\/p>\n<p>\n Ce document doit servir de base \u00e0 l&rsquo;\u00e9tablissement d&rsquo;une feuille de route de potentielles solutions pour l&rsquo;ex\u00e9cutif, qui devrait \u00eatre publi\u00e9e \u00e0 l&rsquo;\u00e9t\u00e9.<\/p>\n","protected":false},"excerpt":{"rendered":"Le ministre am\u00e9ricain de la Sant\u00e9 Robert Kennedy Jr, lors d&rsquo;une audition devant un comit\u00e9 du S\u00e9nat \u00e0&hellip;\n","protected":false},"author":2,"featured_media":122292,"comment_status":"","ping_status":"","sticky":false,"template":"","format":"standard","meta":{"footnotes":""},"categories":[10],"tags":[400,398,408,405,1011,27,72,403,402,399,404,71,401,406,407],"class_list":{"0":"post-122291","1":"post","2":"type-post","3":"status-publish","4":"format-standard","5":"has-post-thumbnail","7":"category-sante","8":"tag-action-cac-40","9":"tag-bourse-de-paris","10":"tag-boursorama","11":"tag-cotations","12":"tag-fr","13":"tag-france","14":"tag-health","15":"tag-indices-devises","16":"tag-investir","17":"tag-investissement","18":"tag-marche-boursier","19":"tag-sante","20":"tag-sicav","21":"tag-trackers","22":"tag-warrants"},"share_on_mastodon":{"url":"https:\/\/pubeurope.com\/@fr\/114557882457740244","error":""},"_links":{"self":[{"href":"https:\/\/www.europesays.com\/fr\/wp-json\/wp\/v2\/posts\/122291","targetHints":{"allow":["GET"]}}],"collection":[{"href":"https:\/\/www.europesays.com\/fr\/wp-json\/wp\/v2\/posts"}],"about":[{"href":"https:\/\/www.europesays.com\/fr\/wp-json\/wp\/v2\/types\/post"}],"author":[{"embeddable":true,"href":"https:\/\/www.europesays.com\/fr\/wp-json\/wp\/v2\/users\/2"}],"replies":[{"embeddable":true,"href":"https:\/\/www.europesays.com\/fr\/wp-json\/wp\/v2\/comments?post=122291"}],"version-history":[{"count":0,"href":"https:\/\/www.europesays.com\/fr\/wp-json\/wp\/v2\/posts\/122291\/revisions"}],"wp:featuredmedia":[{"embeddable":true,"href":"https:\/\/www.europesays.com\/fr\/wp-json\/wp\/v2\/media\/122292"}],"wp:attachment":[{"href":"https:\/\/www.europesays.com\/fr\/wp-json\/wp\/v2\/media?parent=122291"}],"wp:term":[{"taxonomy":"category","embeddable":true,"href":"https:\/\/www.europesays.com\/fr\/wp-json\/wp\/v2\/categories?post=122291"},{"taxonomy":"post_tag","embeddable":true,"href":"https:\/\/www.europesays.com\/fr\/wp-json\/wp\/v2\/tags?post=122291"}],"curies":[{"name":"wp","href":"https:\/\/api.w.org\/{rel}","templated":true}]}}