{"id":122294,"date":"2025-05-23T15:36:08","date_gmt":"2025-05-23T15:36:08","guid":{"rendered":"https:\/\/www.europesays.com\/fr\/122294\/"},"modified":"2025-05-23T15:36:08","modified_gmt":"2025-05-23T15:36:08","slug":"je-suis-ravi-dannoncer-stephane-plaza-apres-les-ennuis-judiciaires-sa-grande-annonce-sur-instagram","status":"publish","type":"post","link":"https:\/\/www.europesays.com\/fr\/122294\/","title":{"rendered":"\u00ab\u00a0Je suis ravi d\u2019annoncer\u2026\u00a0\u00bb : St\u00e9phane Plaza, apr\u00e8s les ennuis judiciaires, sa grande annonce sur Instagram"},"content":{"rendered":"<p>Une publication qui va ravir et rassurer ses fans. Depuis plusieurs semaines, et <a href=\"https:\/\/www.public.fr\/je-prefere-vous-le-dire-moi-meme-la-grande-annonce-de-stephane-plaza-apres-sa-condamnation\" target=\"_blank\" rel=\"noopener\">sa condamnation pour violences conjugales<\/a> pour laquelle il a d\u00e9cid\u00e9 de faire appel, <a href=\"https:\/\/www.public.fr\/tag\/stephane-plaza\" target=\"_blank\" rel=\"noopener\">St\u00e9phane Plaza<\/a> se fait de plus en plus discret. Il a n\u00e9anmoins accept\u00e9 de se confier au micro de Jordan de Luxe en d\u00e9but de semaine, et \u00e9voquer sans fard les sujets qui f\u00e2chent.\u00a0<\/p>\n<p>N\u00e9anmoins, pour le moment, il n\u2019a pas encore fait son retour sur M6 et le groupe devra attendre la d\u00e9cision de justice, en appel, avant de prendre une d\u00e9cision pour une \u00e9ventuelle r\u00e9int\u00e9gration dans ses \u00e9quipes. En attendant, l\u2019acolyte de<a href=\"https:\/\/www.public.fr\/tag\/karine-le-marchand\" target=\"_blank\" rel=\"noopener\"> Karine Le Marchand<\/a> ne ch\u00f4me pas.<\/p>\n<p>St\u00e9phane Plaza toujours dans l&rsquo;immobilier malgr\u00e9 sa condamnation<\/p>\n<p>Si nous ignorons ses \u00e9ventuels projets \u00e0 la t\u00e9l\u00e9vision, St\u00e9phane Plaza continue d\u2019officier dans le domaine qui le passionne depuis toujours : l\u2019immobilier. En effet, avant de devenir l\u2019un des animateurs embl\u00e9matiques du groupe M6, <a href=\"https:\/\/vsd.fr\/tag\/stephane-plaza\/\" target=\"_blank\" rel=\"noopener\">le pr\u00e9sentateur de 54 ans<\/a> vendait des maisons et des appartements.<\/p>\n<p>Un m\u00e9tier qu\u2019il a poursuivi en parall\u00e8le de celui d\u2019animateur. Et malgr\u00e9 la d\u00e9cision d\u2019une partie de ses franchis\u00e9s de <a href=\"https:\/\/www.public.fr\/stephane-plaza-tres-mauvaise-nouvelle-pour-lagent-star\" target=\"_blank\" rel=\"noopener\">changer de nom<\/a>, sa soci\u00e9t\u00e9 Plaza Immobilier continue de signer des mandats et faire du chiffre. D\u2019ailleurs, le principal int\u00e9ress\u00e9 continue lui aussi de se consacrer \u00e0 son m\u00e9tier. La preuve, avec sa publication Instagram de ce vendredi 23 mai 2025.<\/p>\n<p>St\u00e9phane Plaza a en effet publi\u00e9 une vid\u00e9o dans laquelle nous pouvons le retrouver en train de travailler dans l\u2019une de ses agences. L\u2019occasion pour l\u2019animateur et agent immobilier de 54 ans, de faire une belle d\u00e9claration d\u2019amour \u00e0 son m\u00e9tier.<\/p>\n<p>Sa bonne nouvelle annonc\u00e9e sur Instagram<\/p>\n<p>\u00ab\u00a0<strong>Ma passion, mon m\u00e9tier : l\u2019immobilier. Chaque jour, je me l\u00e8ve avec la m\u00eame envie, la m\u00eame \u00e9nergie, la m\u00eame d\u00e9termination<\/strong>. Je suis fier de ces 4000 ind\u00e9pendants engag\u00e9s qui, partout en France, partagent cette m\u00eame passion et contribuent \u00e0 faire rayonner notre belle aventure commune. Pensez avant tout \u00e0 ces femmes et ces hommes qui donnent vie \u00e0 ce m\u00e9tier, qui accompagnent, conseillent et rendent possibles les plus beaux projets de vie\u00a0\u00bb, \u00e9crit-il dans un premier temps.<\/p>\n<p>Avant de poursuivre, ravi : \u00ab\u00a0Derri\u00e8re chaque bien, chaque cl\u00e9 remise, chaque sourire : il y a de l\u2019humain. C\u2019est pourquoi <strong>je suis ravi d\u2019annoncer l\u2019arriv\u00e9e de Rachid dans notre belle \u00e9quipe de St\u00e9phane Plaza Immobilier Paris 11<\/strong>. Motiv\u00e9, souriant et engag\u00e9, il a d\u00e9cid\u00e9 de rejoindre l\u2019aventure \u00e0 nos c\u00f4t\u00e9s. Une vraie fiert\u00e9 de le compter parmi nous !\u00a0\u00bb.<\/p>\n<p>Heureux de compter une nouvelle recrue dans ses agences, St\u00e9phane Plaza reste motiv\u00e9 et compte bien garder le sourire en travaillant chaque jour dans le domaine qui le passionne depuis toujours. Le tout, \u00ab\u00a0avec bienveillance, respect et amour. Toujours\u00a0\u00bb.<\/p>\n<p>      Mentionn\u00e9s dans cet article<\/p>\n<p>\u00c0 lire aussi<\/p>\n","protected":false},"excerpt":{"rendered":"Une publication qui va ravir et rassurer ses fans. Depuis plusieurs semaines, et sa condamnation pour violences conjugales&hellip;\n","protected":false},"author":2,"featured_media":122295,"comment_status":"","ping_status":"","sticky":false,"template":"","format":"standard","meta":{"footnotes":""},"categories":[8],"tags":[24432,58,59,1011,27,5413,494,7221],"class_list":{"0":"post-122294","1":"post","2":"type-post","3":"status-publish","4":"format-standard","5":"has-post-thumbnail","7":"category-divertissement","8":"tag-agent-immobilier","9":"tag-divertissement","10":"tag-entertainment","11":"tag-fr","12":"tag-france","13":"tag-karine-le-marchand","14":"tag-m6","15":"tag-stephane-plaza"},"share_on_mastodon":{"url":"https:\/\/pubeurope.com\/@fr\/114557890773783647","error":""},"_links":{"self":[{"href":"https:\/\/www.europesays.com\/fr\/wp-json\/wp\/v2\/posts\/122294","targetHints":{"allow":["GET"]}}],"collection":[{"href":"https:\/\/www.europesays.com\/fr\/wp-json\/wp\/v2\/posts"}],"about":[{"href":"https:\/\/www.europesays.com\/fr\/wp-json\/wp\/v2\/types\/post"}],"author":[{"embeddable":true,"href":"https:\/\/www.europesays.com\/fr\/wp-json\/wp\/v2\/users\/2"}],"replies":[{"embeddable":true,"href":"https:\/\/www.europesays.com\/fr\/wp-json\/wp\/v2\/comments?post=122294"}],"version-history":[{"count":0,"href":"https:\/\/www.europesays.com\/fr\/wp-json\/wp\/v2\/posts\/122294\/revisions"}],"wp:featuredmedia":[{"embeddable":true,"href":"https:\/\/www.europesays.com\/fr\/wp-json\/wp\/v2\/media\/122295"}],"wp:attachment":[{"href":"https:\/\/www.europesays.com\/fr\/wp-json\/wp\/v2\/media?parent=122294"}],"wp:term":[{"taxonomy":"category","embeddable":true,"href":"https:\/\/www.europesays.com\/fr\/wp-json\/wp\/v2\/categories?post=122294"},{"taxonomy":"post_tag","embeddable":true,"href":"https:\/\/www.europesays.com\/fr\/wp-json\/wp\/v2\/tags?post=122294"}],"curies":[{"name":"wp","href":"https:\/\/api.w.org\/{rel}","templated":true}]}}