{"id":122302,"date":"2025-05-23T15:40:10","date_gmt":"2025-05-23T15:40:10","guid":{"rendered":"https:\/\/www.europesays.com\/fr\/122302\/"},"modified":"2025-05-23T15:40:10","modified_gmt":"2025-05-23T15:40:10","slug":"dans-les-hotels-ou-les-transports-sarah-el-hairy-prone-une-contre-tendance-pro-kids","status":"publish","type":"post","link":"https:\/\/www.europesays.com\/fr\/122302\/","title":{"rendered":"Dans les h\u00f4tels ou les transports, Sarah El\u00a0Ha\u00efry pr\u00f4ne une \u00ab\u00a0contre-tendance pro-kids\u00a0\u00bb"},"content":{"rendered":"<p>        <img decoding=\"async\" loading=\"lazy\" src=\"https:\/\/www.europesays.com\/fr\/wp-content\/uploads\/2025\/05\/a037b52_1686821306802-gettyimages-1245076261.jpg\"  width=\"728\" height=\"409\" alt=\"Sarah El Hairy \u00e0 Marseille dans le cadre de la cl\u00f4ture de l\u2019Ann\u00e9e europ\u00e9enne de la jeunesse 2022. \"\/>  <\/p>\n<p>SOPA Images \/ SOPA Images\/LightRocket via Gett<\/p>\n<p>Sarah El Hairy \u00e0 Marseille dans le cadre de la cl\u00f4ture de l\u2019Ann\u00e9e europ\u00e9enne de la jeunesse 2022. <\/p>\n<p class=\"asset asset-text\">ENFANTS &#8211; La fronde de <a href=\"https:\/\/www.huffingtonpost.fr\/politique\/article\/face-a-la-crise-nos-engagements-pour-la-jeunesse-de-france_184944.html\" target=\"_blank\" rel=\"noopener\">Sarah El\u00a0Ha\u00efry<\/a> contre le \u00ab\u00a0no kids\u00a0\u00bb dans les lieux publics ou touristiques n\u2019est pas termin\u00e9e. Apr\u00e8s avoir pris position le 15\u00a0mai contre \u00ab\u00a0le d\u00e9veloppement de mouvements, <a href=\"https:\/\/www.huffingtonpost.fr\/life\/article\/je-n-arrive-pas-a-comprendre-cette-nouvelle-tendance-des-endroits-interdits-aux-enfants_133021.html\" target=\"_blank\" rel=\"noopener\">d\u2019espace \u201cno kids\u201d<\/a>, <a href=\"https:\/\/www.huffingtonpost.fr\/life\/article\/vive-mes-vacances-sans-enfants-blog_198309.html\" target=\"_blank\" rel=\"noopener\">o\u00f9 les enfants ne sont plus les bienvenus<\/a>, o\u00f9 les enfants sont invisibilis\u00e9s, voire interdits\u00a0\u00bb, la Haute-commissaire \u00e0 l\u2019Enfance souhaite aller plus loin.<\/p>\n<p class=\"asset asset-text\">Dans <a href=\"https:\/\/www.leparisien.fr\/societe\/famille\/societe-pro-kids-adoption-accouchement-sous-x-les-propositions-de-sarah-el-hairy-pour-lenfance-23-05-2025-O6FDPBYPINCDDAUM3JUB72PLEQ.php?ts=1748003420183\" target=\"_blank\" rel=\"noopener\" title=\"Nouvelle fen\u00eatre\">Le Parisien<\/a> ce 23\u00a0mai, elle d\u00e9nonce cette tendance, encore tr\u00e8s minoritaire en France, qu\u2019elle d\u00e9crit comme \u00ab\u00a0une violence faite aux enfants\u00a0\u00bb. \u00ab\u00a0On ne peut pas dire d\u2019un c\u00f4t\u00e9 qu\u2019il faut accompagner les familles et de l\u2019autre distiller l\u2019id\u00e9e que les enfants sont une nuisance\u00a0\u00bb, souligne-t-elle dans une interview accord\u00e9e \u00e0 nos confr\u00e8res. Elle y insiste sur la pression qui s\u2019exerce \u00e0 la fois sur les enfants et les parents.<\/p>\n<p class=\"asset asset-text\">\u00ab\u00a0On n\u2019accepte plus qu\u2019ils pleurent, qu\u2019ils bougent, qu\u2019ils parlent, et on met une pression extr\u00eamement forte sur les parents pour \u00e9viter qu\u2019ils interagissent avec eux dans les lieux publics, s\u2019agace-t-elle. Voil\u00e0 pourquoi on met son fils ou sa fille devant un dessin anim\u00e9 dans le train. D\u2019un c\u00f4t\u00e9, <a href=\"https:\/\/www.huffingtonpost.fr\/life\/article\/les-ecrans-affectent-le-langage-des-enfants-confirme-cette-etude-qui-evoque-des-pistes-d-amelioration_230616.html\" target=\"_blank\" rel=\"noopener\">on culpabilise les parents<\/a>, de l\u2019autre, plus personne n\u2019accepte que les enfants bougent. Ce n\u2019est pas entendable\u00a0!\u00a0\u00bb<\/p>\n<p>    \u00ab\u00a0Aller plus loin que les wagons famille dans les trains\u00a0\u00bb    <\/p>\n<p class=\"asset asset-text\">Elle annonce dans Le Parisien qu\u2019elle souhaite agir et \u00ab\u00a0promouvoir une contre-tendance pro-kids\u00a0\u00bb. Elle compte notamment r\u00e9unir, mardi 27\u00a0mai, l\u2019ensemble des f\u00e9d\u00e9rations du tourisme, des transports, de l\u2019urbanisme pour \u00ab\u00a0penser une soci\u00e9t\u00e9 \u00e0 hauteur d\u2019enfant\u00a0\u00bb. \u00ab\u00a0Il y a bien un wagon famille dans les trains mais je suis s\u00fbre que l\u2019on peut aller plus loin. Il faut inclure les enfants\u00a0\u00bb, promet-elle.<\/p>\n<p class=\"asset asset-text\">Interrog\u00e9e sur le fait de porter plainte contre les \u00e9tablissements &#8211; h\u00f4tels, compagnies, campings &#8211; qui discriminent les enfants, elle n\u2019est pas contre et dit \u00eatre en train d\u2019\u00e9tudier cette piste. \u00ab\u00a0Mes services juridiques sont en train d\u2019analyser la situation. La tendance \u201cno-kids\u201d ne doit pas s\u2019installer dans l\u2019opinion\u00a0\u00bb, mart\u00e8le-t-elle.<\/p>\n<p class=\"asset asset-text\">L\u2019article\u00a0225-1 du Code p\u00e9nal interdit d\u00e9j\u00e0 \u00ab\u00a0toute distinction op\u00e9r\u00e9e entre les personnes physiques, sur fondement de leurs origines, leur sexe, leur situation de famille, leur \u00e2ge\u00a0\u00bb, sous peine de trois ans d\u2019emprisonnement et 45\u00a0000\u00a0euros d\u2019amende. Les h\u00f4tels et restaurants en question flirtent donc avec la l\u00e9galit\u00e9 en cr\u00e9ant des espaces \u00ab\u00a0uniquement pour les adultes\u00a0\u00bb (adults only) et non \u00ab\u00a0interdits aux enfants\u00a0\u00bb.<\/p>\n<p class=\"asset asset-text\">La s\u00e9natrice socialiste Laurence Rossignol, par le biais d\u2019une proposition de loi, souhaite ajouter \u00e0 cet article la phrase suivante\u00a0: \u00ab\u00a0Constitue \u00e9galement une discrimination l\u2019exclusion de mineurs de lieux de vie, de l\u2019espace public, d\u2019espaces commerciaux, des transports et toute autre exclusion qui ne serait pas justifi\u00e9e par des exigences de s\u00e9curit\u00e9 propres aux enfants ou par l\u2019absence de capacit\u00e9 civile.\u00a0\u00bb Son objectif\u00a0: \u00ab\u00a0attirer l\u2019attention du d\u00e9bat public\u00a0\u00bb avant que cette pratique commerciale ne s\u2019installe dans notre pays. Une proposition qui va dans le sens de Sarah El\u00a0Ha\u00efry.<\/p>\n<p class=\"asset asset-text\"><strong>\u00c0 voir \u00e9galement sur Le HuffPost\u00a0:<\/strong><\/p>\n<p> La lecture de ce contenu est susceptible d\u2019entra\u00eener un d\u00e9p\u00f4t de cookies de la part de l\u2019op\u00e9rateur tiers qui l\u2019h\u00e9berge. Compte-tenu des choix que vous avez exprim\u00e9s en mati\u00e8re de d\u00e9p\u00f4t de cookies, nous avons bloqu\u00e9 l\u2019affichage de ce contenu. Si vous souhaitez y acc\u00e9der, vous devez accepter la cat\u00e9gorie de cookies \u201cContenus tiers\u201d en cliquant sur le bouton ci-dessous. <\/p>\n<p> Lire la Vid\u00e9o                <\/p>\n","protected":false},"excerpt":{"rendered":"SOPA Images \/ SOPA Images\/LightRocket via Gett Sarah El Hairy \u00e0 Marseille dans le cadre de la cl\u00f4ture&hellip;\n","protected":false},"author":2,"featured_media":122303,"comment_status":"","ping_status":"","sticky":false,"template":"","format":"standard","meta":{"footnotes":""},"categories":[4],"tags":[11,1719,1011,27,5656,12,316,5791,25,602,2528],"class_list":{"0":"post-122302","1":"post","2":"type-post","3":"status-publish","4":"format-standard","5":"has-post-thumbnail","7":"category-france","8":"tag-actualites","9":"tag-enfants","10":"tag-fr","11":"tag-france","12":"tag-life","13":"tag-news","14":"tag-politique","15":"tag-relation-parent-enfant","16":"tag-republique-francaise","17":"tag-tourisme","18":"tag-vacances"},"share_on_mastodon":{"url":"https:\/\/pubeurope.com\/@fr\/114557906092666615","error":""},"_links":{"self":[{"href":"https:\/\/www.europesays.com\/fr\/wp-json\/wp\/v2\/posts\/122302","targetHints":{"allow":["GET"]}}],"collection":[{"href":"https:\/\/www.europesays.com\/fr\/wp-json\/wp\/v2\/posts"}],"about":[{"href":"https:\/\/www.europesays.com\/fr\/wp-json\/wp\/v2\/types\/post"}],"author":[{"embeddable":true,"href":"https:\/\/www.europesays.com\/fr\/wp-json\/wp\/v2\/users\/2"}],"replies":[{"embeddable":true,"href":"https:\/\/www.europesays.com\/fr\/wp-json\/wp\/v2\/comments?post=122302"}],"version-history":[{"count":0,"href":"https:\/\/www.europesays.com\/fr\/wp-json\/wp\/v2\/posts\/122302\/revisions"}],"wp:featuredmedia":[{"embeddable":true,"href":"https:\/\/www.europesays.com\/fr\/wp-json\/wp\/v2\/media\/122303"}],"wp:attachment":[{"href":"https:\/\/www.europesays.com\/fr\/wp-json\/wp\/v2\/media?parent=122302"}],"wp:term":[{"taxonomy":"category","embeddable":true,"href":"https:\/\/www.europesays.com\/fr\/wp-json\/wp\/v2\/categories?post=122302"},{"taxonomy":"post_tag","embeddable":true,"href":"https:\/\/www.europesays.com\/fr\/wp-json\/wp\/v2\/tags?post=122302"}],"curies":[{"name":"wp","href":"https:\/\/api.w.org\/{rel}","templated":true}]}}