{"id":122308,"date":"2025-05-23T15:43:09","date_gmt":"2025-05-23T15:43:09","guid":{"rendered":"https:\/\/www.europesays.com\/fr\/122308\/"},"modified":"2025-05-23T15:43:09","modified_gmt":"2025-05-23T15:43:09","slug":"saint-etienne-les-transports-en-commun-de-la-stas-gratuits-ce-week-end","status":"publish","type":"post","link":"https:\/\/www.europesays.com\/fr\/122308\/","title":{"rendered":"Saint-\u00c9tienne : les transports en commun de la STAS gratuits ce week-end !"},"content":{"rendered":"<p>\u00c0 l&rsquo;occasion de la Biennale Internationale Design, les transports de la STAS seront gratuits ce week-end \u00e0 Saint-\u00c9tienne.<\/p>\n<p>Bonne nouvelle pour les voyageurs de <b>Saint-\u00c9tienne M\u00e9tropole<\/b> ! Ce week-end des 24 et 25 mai, le r\u00e9seau de transports de <b>la STAS<\/b> sera enti\u00e8rement gratuit.<\/p>\n<p>Les transports et les expos de la Biennale gratuits \u00e0 Saint-\u00c9tienne<\/p>\n<p>Les bus et les trams seront donc accessibles <b>gratuitement<\/b>, tout comme les parkings relais, pour le week-end inaugural de <b>la 13e \u00e9dition de la\u00a0Biennale Internationale Design<\/b> (22 mai &#8211; 6 juillet).<\/p>\n<p>\u00c0 noter que les expositions de la Biennale, \u00e0 la Cit\u00e9 du Design, seront aussi en acc\u00e8s gratuit samedi 24 et dimanche 25 mai.<\/p>\n<p>Toutes les informations sur le site de la STAS (<a class=\"url\" href=\"https:\/\/www.reseau-stas.fr\/\" target=\"_blank\" rel=\"noopener\">cliquez ici<\/a>) et sur la billetterie de la Biennale (<a class=\"url\" href=\"https:\/\/citedudesign.tickeasy.com\/fr-FR\/produits\" target=\"_blank\" rel=\"noopener\">cliquez ici<\/a>).<\/p>\n<p><img loading=\"lazy\" decoding=\"async\" src=\"https:\/\/www.europesays.com\/fr\/wp-content\/uploads\/2025\/05\/1748014989_214_img\" width=\"350\" height=\"200\" border=\"0\" title=\"La Grotte Azzura, \u00c3\u00a0 Saint-\u00c3\u0089tienne, fait l'objet d'une fermeture administrative\"\/><\/p>\n<p>\u25baFaits divers<\/p>\n<p style=\"font-size: 22px;\"><b>Saint-\u00c9tienne : un restaurant italien ferm\u00e9 \u00e0 cause de soucis d&rsquo;hygi\u00e8ne<\/b><\/p>\n<p>\u00c0 Saint-\u00c9tienne, la pizzeria La Grotte Azzura&#8230;<\/p>\n<p><\/p>\n","protected":false},"excerpt":{"rendered":"\u00c0 l&rsquo;occasion de la Biennale Internationale Design, les transports de la STAS seront gratuits ce week-end \u00e0 Saint-\u00c9tienne.&hellip;\n","protected":false},"author":2,"featured_media":122309,"comment_status":"","ping_status":"","sticky":false,"template":"","format":"standard","meta":{"footnotes":""},"categories":[9653],"tags":[1111,11,2430,24436,7048,1777,674,1011,27,12,25,9920,4001,24434,24435,2216],"class_list":{"0":"post-122308","1":"post","2":"type-post","3":"status-publish","4":"format-standard","5":"has-post-thumbnail","7":"category-saint-etienne","8":"tag-actu","9":"tag-actualites","10":"tag-auvergne-rhone-alpes","11":"tag-biennale","12":"tag-bus","13":"tag-eu","14":"tag-europe","15":"tag-fr","16":"tag-france","17":"tag-news","18":"tag-republique-francaise","19":"tag-saint-tienne","20":"tag-saint-etienne","21":"tag-stas","22":"tag-trams","23":"tag-transports-en-commun"},"share_on_mastodon":{"url":"https:\/\/pubeurope.com\/@fr\/114557917966835115","error":""},"_links":{"self":[{"href":"https:\/\/www.europesays.com\/fr\/wp-json\/wp\/v2\/posts\/122308","targetHints":{"allow":["GET"]}}],"collection":[{"href":"https:\/\/www.europesays.com\/fr\/wp-json\/wp\/v2\/posts"}],"about":[{"href":"https:\/\/www.europesays.com\/fr\/wp-json\/wp\/v2\/types\/post"}],"author":[{"embeddable":true,"href":"https:\/\/www.europesays.com\/fr\/wp-json\/wp\/v2\/users\/2"}],"replies":[{"embeddable":true,"href":"https:\/\/www.europesays.com\/fr\/wp-json\/wp\/v2\/comments?post=122308"}],"version-history":[{"count":0,"href":"https:\/\/www.europesays.com\/fr\/wp-json\/wp\/v2\/posts\/122308\/revisions"}],"wp:featuredmedia":[{"embeddable":true,"href":"https:\/\/www.europesays.com\/fr\/wp-json\/wp\/v2\/media\/122309"}],"wp:attachment":[{"href":"https:\/\/www.europesays.com\/fr\/wp-json\/wp\/v2\/media?parent=122308"}],"wp:term":[{"taxonomy":"category","embeddable":true,"href":"https:\/\/www.europesays.com\/fr\/wp-json\/wp\/v2\/categories?post=122308"},{"taxonomy":"post_tag","embeddable":true,"href":"https:\/\/www.europesays.com\/fr\/wp-json\/wp\/v2\/tags?post=122308"}],"curies":[{"name":"wp","href":"https:\/\/api.w.org\/{rel}","templated":true}]}}