{"id":122314,"date":"2025-05-23T15:46:12","date_gmt":"2025-05-23T15:46:12","guid":{"rendered":"https:\/\/www.europesays.com\/fr\/122314\/"},"modified":"2025-05-23T15:46:12","modified_gmt":"2025-05-23T15:46:12","slug":"transferts-un-pilier-de-toulouse-dans-le-viseur-de-toulon-pour-la-saison-prochaine","status":"publish","type":"post","link":"https:\/\/www.europesays.com\/fr\/122314\/","title":{"rendered":"Transferts. Un pilier de Toulouse dans le viseur de Toulon pour la saison prochaine"},"content":{"rendered":"<p>            Par<br \/>\n        <strong><br \/>\n            <a href=\"https:\/\/actu.fr\/auteur\/redaction-rugby\" title=\"Consulter tous les articles de R\u00e9daction Rugby\" rel=\"nofollow noopener\" target=\"_blank\">R\u00e9daction Rugby<\/a><br \/>\n        <\/strong><\/p>\n<p>        Publi\u00e9 le<\/p>\n<p>            23 mai 2025 \u00e0 16h41        <\/p>\n<p>Souvent un acteur majeur sur le <strong>march\u00e9 des transferts<\/strong>, le <a href=\"https:\/\/actu.fr\/rugby\/equipe\/toulon_64dd31547b8c09c4fec881a2\/\" rel=\"nofollow noopener\" target=\"_blank\">RC Toulon<\/a> n\u2019est pas avare de gros coups dans son recrutement saison apr\u00e8s saison, m\u00eame si <a href=\"https:\/\/actu.fr\/provence-alpes-cote-d-azur\/toulon_83137\/si-je-venais-c-etait-pour-des-mauvaises-raisons-le-gros-coup-que-bernard-laporte-a-manque-a-toulon_62575707.html\" rel=\"nofollow noopener\" target=\"_blank\">certaines tentatives \u00e9chouent<\/a> parfois. En qu\u00eate de renforts en premi\u00e8re ligne, notamment au poste de pilier droit, <strong>Toulon pourrait piocher<\/strong> du c\u00f4t\u00e9 du <a href=\"https:\/\/actu.fr\/rugby\/equipe\/toulouse_64dd31517b8c09c4fec880ad\/\" rel=\"nofollow noopener\" target=\"_blank\">Stade Toulousain<\/a> pour la saison prochaine.<\/p>\n<p>Transferts : un pilier de Toulouse vers Toulon ?<\/p>\n<p class=\" wall-content\">Pr\u00eat\u00e9 \u00e0 Provence Rugby depuis 2023, o\u00f9 il a disput\u00e9 44 rencontres (dont 27 titularisations), Paul Mallez est, selon les informations d\u2019Actu Rugby, dans le viseur du RC Toulon. Et bien qu\u2019il n\u2019ait pas disput\u00e9 la moindre minute en rouge et noir cette saison (6 matchs l\u2019an pass\u00e9), il est bel et bien sous contrat avec Toulouse \u00e0 ce jour.<\/p>\n<p class=\" wall-content\">Dans les colonnes de Var-Matin parues ce jeudi, le pr\u00e9sident du club varois, Bernard Lema\u00eetre, a officialis\u00e9 les arriv\u00e9es des futurs Rouge et Noir, notamment celles de Zach Mercer, Mathis Fert\u00e9 ou encore Patrick Tuifua (d\u00e9j\u00e0 annonc\u00e9 par le club).<\/p>\n<p class=\" wall-content\">Il a \u00e9galement pr\u00e9cis\u00e9 que le club cherchait \u00e0 densifier son effectif au poste de pilier et au centre de l\u2019attaque. La potentielle venue de Tommaso Menoncello, <a href=\"https:\/\/actu.fr\/nouvelle-aquitaine\/la-rochelle_17300\/transferts-le-dossier-menoncello-en-stand-by-a-la-rochelle-pourquoi-ca-bloque_62488341.html\" rel=\"nofollow noopener\" target=\"_blank\">d\u00e9j\u00e0 \u00e9voqu\u00e9e sur Actu Rugby<\/a>, pourrait \u00eatre relanc\u00e9e dans le Var.<\/p>\n<p>Paul Mallez, deux ans \u00e0 Provence Rugby pour exploser<\/p>\n<p class=\" wall-content\">International U20, Mallez a disput\u00e9 le Mondial 2018 puis les \u00e9ditions 2019 et 2020 du Tournoi des 6 Nations. Arriv\u00e9 au Stade Toulousain lors de sa premi\u00e8re convocation \u00e0 un Tournoi, il a eu peu d\u2019occasions de se montrer en Haute-Garonne (24 matchs, dont 2 titularisations).<\/p>\n<p class=\" wall-content\">En qu\u00eate d\u2019un renfort \u00e0 droite suite au d\u00e9part d\u2019Emerick Setiano vers Bayonne, Paul Mallez semble \u00eatre devenu une cible de choix pour le RCT. Malgr\u00e9 de solides prestations en Pro D2, son avenir pourrait effectivement \u00eatre bouch\u00e9 \u00e0 Toulouse par les \u00e9closions de Jo\u00ebl Merkler et Malachi Hawkes. Son chemin vers le Top 14 pourrait devoir passer par le Var.<\/p>\n<p class=\" wall-content\"><strong>Tanguy Scigala<\/strong><\/p>\n<p class=\" wall-content\">Suivez toute l\u2019actualit\u00e9 de vos villes et m\u00e9dias favoris en vous inscrivant \u00e0 <a href=\"https:\/\/moncompte.actu.fr\" title=\"D\u00e9couvez Mon Actu\" rel=\"nofollow noopener\" data-trk=\"{&quot;cta&quot;:{&quot;action&quot;:&quot;https:\\\/\\\/moncompte.actu.fr&quot;,&quot;category&quot;:&quot;mon compte&quot;,&quot;from&quot;:&quot;article footer&quot;,&quot;name&quot;:&quot;Mon actu&quot;,&quot;type&quot;:&quot;cta&quot;}}\" target=\"_blank\">Mon Actu<\/a>.<\/p>\n","protected":false},"excerpt":{"rendered":"Par R\u00e9daction Rugby Publi\u00e9 le 23 mai 2025 \u00e0 16h41 Souvent un acteur majeur sur le march\u00e9 des&hellip;\n","protected":false},"author":2,"featured_media":122315,"comment_status":"","ping_status":"","sticky":false,"template":"","format":"standard","meta":{"footnotes":""},"categories":[9619],"tags":[1111,11,1777,674,1011,27,12,882,6717,25,479,60,476,478,2310,477],"class_list":{"0":"post-122314","1":"post","2":"type-post","3":"status-publish","4":"format-standard","5":"has-post-thumbnail","7":"category-toulon","8":"tag-actu","9":"tag-actualites","10":"tag-eu","11":"tag-europe","12":"tag-fr","13":"tag-france","14":"tag-news","15":"tag-provence-alpes-cote-dazur","16":"tag-rct-rugby-club-toulonnais","17":"tag-republique-francaise","18":"tag-rugby","19":"tag-sports","20":"tag-stade-toulousain","21":"tag-top-14","22":"tag-toulon","23":"tag-transferts-rugby"},"share_on_mastodon":{"url":"https:\/\/pubeurope.com\/@fr\/114557929680870260","error":""},"_links":{"self":[{"href":"https:\/\/www.europesays.com\/fr\/wp-json\/wp\/v2\/posts\/122314","targetHints":{"allow":["GET"]}}],"collection":[{"href":"https:\/\/www.europesays.com\/fr\/wp-json\/wp\/v2\/posts"}],"about":[{"href":"https:\/\/www.europesays.com\/fr\/wp-json\/wp\/v2\/types\/post"}],"author":[{"embeddable":true,"href":"https:\/\/www.europesays.com\/fr\/wp-json\/wp\/v2\/users\/2"}],"replies":[{"embeddable":true,"href":"https:\/\/www.europesays.com\/fr\/wp-json\/wp\/v2\/comments?post=122314"}],"version-history":[{"count":0,"href":"https:\/\/www.europesays.com\/fr\/wp-json\/wp\/v2\/posts\/122314\/revisions"}],"wp:featuredmedia":[{"embeddable":true,"href":"https:\/\/www.europesays.com\/fr\/wp-json\/wp\/v2\/media\/122315"}],"wp:attachment":[{"href":"https:\/\/www.europesays.com\/fr\/wp-json\/wp\/v2\/media?parent=122314"}],"wp:term":[{"taxonomy":"category","embeddable":true,"href":"https:\/\/www.europesays.com\/fr\/wp-json\/wp\/v2\/categories?post=122314"},{"taxonomy":"post_tag","embeddable":true,"href":"https:\/\/www.europesays.com\/fr\/wp-json\/wp\/v2\/tags?post=122314"}],"curies":[{"name":"wp","href":"https:\/\/api.w.org\/{rel}","templated":true}]}}