{"id":122316,"date":"2025-05-23T15:47:08","date_gmt":"2025-05-23T15:47:08","guid":{"rendered":"https:\/\/www.europesays.com\/fr\/122316\/"},"modified":"2025-05-23T15:47:08","modified_gmt":"2025-05-23T15:47:08","slug":"langlais-mercer-et-litalien-brex-tetes-daffiche-du-recrutement-de-toulon","status":"publish","type":"post","link":"https:\/\/www.europesays.com\/fr\/122316\/","title":{"rendered":"l&rsquo;Anglais Mercer et l\u2019Italien Brex, t\u00eates d\u2019affiche du recrutement de Toulon"},"content":{"rendered":"<p>Le troisi\u00e8me ligne anglais et le centre italien se sont engag\u00e9s avec le RCT, a officialis\u00e9 le pr\u00e9sident du club varois, Bernard Lema\u00eetre.<\/p>\n<p class=\"fig-paragraph\">Le troisi\u00e8me ligne anglais Zach Mercer et le centre italien Juan Ignacio Brex se sont engag\u00e9s avec le Rugby Club Toulonnais en vue de la saison prochaine, a annonc\u00e9 son pr\u00e9sident Bernard Lema\u00eetre dans une interview accord\u00e9e \u00e0 Var Matin, vendredi.<\/p>\n<p class=\"fig-paragraph\">Mercer (27 ans) va faire son retour en France apr\u00e8s avoir d\u00e9j\u00e0 \u00e9volu\u00e9 \u00e0 Montpellier (2021-2023), o\u00f9 il avait \u00e9t\u00e9 d\u00e9sign\u00e9 meilleur joueur du Top 14 en 2022, lorsque le MHR avait d\u00e9croch\u00e9 le Bouclier de Brennus.<\/p>\n<p class=\"fig-paragraph\">Il avait rejoint Gloucester en 2023 avec comme ambition de porter de nouveau le maillot de l&rsquo;Angleterre. Un objectif qu&rsquo;il n&rsquo;a pas atteint en partie \u00e0 cause d&rsquo;une longue blessure \u00e0 un genou et de la forte concurrence \u00e0 son poste.<\/p>\n<p>Le grand espoir du rugby fran\u00e7ais, Patrick Tuifa, recrut\u00e9<\/p>\n<p class=\"fig-paragraph\">Le N.8 ne sera pas le seul international \u00e0 rejoindre la Rade cet \u00e9t\u00e9 puisque l&rsquo;Italien Juan Ignacio Brex (46 s\u00e9lections) va \u00e9galement d\u00e9barquer en provenance du Benetton Tr\u00e9vise.<\/p>\n<p class=\"fig-paragraph\">\u00abC&rsquo;est un des leaders du Benetton et de l&rsquo;\u00e9quipe d&rsquo;Italie, c&rsquo;est un travailleur, tr\u00e8s humble, qui est parfait au niveau des qualit\u00e9s humaines\u00bb, a expliqu\u00e9 l&rsquo;entra\u00eeneur des avants toulonnais, Sergio Parisse, \u00e0 l&rsquo;AFP.<\/p>\n<p class=\"fig-paragraph\">Le pr\u00e9sident du RC Toulon a \u00e9galement officialis\u00e9 aupr\u00e8s de Var Matin les arriv\u00e9es de l&rsquo;arri\u00e8re Mathis Fert\u00e9 (21 ans) en provenance de Brive, du demi de m\u00eal\u00e9e Clovis Le\u00a0Bail (29 ans, Racing 92) et du demi d&rsquo;ouverture Mateo Garcia (22 ans, Bordeaux-B\u00e8gles), en plus de celle<a href=\"http:\/\/www.lefigaro.fr\/sports\/rugby\/top-14\/top-14-toulon-arrache-le-phenomene-patrick-tuifua-qui-renonce-aux-all-blacks-20250403\" data-fig-type=\"NewsFlash\" data-gtm-custom-categorie=\"navigation\" data-gtm-custom-action=\"crossclick\" data-gtm-custom-label=\"Contextuel\" data-gtm-event=\"customEventSPE\" data-fig-domain=\"LEFIGARO\" target=\"_blank\" rel=\"noopener\">\u00a0du troisi\u00e8me ligne Patrick Tuifua<\/a>, d\u00e9j\u00e0 officielle depuis d\u00e9but avril.<\/p>\n<p class=\"fig-paragraph\">Bernard Lema\u00eetre a \u00e9galement affirm\u00e9 que le RCT \u00abs&rsquo;int\u00e9ressait beaucoup\u00bb \u00e0 l&rsquo;autre centre international italien Tommaso Menoncello (22 ans, 24 s\u00e9lections), meilleur joueur du Tournoi des Six Nations 2024.<\/p>\n","protected":false},"excerpt":{"rendered":"Le troisi\u00e8me ligne anglais et le centre italien se sont engag\u00e9s avec le RCT, a officialis\u00e9 le pr\u00e9sident&hellip;\n","protected":false},"author":2,"featured_media":122317,"comment_status":"","ping_status":"","sticky":false,"template":"","format":"standard","meta":{"footnotes":""},"categories":[9619],"tags":[1111,11,525,4590,1981,2313,814,1777,674,1011,27,955,12,4589,882,2311,3461,25,1980,479,10405,2259,478,2310,2312],"class_list":{"0":"post-122316","1":"post","2":"type-post","3":"status-publish","4":"format-standard","5":"has-post-thumbnail","7":"category-toulon","8":"tag-actu","9":"tag-actualites","10":"tag-calendrier","11":"tag-championnat-france","12":"tag-classement","13":"tag-clermont","14":"tag-direct","15":"tag-eu","16":"tag-europe","17":"tag-fr","18":"tag-france","19":"tag-match","20":"tag-news","21":"tag-phase-finale","22":"tag-provence-alpes-cote-dazur","23":"tag-racing","24":"tag-rct","25":"tag-republique-francaise","26":"tag-resultats","27":"tag-rugby","28":"tag-rugby-club-toulonnais","29":"tag-score","30":"tag-top-14","31":"tag-toulon","32":"tag-toulouse"},"share_on_mastodon":{"url":"https:\/\/pubeurope.com\/@fr\/114557933555792809","error":""},"_links":{"self":[{"href":"https:\/\/www.europesays.com\/fr\/wp-json\/wp\/v2\/posts\/122316","targetHints":{"allow":["GET"]}}],"collection":[{"href":"https:\/\/www.europesays.com\/fr\/wp-json\/wp\/v2\/posts"}],"about":[{"href":"https:\/\/www.europesays.com\/fr\/wp-json\/wp\/v2\/types\/post"}],"author":[{"embeddable":true,"href":"https:\/\/www.europesays.com\/fr\/wp-json\/wp\/v2\/users\/2"}],"replies":[{"embeddable":true,"href":"https:\/\/www.europesays.com\/fr\/wp-json\/wp\/v2\/comments?post=122316"}],"version-history":[{"count":0,"href":"https:\/\/www.europesays.com\/fr\/wp-json\/wp\/v2\/posts\/122316\/revisions"}],"wp:featuredmedia":[{"embeddable":true,"href":"https:\/\/www.europesays.com\/fr\/wp-json\/wp\/v2\/media\/122317"}],"wp:attachment":[{"href":"https:\/\/www.europesays.com\/fr\/wp-json\/wp\/v2\/media?parent=122316"}],"wp:term":[{"taxonomy":"category","embeddable":true,"href":"https:\/\/www.europesays.com\/fr\/wp-json\/wp\/v2\/categories?post=122316"},{"taxonomy":"post_tag","embeddable":true,"href":"https:\/\/www.europesays.com\/fr\/wp-json\/wp\/v2\/tags?post=122316"}],"curies":[{"name":"wp","href":"https:\/\/api.w.org\/{rel}","templated":true}]}}