{"id":122321,"date":"2025-05-23T15:50:14","date_gmt":"2025-05-23T15:50:14","guid":{"rendered":"https:\/\/www.europesays.com\/fr\/122321\/"},"modified":"2025-05-23T15:50:14","modified_gmt":"2025-05-23T15:50:14","slug":"une-premiere-reunion-publique-pour-lancer-la-concertation","status":"publish","type":"post","link":"https:\/\/www.europesays.com\/fr\/122321\/","title":{"rendered":"une premi\u00e8re r\u00e9union publique pour lancer la concertation"},"content":{"rendered":"<p>            Par<br \/>\n        <strong><br \/>\n            <a href=\"https:\/\/actu.fr\/auteur\/pierre-choisnet\" title=\"Consulter tous les articles de Pierre Choisnet\" target=\"_blank\" rel=\"noopener\">Pierre Choisnet<\/a><br \/>\n        <\/strong><\/p>\n<p>        Publi\u00e9 le<\/p>\n<p>            23 mai 2025 \u00e0 17h20        <\/p>\n<p>C\u2019est un \u00e9v\u00e9nement attendu depuis longtemps\u2009: le <b>train fera son grand retour<\/b> \u00e0 <a href=\"https:\/\/actu.fr\/normandie\/louviers_27375\" target=\"_blank\" rel=\"noopener\">Louviers<\/a> (Eure) \u00e0 <b>l\u2019horizon 2030<\/b>, selon le calendrier avanc\u00e9 par la R\u00e9gion Normandie.<\/p>\n<p class=\" wall-content\">En pr\u00e9lude aux <b>travaux de r\u00e9habilitation de la voie ferr\u00e9e<\/b> entre <b>Val-de-Reuil et Louviers<\/b>, pour faire<a href=\"https:\/\/actu.fr\/normandie\/louviers_27375\/chemin-de-fer-en-normandie-louviers-rouen-en-30-minutes-toutes-les-heures_60690343.html\" target=\"_blank\" rel=\"noopener\"> la liaison vers la ligne qui va ensuite en direction de Rouen<\/a> une grande concertation publique sera organis\u00e9e du 2\u00a0juin au 11\u00a0juillet 2025. Elle sera lanc\u00e9e officiellement \u00e0 Louviers, lundi 2\u00a0juin \u00e0 18\u2009h, lors d\u2019une r\u00e9union publique au Hub Expo &amp; Congr\u00e8s (parvis Nelson Mandela).<\/p>\n<p>100\u00a0millions d\u2019euros<\/p>\n<p class=\" wall-content\">L\u2019objectif affich\u00e9 par ce vaste projet d\u2019am\u00e9nagement est de<b> relier Louviers \u00e0 la M\u00e9tropole de Rouen <\/b>en seulement <b>34\u00a0minutes<\/b> gr\u00e2ce \u00e0 la r\u00e9habilitation de l\u2019ancienne ligne ferroviaire. Ce projet structurant, port\u00e9 par SNCF R\u00e9seau, est financ\u00e9 par l\u2019\u00c9tat, la R\u00e9gion Normandie, en partenariat avec l\u2019Agglom\u00e9ration Seine-Eure et SNCF Gares &amp; Connexions. Le co\u00fbt devrait avoisiner les <b>100\u00a0millions d\u2019euros.<\/b><\/p>\n<p class=\" wall-content\">Habitants, usagers, entreprises, \u00e9tudiants\u2026 tous sont invit\u00e9s \u00e0 participer \u00e0 cette concertation. Chacun pourra s\u2019informer, poser ses questions, et donner son avis sur un projet qui transformera les mobilit\u00e9s du territoire. Les contributions recueillies seront pr\u00e9cieuses\u2009: elles nourriront la r\u00e9flexion et feront l\u2019objet d\u2019une restitution publique en septembre\u00a02025.<\/p>\n<p>Vid\u00e9os : en ce moment sur ActuFaciliter les d\u00e9placements<\/p>\n<p class=\" wall-content\">La r\u00e9ouverture de la ligne Louviers \u2013 Rouen repr\u00e9sente bien plus qu\u2019un simple gain de temps. Elle vise \u00e0 faciliter les d\u00e9placements du quotidien, am\u00e9liorer l\u2019acc\u00e8s aux services publics, \u00e0 l\u2019enseignement sup\u00e9rieur et \u00e0 l\u2019emploi, tout en renfor\u00e7ant les liens entre Louviers, la m\u00e9tropole rouennaise et le bassin d\u2019emploi de l\u2019Agglom\u00e9ration Seine-Eure.<\/p>\n<p>R\u00e9union publique le lundi 2\u00a0juin \u00e0 18\u2009h au Hub Expos &amp; Congr\u00e8s (parvis Nelson Mandela), \u00e0 Louviers.<\/p>\n<p class=\" wall-content\">Suivez toute l\u2019actualit\u00e9 de vos villes et m\u00e9dias favoris en vous inscrivant \u00e0 <a href=\"https:\/\/moncompte.actu.fr\" title=\"D\u00e9couvez Mon Actu\" rel=\"nofollow noopener\" data-trk=\"{&quot;cta&quot;:{&quot;action&quot;:&quot;https:\\\/\\\/moncompte.actu.fr&quot;,&quot;category&quot;:&quot;mon compte&quot;,&quot;from&quot;:&quot;article footer&quot;,&quot;name&quot;:&quot;Mon actu&quot;,&quot;type&quot;:&quot;cta&quot;}}\" target=\"_blank\">Mon Actu<\/a>.<\/p>\n","protected":false},"excerpt":{"rendered":"Par Pierre Choisnet Publi\u00e9 le 23 mai 2025 \u00e0 17h20 C\u2019est un \u00e9v\u00e9nement attendu depuis longtemps\u2009: le train&hellip;\n","protected":false},"author":2,"featured_media":122322,"comment_status":"","ping_status":"","sticky":false,"template":"","format":"standard","meta":{"footnotes":""},"categories":[9587],"tags":[1111,11,16293,1777,674,1011,27,12,5161,25,9590,2215,104,2803],"class_list":{"0":"post-122321","1":"post","2":"type-post","3":"status-publish","4":"format-standard","5":"has-post-thumbnail","7":"category-rouen","8":"tag-actu","9":"tag-actualites","10":"tag-agglomeration-seine-eure","11":"tag-eu","12":"tag-europe","13":"tag-fr","14":"tag-france","15":"tag-news","16":"tag-normandie","17":"tag-republique-francaise","18":"tag-rouen","19":"tag-sncf","20":"tag-societe","21":"tag-transport"},"share_on_mastodon":{"url":"https:\/\/pubeurope.com\/@fr\/114557945429289331","error":""},"_links":{"self":[{"href":"https:\/\/www.europesays.com\/fr\/wp-json\/wp\/v2\/posts\/122321","targetHints":{"allow":["GET"]}}],"collection":[{"href":"https:\/\/www.europesays.com\/fr\/wp-json\/wp\/v2\/posts"}],"about":[{"href":"https:\/\/www.europesays.com\/fr\/wp-json\/wp\/v2\/types\/post"}],"author":[{"embeddable":true,"href":"https:\/\/www.europesays.com\/fr\/wp-json\/wp\/v2\/users\/2"}],"replies":[{"embeddable":true,"href":"https:\/\/www.europesays.com\/fr\/wp-json\/wp\/v2\/comments?post=122321"}],"version-history":[{"count":0,"href":"https:\/\/www.europesays.com\/fr\/wp-json\/wp\/v2\/posts\/122321\/revisions"}],"wp:featuredmedia":[{"embeddable":true,"href":"https:\/\/www.europesays.com\/fr\/wp-json\/wp\/v2\/media\/122322"}],"wp:attachment":[{"href":"https:\/\/www.europesays.com\/fr\/wp-json\/wp\/v2\/media?parent=122321"}],"wp:term":[{"taxonomy":"category","embeddable":true,"href":"https:\/\/www.europesays.com\/fr\/wp-json\/wp\/v2\/categories?post=122321"},{"taxonomy":"post_tag","embeddable":true,"href":"https:\/\/www.europesays.com\/fr\/wp-json\/wp\/v2\/tags?post=122321"}],"curies":[{"name":"wp","href":"https:\/\/api.w.org\/{rel}","templated":true}]}}