{"id":122328,"date":"2025-05-23T15:54:08","date_gmt":"2025-05-23T15:54:08","guid":{"rendered":"https:\/\/www.europesays.com\/fr\/122328\/"},"modified":"2025-05-23T15:54:08","modified_gmt":"2025-05-23T15:54:08","slug":"apres-avoir-dissimule-un-revolver-dans-un-parapluie-il-est-condamne-a-deux-ans-de-prison","status":"publish","type":"post","link":"https:\/\/www.europesays.com\/fr\/122328\/","title":{"rendered":"apr\u00e8s avoir dissimul\u00e9 un revolver dans un parapluie, il est condamn\u00e9 \u00e0 deux ans de prison"},"content":{"rendered":"<p>            Par<br \/>\n        <strong><br \/>\n            <a href=\"https:\/\/actu.fr\/auteur\/redaction-rennes\" title=\"Consulter tous les articles de R\u00e9daction Rennes\" target=\"_blank\" rel=\"noopener\">R\u00e9daction Rennes<\/a><br \/>\n        <\/strong><\/p>\n<p>        Publi\u00e9 le<\/p>\n<p>            23 mai 2025 \u00e0 17h32        <\/p>\n<p>Le 29 d\u00e9cembre 2024, <strong>Khalid X. a \u00e9t\u00e9 pris en chasse par les policiers<\/strong>. En effet, il se trouvait dans une voiture Renault Captur, conduite par son ami Abderazak X., qui avait \u00e9t\u00e9 signal\u00e9e <strong>vol\u00e9e le matin-m\u00eame<\/strong> \u00e0 Tourcoing, dans le d\u00e9partement du Nord.<\/p>\n<p>Une course poursuite effr\u00e9n\u00e9e\u00a0<\/p>\n<p class=\" wall-content\">Les deux amis, alors poursuivis par les policiers, ont <strong>refus\u00e9 d\u2019obtemp\u00e9rer<\/strong>. Le conducteur a m\u00eame acc\u00e9l\u00e9r\u00e9 sur \u00ab\u00a0plusieurs centaines de m\u00e8tres\u00a0\u00bb. Mais apr\u00e8s avoir entrepris de faire \u00ab\u00a0grimper le v\u00e9hicule sur un terre-plein\u00a0\u00bb, <strong>les deux hommes ont tent\u00e9 de s\u2019enfuir de l\u2019habitacle<\/strong> et ont \u00e9t\u00e9 rattrap\u00e9s puis plaqu\u00e9s au sol par les forces de l\u2019ordre.\u00a0<\/p>\n<p class=\" wall-content\">En sortant de la voiture, Khalid X. s\u2019est empar\u00e9 d\u2019un parapluie qu\u2019il a jet\u00e9 au sol dans sa chute. C\u2019est en se saisissant de celui-ci que les forces de l\u2019ordre y ont ainsi <strong>d\u00e9couvert un revolver, charg\u00e9 de cinq munitions<\/strong>.<\/p>\n<p class=\" wall-content\">Une d\u00e9couverte qui n\u2019a pas manqu\u00e9 d\u2019\u00e9tonner le procureur de la R\u00e9publique, faisant remarquer qu\u2019 \u00ab\u00a0il ne pleuvait pas ce jour-ci\u00a0\u00bb.<\/p>\n<p>Un sac de courses contenant\u00a0 23 450 euros<\/p>\n<p class=\" wall-content\">Au moment de l\u2019audience qui s\u2019est ensuivi, Khalid X. \u2013 ancien commer\u00e7ant actuellement \u00ab\u00a0sans emploi\u00a0\u00bb \u00e0 cause d\u2019une maladie \u2013 et son complice \u2013 commer\u00e7ant dans le centre-ville de Rennes \u2013 ont pourtant soutenu <strong>\u00ab\u00a0ne pas avoir eu connaissance\u00a0\u00bb de la pr\u00e9sence de ce revolver<\/strong> dans l\u2019auto.<\/p>\n<blockquote class=\"ac-article-quote wall-content\">\n<p>Je n&rsquo;avais jamais vu d&rsquo;arme de ma vie, je ne sais pas ce que c&rsquo;est.<\/p>\n<p>    <strong>Khalid X.<\/strong><br \/>\n        Jug\u00e9 par les magistrats du tribunal correctionnel de Rennes    <\/p><\/blockquote>\n<p class=\" wall-content\">Abderazak X. a pour sa part expliqu\u00e9 avoir simplement <strong>\u00ab\u00a0emprunt\u00e9\u00a0\u00bb le Renault Captur<\/strong> \u00e0 un ami.<\/p>\n<p class=\" wall-content\">Deux jours apr\u00e8s son interpellation, la police s\u2019est rendue chez Khalid X. et a d\u00e9couvert, dans le bas d\u2019une armoire, un <strong>\u00ab\u00a0sac de courses contenant des liasses de billets\u00a0\u00bb<\/strong> pour une somme totale de <strong>\u00ab\u00a023 450 euros\u00a0\u00bb<\/strong>.<\/p>\n<p class=\" wall-content\">Interrog\u00e9, l\u2019ancien commer\u00e7ant a expliqu\u00e9 ne pas avoir eu \u00ab\u00a0connaissance du contenu du sac\u00a0\u00bb. Il a juste admis avoir \u00ab\u00a0accept\u00e9\u00a0\u00bb de le conserver \u00e0 son domicile <strong>\u00ab\u00a0pour rendre service \u00e0 un ami\u00a0\u00bb en \u00e9change de \u00ab\u00a0200 euros\u00a0\u00bb<\/strong>.<\/p>\n<p>\u00ab\u00a0Deux ans de prison, dont un ferme\u00a0\u00bb<\/p>\n<p class=\" wall-content\">Pendant sa garde \u00e0 vue, l\u2019homme de 43 ans a aussi <strong>refus\u00e9 de communiquer les codes de son t\u00e9l\u00e9phone portable<\/strong> \u00e0 la police, expliquant son refus par la pr\u00e9sence de \u00ab\u00a0photos intimes\u00a0\u00bb de son ancienne compagne \u00ab\u00a0dans la galerie\u00a0\u00bb.<\/p>\n<p class=\" wall-content\">Comparaissant donc \u00e9galement pour blanchiment d\u2019argent et pour avoir refus\u00e9 de remettre son code de t\u00e9l\u00e9phone aux policiers, Khalid X. a \u00e9t\u00e9 reconnu <strong>\u00ab\u00a0coupable\u00a0\u00bb de l\u2019ensemble des infractions<\/strong> qui lui \u00e9taient reproch\u00e9es.<\/p>\n<p class=\" wall-content\">Ses explications n\u2019ayant manifestement pas convaincu, il est <strong>condamn\u00e9 \u00e0 deux ans de prison, dont un an ferme<\/strong>. Il ex\u00e9cutera cette peine sous la forme d\u2019une <strong>d\u00e9tention \u00e0 domicile sous bracelet \u00e9lectronique<\/strong> (DDSE).<\/p>\n<p class=\" wall-content\"><strong>CB \u2013 PressPepper<\/strong><\/p>\n<p class=\" wall-content\">Suivez toute l\u2019actualit\u00e9 de vos villes et m\u00e9dias favoris en vous inscrivant \u00e0 <a href=\"https:\/\/moncompte.actu.fr\" title=\"D\u00e9couvez Mon Actu\" rel=\"nofollow noopener\" data-trk=\"{&quot;cta&quot;:{&quot;action&quot;:&quot;https:\\\/\\\/moncompte.actu.fr&quot;,&quot;category&quot;:&quot;mon compte&quot;,&quot;from&quot;:&quot;article footer&quot;,&quot;name&quot;:&quot;Mon actu&quot;,&quot;type&quot;:&quot;cta&quot;}}\" target=\"_blank\">Mon Actu<\/a>.<\/p>\n","protected":false},"excerpt":{"rendered":"Par R\u00e9daction Rennes Publi\u00e9 le 23 mai 2025 \u00e0 17h32 Le 29 d\u00e9cembre 2024, Khalid X. a \u00e9t\u00e9&hellip;\n","protected":false},"author":2,"featured_media":122329,"comment_status":"","ping_status":"","sticky":false,"template":"","format":"standard","meta":{"footnotes":""},"categories":[2821],"tags":[1111,11,829,1777,674,118,1011,27,303,12,1072,899,584,25],"class_list":{"0":"post-122328","1":"post","2":"type-post","3":"status-publish","4":"format-standard","5":"has-post-thumbnail","7":"category-rennes","8":"tag-actu","9":"tag-actualites","10":"tag-bretagne","11":"tag-eu","12":"tag-europe","13":"tag-faits-divers","14":"tag-fr","15":"tag-france","16":"tag-justice","17":"tag-news","18":"tag-police","19":"tag-prisons","20":"tag-rennes","21":"tag-republique-francaise"},"share_on_mastodon":{"url":"https:\/\/pubeurope.com\/@fr\/114557961079812217","error":""},"_links":{"self":[{"href":"https:\/\/www.europesays.com\/fr\/wp-json\/wp\/v2\/posts\/122328","targetHints":{"allow":["GET"]}}],"collection":[{"href":"https:\/\/www.europesays.com\/fr\/wp-json\/wp\/v2\/posts"}],"about":[{"href":"https:\/\/www.europesays.com\/fr\/wp-json\/wp\/v2\/types\/post"}],"author":[{"embeddable":true,"href":"https:\/\/www.europesays.com\/fr\/wp-json\/wp\/v2\/users\/2"}],"replies":[{"embeddable":true,"href":"https:\/\/www.europesays.com\/fr\/wp-json\/wp\/v2\/comments?post=122328"}],"version-history":[{"count":0,"href":"https:\/\/www.europesays.com\/fr\/wp-json\/wp\/v2\/posts\/122328\/revisions"}],"wp:featuredmedia":[{"embeddable":true,"href":"https:\/\/www.europesays.com\/fr\/wp-json\/wp\/v2\/media\/122329"}],"wp:attachment":[{"href":"https:\/\/www.europesays.com\/fr\/wp-json\/wp\/v2\/media?parent=122328"}],"wp:term":[{"taxonomy":"category","embeddable":true,"href":"https:\/\/www.europesays.com\/fr\/wp-json\/wp\/v2\/categories?post=122328"},{"taxonomy":"post_tag","embeddable":true,"href":"https:\/\/www.europesays.com\/fr\/wp-json\/wp\/v2\/tags?post=122328"}],"curies":[{"name":"wp","href":"https:\/\/api.w.org\/{rel}","templated":true}]}}