{"id":122331,"date":"2025-05-23T15:55:11","date_gmt":"2025-05-23T15:55:11","guid":{"rendered":"https:\/\/www.europesays.com\/fr\/122331\/"},"modified":"2025-05-23T15:55:11","modified_gmt":"2025-05-23T15:55:11","slug":"au-mieux-on-va-pouvoir-remplacer-les-departs-en-retraite-a-rennes-les-effectifs-de-police-devraient-se-maintenir","status":"publish","type":"post","link":"https:\/\/www.europesays.com\/fr\/122331\/","title":{"rendered":"\u00ab\u00a0Au mieux, on va pouvoir remplacer les d\u00e9parts en retraite\u00a0\u00bb\u00a0: \u00e0 Rennes, les effectifs de police devraient se maintenir"},"content":{"rendered":"<p>\u00ab Au mieux, on va pouvoir remplacer les d\u00e9parts en retraite \u00bb, souffle un cadre policier. \u00ab Ce qui n\u2019est pas le cas dans bon nombre de commissariats fran\u00e7ais qui verront leurs effectifs baisser du fait du non-remplacement des d\u00e9parts en retraite comme <a href=\"https:\/\/www.letelegramme.fr\/ille-et-vilaine\/saint-malo-35400\/nous-sommes-ecoeures-a-saint-malo-des-policiers-reclament-durgence-des-ouvertures-de-postes-6821924.php\" target=\"_blank\" rel=\"nofollow noopener\">c\u2019est notamment le cas de Saint-Malo et Foug\u00e8res<\/a>. \u00bb<\/p>\n<p>Occuper le terrain<\/p>\n<p>\u00ab On a renforc\u00e9 la BST Maurepas \u00bb, rappelle Yannick Blouin, directeur interd\u00e9partemental d\u2019Ille-et-Vilaine. \u00ab Cinq agents de plus ont permis \u00e0 l\u2019\u00e9quipe de travailler 7 jours sur 7. \u00bb \u00ab Une dotation pr\u00e9vue de longue date, rappelle Anthony Grelet, d\u00e9l\u00e9gu\u00e9 du syndicat de police Alliance. \u00ab Cette volont\u00e9 de mettre du monde \ufeffpour occuper le terrain est int\u00e9ressante mais il faut rappeler qu\u2019elle se fait au d\u00e9triment de la police secours o\u00f9 il manque dix effectifs sur une cinquantaine. \u00bb<\/p>\n<p>Pas de Police nationale \u00e0 Cesson-S\u00e9vign\u00e9<\/p>\n<p>En septembre, Rennes peut esp\u00e9rer deux enqu\u00eateurs suppl\u00e9mentaires \u00e0 la DCT stup\u00e9fiants (ancienne s\u00fbret\u00e9 d\u00e9partementale). \u00ab Une bonne nouvelle quand on sait qu\u2019ils \u00e9taient trois pour toute la circonscription de Rennes qui compte 280 000 habitants. On rappelle au passage que la brigade de s\u00e9curisation des transports tourne avec 24 effectifs au lieu des 54 annonc\u00e9s et qu\u2019on a besoin de 6 motards suppl\u00e9mentaires, ajoute Anthony Grelet. On ajoute que la mairie de <a href=\"https:\/\/www.letelegramme.fr\/ille-et-vilaine\/rennes-35000\/comment-cesson-sevigne-veut-renforcer-sa-securite-6417660.php\" target=\"_blank\" rel=\"nofollow noopener\">Cesson-S\u00e9vign\u00e9 esp\u00e9rait des effectifs de Police nationale dans son nouveau commissariat.<\/a> Nous n\u2019avons rien en ce sens. On souligne que depuis deux ans, le GSP, qui avait \u00e9t\u00e9 si efficace pour d\u00e9manteler les trafics de stup\u00e9fiants \u00e0 Saint-Jacques de la Lande, est en sommeil. Il ne faut pas oublier qu\u2019on comble le manque de plaintiers en demandant aux gens de r\u00e9server leur cr\u00e9neau horaire pour d\u00e9poser plainte et qu\u2019enfin, il nous manque aussi<a href=\"https:\/\/www.letelegramme.fr\/ille-et-vilaine\/rennes-35000\/pourquoi-le-centre-de-retention-administrative-de-rennes-a-accueilli-moins-de-personnes-en-situation-irreguliere-en-2024-6812149.php\" target=\"_blank\" rel=\"nofollow noopener\"> des effectifs de police aux fronti\u00e8res pour g\u00e9rer le CRA<\/a>. \u00bb <\/p>\n<p>Unit\u00e9 SGP Police, l\u2019autre syndicat des gardiens de la paix, a saisi le pr\u00e9fet de Bretagne ce vendredi 23 mai, pour signifier sa d\u00e9ception et r\u00e9clamer davantage de moyens.<\/p>\n","protected":false},"excerpt":{"rendered":"\u00ab Au mieux, on va pouvoir remplacer les d\u00e9parts en retraite \u00bb, souffle un cadre policier. \u00ab Ce&hellip;\n","protected":false},"author":2,"featured_media":122332,"comment_status":"","ping_status":"","sticky":false,"template":"","format":"standard","meta":{"footnotes":""},"categories":[2821],"tags":[1111,11,829,765,1777,674,118,3383,1011,27,12,584,25],"class_list":{"0":"post-122331","1":"post","2":"type-post","3":"status-publish","4":"format-standard","5":"has-post-thumbnail","7":"category-rennes","8":"tag-actu","9":"tag-actualites","10":"tag-bretagne","11":"tag-en-continu","12":"tag-eu","13":"tag-europe","14":"tag-faits-divers","15":"tag-faits-divers-a-rennes","16":"tag-fr","17":"tag-france","18":"tag-news","19":"tag-rennes","20":"tag-republique-francaise"},"share_on_mastodon":{"url":"https:\/\/pubeurope.com\/@fr\/114557965296550660","error":""},"_links":{"self":[{"href":"https:\/\/www.europesays.com\/fr\/wp-json\/wp\/v2\/posts\/122331","targetHints":{"allow":["GET"]}}],"collection":[{"href":"https:\/\/www.europesays.com\/fr\/wp-json\/wp\/v2\/posts"}],"about":[{"href":"https:\/\/www.europesays.com\/fr\/wp-json\/wp\/v2\/types\/post"}],"author":[{"embeddable":true,"href":"https:\/\/www.europesays.com\/fr\/wp-json\/wp\/v2\/users\/2"}],"replies":[{"embeddable":true,"href":"https:\/\/www.europesays.com\/fr\/wp-json\/wp\/v2\/comments?post=122331"}],"version-history":[{"count":0,"href":"https:\/\/www.europesays.com\/fr\/wp-json\/wp\/v2\/posts\/122331\/revisions"}],"wp:featuredmedia":[{"embeddable":true,"href":"https:\/\/www.europesays.com\/fr\/wp-json\/wp\/v2\/media\/122332"}],"wp:attachment":[{"href":"https:\/\/www.europesays.com\/fr\/wp-json\/wp\/v2\/media?parent=122331"}],"wp:term":[{"taxonomy":"category","embeddable":true,"href":"https:\/\/www.europesays.com\/fr\/wp-json\/wp\/v2\/categories?post=122331"},{"taxonomy":"post_tag","embeddable":true,"href":"https:\/\/www.europesays.com\/fr\/wp-json\/wp\/v2\/tags?post=122331"}],"curies":[{"name":"wp","href":"https:\/\/api.w.org\/{rel}","templated":true}]}}