{"id":122333,"date":"2025-05-23T15:56:10","date_gmt":"2025-05-23T15:56:10","guid":{"rendered":"https:\/\/www.europesays.com\/fr\/122333\/"},"modified":"2025-05-23T15:56:10","modified_gmt":"2025-05-23T15:56:10","slug":"strasbourg-la-vue-de-ma-mere-une-expo-pour-celebrer-les-mamans-des-quartiers-populaires","status":"publish","type":"post","link":"https:\/\/www.europesays.com\/fr\/122333\/","title":{"rendered":"Strasbourg. \u00ab La Vue de ma m\u00e8re \u00bb, une expo pour c\u00e9l\u00e9brer les mamans des quartiers populaires"},"content":{"rendered":"<p>\u00ab \u00a0Le 23\u00a0avril\u00a02023, ma m\u00e8re est d\u00e9c\u00e9d\u00e9e. Elle ne verra pas \u00e0 quel point je voulais la rendre fi\u00e8re pour honorer ses sacrifices. Et moi, je n\u2019ai jamais pris le temps d\u2019\u00e9couter sa vie\u00a0\u00bb, regrette <a href=\"https:\/\/www.dna.fr\/environnement\/2024\/09\/29\/feris-barkat-parler-ecologie-aux-coeurs-des-banlieues\" target=\"_blank\" rel=\"nofollow noopener\">F\u00e9ris Barkat, 22 ans, militant de l\u2019\u00e9cologie populaire et cofondateur de Banlieues Climat<\/a>. C\u2019est en voulant r\u00e9parer et sublimer cette blessure qu\u2019il a eu l\u2019id\u00e9e de monter l\u2019exposition \u00a0La Vue de ma m\u00e8re , avec et sur des mamans issues de l\u2019immigration, vivant ou ayant v\u00e9cu dans des quartiers populaires.<\/p>\n<p>Ce contenu est bloqu\u00e9 car vous n&rsquo;avez pas accept\u00e9 les cookies et autres traceurs.<\/p>\n<p>En cliquant sur \u00ab J\u2019accepte \u00bb, les cookies et autres traceurs seront d\u00e9pos\u00e9s et vous pourrez visualiser les contenus  (<a href=\"\" class=\"consentModule_policy\" target=\"_blank\" title=\"Consulter la politique de protection des donn\u00e9es du fournisseur\">plus d&rsquo;informations<\/a>).<\/p>\n<p>En cliquant sur \u00ab J\u2019accepte tous les cookies \u00bb, vous autorisez des d\u00e9p\u00f4ts de cookies et autres traceurs pour le stockage de vos donn\u00e9es sur nos sites et applications \u00e0 des fins de personnalisation et de ciblage publicitaire.<\/p>\n<p class=\"consentModule_secondaryText\">Vous gardez la possibilit\u00e9 de retirer votre consentement \u00e0 tout moment en consultant notre <a href=\"https:\/\/www.dna.fr\/protection-des-donnees\" target=\"_blank\" title=\"Consulter notre politique de protection des donn\u00e9es\" rel=\"nofollow noopener\">politique de protection des donn\u00e9es<\/a>. <br \/>&#13;<br \/>\n            <a href=\"https:\/\/www.dna.fr\/culture-loisirs\/2025\/05\/23\/javascript:Didomi.notice.show()\" class=\"consentModule_cmp\" rel=\"nofollow noopener\" target=\"_blank\">G\u00e9rer mes choix<\/a>&#13;\n        <\/p>\n<p>&#13;<br \/>\n                        J&rsquo;accepte&#13;<br \/>\n            J&rsquo;accepte tous les cookies&#13;\n        <\/p>\n<p>  Podcasts, peintures, photos, discussions\u2026<\/p>\n<p>Ce dimanche 25\u00a0mai, \u00e0 l\u2019occasion de <a href=\"https:\/\/www.dna.fr\/societe\/2024\/05\/26\/souvenirs-souvenirs-40-ans-de-fete-des-meres-en-alsace\" target=\"_blank\" rel=\"nofollow noopener\">la F\u00eate des m\u00e8res<\/a> , sept voitures seront install\u00e9es place d\u2019Austerlitz. Les passants pourront s\u2019installer dans chacune d\u2019entre elles pour \u00e9couter les t\u00e9moignages de m\u00e8res sur des sujets qui leur tiennent \u00e0 c\u0153ur\u00a0: l\u2019int\u00e9gration, l\u2019islamophobie, l\u2019\u00e9ducation, la d\u00e9linquance\u2026 Samyra Lebriki, 51 ans, a quant \u00e0 elle choisi de parler de son divorce et de l\u2019\u00e9ducation de ses cinq enfants. \u00ab\u00a0Quand on m\u2019a parl\u00e9 du projet, j\u2019ai tout de suite voulu en \u00eatre. Nous avons rarement l\u2019occasion de nous exprimer et de faire entendre notre quotidien dans la sph\u00e8re publique. C\u2019est le moment de contrer des clich\u00e9s, de montrer notre engagement aupr\u00e8s de nos enfants, mais aussi de la soci\u00e9t\u00e9\u00a0\u00bb, se r\u00e9jouit cette m\u00e8re qui milite par ailleurs pour sensibiliser le grand public \u00e0 <a href=\"https:\/\/www.dna.fr\/environnement\/2024\/10\/29\/thon-en-conserve-toutes-les-boites-sont-contaminees-au-mercure-selon-deux-ong\" target=\"_blank\" rel=\"nofollow noopener\">la contamination du thon au mercure<\/a>.<\/p>\n<p>Pour accompagner ces t\u00e9moignages, des photos des m\u00e8res prises par F\u00e9ris Barkat et <a href=\"https:\/\/www.dna.fr\/culture-loisirs\/2024\/01\/25\/entre-peinture-et-culture-urbaine-artemile-partage-son-art-au-csc-de-l-elsau\" target=\"_blank\" rel=\"nofollow noopener\">plusieurs \u0153uvres du peintre Artemile<\/a> seront dispos\u00e9es pr\u00e8s des v\u00e9hicules et sur des balcons. \u00ab\u00a0Les visiteurs pourront retrouver la grande toile de plus de 3\u00a0m de haut qu\u2019il a expos\u00e9e au Palais de Tokyo. Samira, une des m\u00e8res strasbourgeoises qui participe \u00e0 notre projet, y est repr\u00e9sent\u00e9e. Il y aura \u00e9galement une \u0153uvre peinte sur un keffieh, <a href=\"https:\/\/www.dna.fr\/politique\/2025\/05\/22\/strasbourg-va-etre-jumelee-avec-le-camp-d-aida-en-soutien-au-peuple-palestinien\" target=\"_blank\" rel=\"nofollow noopener\">en soutien aux Palestiniens<\/a> \u00a0\u00bb, d\u00e9taille Corentin Souci qui a particip\u00e9 \u00e0 la sc\u00e9nographie de l\u2019exposition.\u00a0De la documentation sociologique accompagnera le tout pour compl\u00e9ter la vis\u00e9e p\u00e9dagogique.<\/p>\n<p>Ce contenu est bloqu\u00e9 car vous n&rsquo;avez pas accept\u00e9 les cookies et autres traceurs.<\/p>\n<p>En cliquant sur \u00ab J\u2019accepte \u00bb, les cookies et autres traceurs seront d\u00e9pos\u00e9s et vous pourrez visualiser les contenus  (<a href=\"\" class=\"consentModule_policy\" target=\"_blank\" title=\"Consulter la politique de protection des donn\u00e9es du fournisseur\">plus d&rsquo;informations<\/a>).<\/p>\n<p>En cliquant sur \u00ab J\u2019accepte tous les cookies \u00bb, vous autorisez des d\u00e9p\u00f4ts de cookies et autres traceurs pour le stockage de vos donn\u00e9es sur nos sites et applications \u00e0 des fins de personnalisation et de ciblage publicitaire.<\/p>\n<p class=\"consentModule_secondaryText\">Vous gardez la possibilit\u00e9 de retirer votre consentement \u00e0 tout moment en consultant notre <a href=\"https:\/\/www.dna.fr\/protection-des-donnees\" target=\"_blank\" title=\"Consulter notre politique de protection des donn\u00e9es\" rel=\"nofollow noopener\">politique de protection des donn\u00e9es<\/a>. <br \/>&#13;<br \/>\n            <a href=\"https:\/\/www.dna.fr\/culture-loisirs\/2025\/05\/23\/javascript:Didomi.notice.show()\" class=\"consentModule_cmp\" rel=\"nofollow noopener\" target=\"_blank\">G\u00e9rer mes choix<\/a>&#13;\n        <\/p>\n<p>&#13;<br \/>\n                        J&rsquo;accepte&#13;<br \/>\n            J&rsquo;accepte tous les cookies&#13;\n        <\/p>\n<p>Un salon sera \u00e9galement reconstitu\u00e9 au c\u0153ur de la place, avec fauteuils, tapis, canap\u00e9s, meubles et poufs rapport\u00e9s par les mamans pour cr\u00e9er une atmosph\u00e8re conviviale et encourager les \u00e9changes interg\u00e9n\u00e9rationnels.<\/p>\n<p>  Visibiliser, c\u00e9l\u00e9brer et r\u00e9parer<\/p>\n<p>Cet \u00e9v\u00e9nement a pour but de lutter contre l\u2019invisibilisation des m\u00e8res dans la soci\u00e9t\u00e9, qui plus est quand elles sont issues de l\u2019immigration et de milieux populaires. Pour F\u00e9ris Barkat, \u00ab\u00a0cette exposition n\u2019est pas que de l\u2019art, c\u2019est une th\u00e9rapie culturelle\u00a0\u00bb puisqu\u2019elle permet de l\u00e9gitimer ces r\u00e9cits et de les imposer sur l\u2019espace public, sur une place tr\u00e8s passante du centre-ville.<\/p>\n<p>La vue de ma m\u00e8re est l\u2019aboutissement de plus de neuf mois de rencontres et d\u2019\u00e9changes avec des mamans des quartiers strasbourgeois, organis\u00e9es par F\u00e9ris Barkat et des jeunes de Banlieue Climat. \u00ab\u00a0Nous avons partag\u00e9 de superbes moments qui ont cr\u00e9\u00e9 de vrais liens entre nous, les mamans, mais aussi avec des jeunes pleins d\u2019espoir qui croient en nous\u00a0\u00bb, f\u00e9licite Rachida Qechchar, m\u00e8re de deux jeunes adolescents. Elle sera sur place dimanche avec les autres participantes pour pr\u00e9senter l\u2019exposition et \u00e9changer directement avec les passants.<\/p>\n<p class=\"note\">Exposition La vue de ma m\u00e8re. Dimanche 25\u00a0mai, de 10\u00a0h \u00e0 20\u00a0h. Place d\u2019Austerlitz.<\/p>\n","protected":false},"excerpt":{"rendered":"\u00ab \u00a0Le 23\u00a0avril\u00a02023, ma m\u00e8re est d\u00e9c\u00e9d\u00e9e. Elle ne verra pas \u00e0 quel point je voulais la rendre&hellip;\n","protected":false},"author":2,"featured_media":122334,"comment_status":"","ping_status":"","sticky":false,"template":"","format":"standard","meta":{"footnotes":""},"categories":[2820],"tags":[1111,11,1687,2880,1777,674,2271,107,1011,27,775,1061,12,25,104,640,2879],"class_list":{"0":"post-122333","1":"post","2":"type-post","3":"status-publish","4":"format-standard","5":"has-post-thumbnail","7":"category-strasbourg","8":"tag-actu","9":"tag-actualites","10":"tag-culture-loisirs","11":"tag-edition-strasbourg","12":"tag-eu","13":"tag-europe","14":"tag-exposition-arts-plastiques","15":"tag-fil-info","16":"tag-fr","17":"tag-france","18":"tag-grand-est","19":"tag-immigration","20":"tag-news","21":"tag-republique-francaise","22":"tag-societe","23":"tag-strasbourg","24":"tag-strasbourg-ville"},"share_on_mastodon":{"url":"https:\/\/pubeurope.com\/@fr\/114557968905444803","error":""},"_links":{"self":[{"href":"https:\/\/www.europesays.com\/fr\/wp-json\/wp\/v2\/posts\/122333","targetHints":{"allow":["GET"]}}],"collection":[{"href":"https:\/\/www.europesays.com\/fr\/wp-json\/wp\/v2\/posts"}],"about":[{"href":"https:\/\/www.europesays.com\/fr\/wp-json\/wp\/v2\/types\/post"}],"author":[{"embeddable":true,"href":"https:\/\/www.europesays.com\/fr\/wp-json\/wp\/v2\/users\/2"}],"replies":[{"embeddable":true,"href":"https:\/\/www.europesays.com\/fr\/wp-json\/wp\/v2\/comments?post=122333"}],"version-history":[{"count":0,"href":"https:\/\/www.europesays.com\/fr\/wp-json\/wp\/v2\/posts\/122333\/revisions"}],"wp:featuredmedia":[{"embeddable":true,"href":"https:\/\/www.europesays.com\/fr\/wp-json\/wp\/v2\/media\/122334"}],"wp:attachment":[{"href":"https:\/\/www.europesays.com\/fr\/wp-json\/wp\/v2\/media?parent=122333"}],"wp:term":[{"taxonomy":"category","embeddable":true,"href":"https:\/\/www.europesays.com\/fr\/wp-json\/wp\/v2\/categories?post=122333"},{"taxonomy":"post_tag","embeddable":true,"href":"https:\/\/www.europesays.com\/fr\/wp-json\/wp\/v2\/tags?post=122333"}],"curies":[{"name":"wp","href":"https:\/\/api.w.org\/{rel}","templated":true}]}}