{"id":122335,"date":"2025-05-23T15:57:12","date_gmt":"2025-05-23T15:57:12","guid":{"rendered":"https:\/\/www.europesays.com\/fr\/122335\/"},"modified":"2025-05-23T15:57:12","modified_gmt":"2025-05-23T15:57:12","slug":"des-amenagements-definitifs-place-du-templeneuf","status":"publish","type":"post","link":"https:\/\/www.europesays.com\/fr\/122335\/","title":{"rendered":"Des am\u00e9nagements d\u00e9finitifs place du Temple|Neuf"},"content":{"rendered":"<p class=\"st-surtitre\">\n            Apr\u00e8s de premi\u00e8res transformations et des installations provisoires, la place du Temple-Neuf poursuit sa v\u00e9g\u00e9talisation et sa pi\u00e9tonisation pour \u00eatre adapt\u00e9e aux usages actuels.\n        <\/p>\n<p><img decoding=\"async\" alt=\"\" data-fileentryid=\"534950797\" src=\"https:\/\/www.europesays.com\/fr\/wp-content\/uploads\/2025\/05\/temple-neuf_interieur-1-jpg.jpeg\" style=\"margin:10px; float:left\"\/>Nich\u00e9e en demi-lune devant l\u2019\u00e9glise du Temple-Neuf, la place du m\u00eame nom fait l\u2019objet d\u2019une revalorisation depuis 2022 : cette transformation en plusieurs \u00e9tapes entame d\u00e9sormais sa phase d\u00e9finitive. Le chantier, qui actera les nouveaux usages de cet espace tout en l\u2019inscrivant dans l\u2019identit\u00e9 visuelle et patrimoniale du centre-ville, d\u00e9marrera en juin, pour une livraison pr\u00e9vue mi-novembre.\u00a0<br \/>\u00ab Depuis plusieurs ann\u00e9es, des am\u00e9nagements \u00e9ph\u00e9m\u00e8res ont \u00e9t\u00e9 test\u00e9s et des temps de concertation, sous diverses formes, ont permis d\u2019entendre les attentes des usag\u00e8res et usagers, qu\u2019il s\u2019agisse de voisins, de commer\u00e7ants, de paroissiens, de touristes, d\u2019\u00e9l\u00e8ves ou de personnel des \u00e9tablissements scolaires ou encore de personnes qui traversent la place au cours de leurs trajets \u00bb, commente Syamak Agha Babaei, premier adjoint \u00e0 la maire de Strasbourg. Longtemps d\u00e9volue \u00e0 la voiture, la place du Temple-Neuf a ainsi pu r\u00e9v\u00e9ler son potentiel aux non-automobilistes. Arbor\u00e9, proche des arcades commer\u00e7antes mais prot\u00e9g\u00e9 de leur tumulte, ouvert sur le joyau architectural qu\u2019est le Temple-Neuf, cet espace est donc d\u00e9sormais mieux partag\u00e9 entre les diff\u00e9rents publics.<\/p>\n<p>Gr\u00e8s rose, granit et v\u00e9g\u00e9taux<\/p>\n<p>Apr\u00e8s les travaux, la circulation automobile ne passera plus qu\u2019entre le temple et le reste de la place, dans le prolongement de la rue des Etudiants. Devant l\u2019\u00e9glise, un petit parvis en gr\u00e8s rose assurera une continuit\u00e9 visuelle avec l\u2019\u00e9difice religieux. Sur le pourtour de la place, des pav\u00e9s en granit seront install\u00e9s, \u00e0 l\u2019image de ceux qui sont pos\u00e9s dans la rue du Jeu-des-Enfants. Au centre, la place sera v\u00e9g\u00e9talis\u00e9e sur 300 m2 suppl\u00e9mentaires, et le mobilier, d\u00e9pos\u00e9 le temps du chantier, sera r\u00e9install\u00e9 dans une version am\u00e9lior\u00e9e.\u00a0<br \/>\u00ab Ces am\u00e9nagements participent \u00e0 favoriser la qualit\u00e9 de vie au centre-ville tout en pr\u00e9servant les dynamiques commerciales. Ils r\u00e9pondent aussi \u00e0 la n\u00e9cessit\u00e9 d\u2019augmenter la part de nature en ville, notamment pour lutter contre les effets du changement climatique, et encouragent les modes de d\u00e9placement actifs \u00bb, s\u2019enthousiasme Salem Drici, conseiller municipal r\u00e9f\u00e9rent de la Grande-Ile.<br \/>Cette intervention, financ\u00e9e par l\u2019Eurom\u00e9tropole et la Ville de Strasbourg, a \u00e9t\u00e9 \u00e9labor\u00e9e avec le concours de l\u2019architecte des B\u00e2timents de France.\u00a0<\/p>\n<p>Lisette Gries<br \/>Photos Mathilde Cybulski<br \/>\u00a0<\/p>\n","protected":false},"excerpt":{"rendered":"Apr\u00e8s de premi\u00e8res transformations et des installations provisoires, la place du Temple-Neuf poursuit sa v\u00e9g\u00e9talisation et sa pi\u00e9tonisation&hellip;\n","protected":false},"author":2,"featured_media":122336,"comment_status":"","ping_status":"","sticky":false,"template":"","format":"standard","meta":{"footnotes":""},"categories":[2820],"tags":[1111,11,436,1777,674,1011,27,775,24437,1908,12,25,640,2086,1352,24438],"class_list":{"0":"post-122335","1":"post","2":"type-post","3":"status-publish","4":"format-standard","5":"has-post-thumbnail","7":"category-strasbourg","8":"tag-actu","9":"tag-actualites","10":"tag-environnement","11":"tag-eu","12":"tag-europe","13":"tag-fr","14":"tag-france","15":"tag-grand-est","16":"tag-grande-ile","17":"tag-logement","18":"tag-news","19":"tag-republique-francaise","20":"tag-strasbourg","21":"tag-travaux","22":"tag-urbanisme","23":"tag-ville-a-vivre"},"share_on_mastodon":{"url":"https:\/\/pubeurope.com\/@fr\/114557972903889170","error":""},"_links":{"self":[{"href":"https:\/\/www.europesays.com\/fr\/wp-json\/wp\/v2\/posts\/122335","targetHints":{"allow":["GET"]}}],"collection":[{"href":"https:\/\/www.europesays.com\/fr\/wp-json\/wp\/v2\/posts"}],"about":[{"href":"https:\/\/www.europesays.com\/fr\/wp-json\/wp\/v2\/types\/post"}],"author":[{"embeddable":true,"href":"https:\/\/www.europesays.com\/fr\/wp-json\/wp\/v2\/users\/2"}],"replies":[{"embeddable":true,"href":"https:\/\/www.europesays.com\/fr\/wp-json\/wp\/v2\/comments?post=122335"}],"version-history":[{"count":0,"href":"https:\/\/www.europesays.com\/fr\/wp-json\/wp\/v2\/posts\/122335\/revisions"}],"wp:featuredmedia":[{"embeddable":true,"href":"https:\/\/www.europesays.com\/fr\/wp-json\/wp\/v2\/media\/122336"}],"wp:attachment":[{"href":"https:\/\/www.europesays.com\/fr\/wp-json\/wp\/v2\/media?parent=122335"}],"wp:term":[{"taxonomy":"category","embeddable":true,"href":"https:\/\/www.europesays.com\/fr\/wp-json\/wp\/v2\/categories?post=122335"},{"taxonomy":"post_tag","embeddable":true,"href":"https:\/\/www.europesays.com\/fr\/wp-json\/wp\/v2\/tags?post=122335"}],"curies":[{"name":"wp","href":"https:\/\/api.w.org\/{rel}","templated":true}]}}