{"id":122337,"date":"2025-05-23T15:58:08","date_gmt":"2025-05-23T15:58:08","guid":{"rendered":"https:\/\/www.europesays.com\/fr\/122337\/"},"modified":"2025-05-23T15:58:08","modified_gmt":"2025-05-23T15:58:08","slug":"la-famille-cest-le-fait-de-monter-sur-scene-ensemble-la-ciamada-nissarda-celebre-un-siecle-de-festivites-ce-samedi-24-mai-a-nice","status":"publish","type":"post","link":"https:\/\/www.europesays.com\/fr\/122337\/","title":{"rendered":"\u00ab\u00a0La famille, c\u2019est le fait de monter sur sc\u00e8ne ensemble\u00a0\u00bb: la Ciamada Nissarda c\u00e9l\u00e8bre un si\u00e8cle de festivit\u00e9s ce samedi 24 mai \u00e0 Nice"},"content":{"rendered":"<p>\u00ab\u00a0C\u2019est une famille&#8230;\u00a0\u00bb Et pour cette famille, celle de la Ciamada Nissarda, elles et ils ont repris le collier, ont remis leurs costumes, renfil\u00e9 leurs ballerines, raviv\u00e9 leurs instruments, racl\u00e9 leur gorge de chanteur d\u2019antan, afin de c\u00e9l\u00e9brer les 100 ans du groupe.<\/p>\n<p>Leur groupe culturel de chant, danse et th\u00e9\u00e2tre ni\u00e7ois, le plus vieux des groupes folkloriques ni\u00e7ois et la 3e plus vieille association du terroir apr\u00e8s l\u2019Acad\u00e8mia Nissarda et l\u2019OGC Nice.<\/p>\n<p>Ce lundi soir, dans leurs locaux, \u00e0 l\u2019\u00e9cole Terra Amata, des femmes et des hommes, entre 50 et 60 ans, prennent place autour de la table. Impatients de raconter tout ce que la Ciamada leur a donn\u00e9.<\/p>\n<p><strong>Tenues ray\u00e9es puis de mariage<\/strong><\/p>\n<p>Il y a l\u00e0, Virginie Fava-Rivi, surnomm\u00e9e \u00ab\u00a0Puce\u00a0\u00bb, membre depuis 1982 et pr\u00e9sidente depuis 2023, son \u00e9poux, Christophe, responsable de la musique, \u00ab\u00a0d\u00e9sireux qu\u2019il y ait des anciens au spectacle des 100 ans, ce samedi, dans le cadre des Mai, \u00e0 Cimiez\u00a0\u00bb. Et donc, des anciens.<\/p>\n<p>Ren\u00e9 Abbondanza devint danseur et chanteur lorsque fut lanc\u00e9e la section des juniors de la troupe, h\u00e9berg\u00e9e alors dans l\u2019ancien casino municipal, sous les arcades Mass\u00e9na. Christine Chauve, danseuse de 1977 \u00e0 1995, est de nouveau en piste, mais version chant, toute excit\u00e9e de \u00ab\u00a0d\u00e9couvrir des chansons inconnues du fondateur de la troupe, Jouan Nicola, ressorties pour cet anniversaire\u00a0\u00bb.<\/p>\n<p>Un couple aussi. Andr\u00e9e C\u00e9sarini, \u00ab\u00a0accord\u00e9oniste d\u00e8s l\u2019\u00e2ge de 13 ans, partie au bout de 10 ans et revenue il y a 20 ans \u00e0 cause du manque\u00a0\u00bb et Georges C\u00e9sarini, son mari, danseur entre 1979 et 1981, lui aussi de retour en 2005 pour le chant et finalement embauch\u00e9 au th\u00e9\u00e2tre, \u00e0 la grosse caisse et \u00e9lu vice-pr\u00e9sident. \u00ab\u00a0On s\u2019est connus \u00e0 la Ciamada il y a plus de 40 ans\u00a0\u00bb, \u00e9voque Georges avec \u00e9motion.<\/p>\n<p>Des histoires d\u2019amour. Des jupes et pantacourts ray\u00e9s aux tenues de mariage&#8230; Pascale Bottollier-Depois, danseuse, a point\u00e9 le pied sur la Ciamada, avec ses deux s\u0153urs, \u00e0 la cr\u00e9ation des juniors: \u00ab\u00a0On nous appelait la tribu. J\u2019y ai aussi connu le papa de mes enfants et l\u00e0, je reprends pour les 100 ans.\u00a0\u00bb<\/p>\n<p>Marie-Jos\u00e9 Th\u00e9us, l\u00e0 d\u00e8s 1978, se souvient: \u00ab\u00a0J\u2019ai dans\u00e9 jusqu\u2019en janvier 1992. J\u2019ai rencontr\u00e9 mon mari ici. Il faisait partie des juniors. Je reviens pour les 100 ans, en section chant.\u00a0\u00bb<\/p>\n<p><strong>Esprit de famille<\/strong><\/p>\n<p>              <img ci-src=\"https:\/\/www.nicematin.com\/histoire\/protec\/DATA_ART_15579354-34sNossD.png?vh=604843&amp;ci_seal=dd702ad187\" alt=\"\"\/><br \/>\n        En 1942, au Festin des Cougourdons de Cimiez&#8230;  <strong>Photo DR.<\/strong> <\/p>\n<p>Les t\u00e9moignages s\u2019\u00e9gr\u00e8nent. Chacun veut exprimer le sien. Le terme \u00ab\u00a0famille\u00a0\u00bb s\u2019invite dans la ronde comme un refrain. \u00ab\u00a0La famille, \u00e9claire Marie-Jos\u00e9, c\u2019est le fait de monter sur sc\u00e8ne ensemble, de toucher ensemble \u00e0 toutes les disciplines, de participer ensemble \u00e0 la r\u00e9alisation des d\u00e9cors et apr\u00e8s, d\u2019aller boire un coup ensemble. Nos parents aussi ont pris part \u00e0 l\u2019\u00e9laboration des spectacles.\u00a0\u00bb<\/p>\n<p> Ren\u00e9 veut rajouter son grain de sel: \u00ab\u00a0Moi j\u2019\u00e9tais tout le temps aux Mai. Je suis entr\u00e9 \u00e0 la Ciamada parce que mes parents, qui faisaient des pans bagnats avec Roland de Zordo, ont appris qu\u2019un groupe de petits allait se monter. Cela m\u2019a plus tout de suite, car c\u2019\u00e9tait tr\u00e8s amical. On \u00e9tait en s\u00e9curit\u00e9, m\u00eame lors de nos nombreux d\u00e9placements \u00e0 l\u2019\u00e9tranger. On \u00e9tait en confiance.\u00a0\u00bb<\/p>\n<p><strong>Les raisons du retour<\/strong><\/p>\n<p>Pourquoi ce come-back des a\u00een\u00e9s? Peut-\u00eatre \u00e0 cause des sales coups du destin. Pascale, Marie-Jo, Christine, Virginie r\u00e9sument le ressenti collectif: \u00ab\u00a0Le d\u00e9c\u00e8s en mai 2024, de Terence Lallouette, le fils de Babette et de Gilbert, des figures de la Ciamada, nous a tous fait tilter. Il fut notre petit paillassou qui volait dans les airs, notre mascotte. Pareil pour J\u00e9r\u00e9mie Bouton, le sapeur-pompier fauch\u00e9 mortellement en deux-roues, sur la promenade des Anglais en juillet dernier. Trop dur. Nous les anciens, nous ne nous voyions que pour les enterrements. D\u2019o\u00f9 une prise de conscience de se retrouver diff\u00e9remment.\u00a0\u00bb<\/p>\n<p>Des retrouvailles finalis\u00e9es notamment lors des r\u00e9p\u00e9titions conviviales, plusieurs soirs en semaine. \u00ab\u00a0Et \u00e7a fait plaisir de voir que l\u2019histoire continue.\u00a0\u00bb<\/p>\n<p><strong>Une philosophie au-del\u00e0 du spectacle<\/strong><\/p>\n<p>Encore Marie-Jos\u00e9: \u00ab\u00a0Il ne faut pas oublier d\u2019o\u00f9 on vient pour savoir o\u00f9 on va. Si on n\u2019avait pas \u00e9t\u00e9 \u00e0 la Ciamada, on n\u2019aurait pas v\u00e9cu pareil. On a appris le vivre-ensemble, la bienveillance, la tol\u00e9rance, la rigueur transmise \u00e0 travers la musique, les pas, le th\u00e9\u00e2tre, le chant. Car on repr\u00e9sentait Nice, donc cette rigueur avait toute son importance. Et on a gard\u00e9 cet \u00e9tat d\u2019esprit, qu\u2019on a transmis aux autres g\u00e9n\u00e9rations.\u00a0\u00bb<\/p>\n<p>Nice aux tripes. Nice au c\u0153ur. \u00ab\u00a0On est tous ni\u00e7ois, insiste la pr\u00e9sidente. M\u00eame si on ne na\u00eet pas \u00e0 Nice. On a par exemple un petit Ukrainien et un jeune Franco-Australien qui se sont pris au jeu, aux valeurs de Nice. La Ciamada est un vecteur d\u2019\u00e9changes, un ciment f\u00e9d\u00e9rateur.\u00a0\u00bb<\/p>\n<p>            100 ans d\u2019aubade ni\u00e7oise<\/p>\n<p>Ce samedi 24 mai, entre 10h et 19h, lors de la journ\u00e9e de folklore r\u00e9gional, organis\u00e9e dans les jardins des Ar\u00e8nes de Cimiez, en partenariat avec la Ville de Nice et le service Culture et Patrimoine, les inconditionnels du folklore \u00e0 la ni\u00e7oise, auront une pens\u00e9e pour plusieurs personnes ayant marqu\u00e9 l\u2019ADN de la Ciamada Nissarda, qui signifie Aubade ni\u00e7oise.<\/p>\n<p>Une pens\u00e9e d\u2019abord pour Jouan Nicola, auteur-compositeur ni\u00e7ois fondateur de la troupe en 1925, au bar de la Treille, dans le Vieux-Nice. C\u2019est lui, qui a choisi le costume de la bouqueti\u00e8re pour les dames et celui du p\u00eacheur pour les messieurs.<\/p>\n<p>Une pens\u00e9e ensuite, pour les pr\u00e9sidents qui lui succ\u00e9d\u00e8rent, dont Francis Barralis, \u00ab\u00a0Cici\u00a0\u00bb, gr\u00e2ce \u00e0 qui la Ciamada a sillonn\u00e9 le monde entier, et fut invit\u00e9e aux plus grands festivals de folklore, contribuant \u00e0 la renomm\u00e9e touristique internationale de Nice&#8230;<\/p>\n<p>Egalement ce samedi, deux groupes invit\u00e9s entoureront la Ciamada Nissarda: Lei Baisso Luserno de Grasse et Flour d\u2019Inmourtalo de N\u00eemes. Au programme: danses, musiques et bal\u00e8ti ouvert \u00e0 tous.<\/p>\n<p>La suite des festivit\u00e9s d\u00e8s le 23 octobre et jusqu\u2019en janvier 2026. Un anniversaire aussi long et joyeux qu\u2019une farandole.<\/p>\n","protected":false},"excerpt":{"rendered":"\u00ab\u00a0C\u2019est une famille&#8230;\u00a0\u00bb Et pour cette famille, celle de la Ciamada Nissarda, elles et ils ont repris le&hellip;\n","protected":false},"author":2,"featured_media":122338,"comment_status":"","ping_status":"","sticky":false,"template":"","format":"standard","meta":{"footnotes":""},"categories":[2819],"tags":[1111,11,1777,674,1011,27,937,12,2401,882,25],"class_list":{"0":"post-122337","1":"post","2":"type-post","3":"status-publish","4":"format-standard","5":"has-post-thumbnail","7":"category-nice","8":"tag-actu","9":"tag-actualites","10":"tag-eu","11":"tag-europe","12":"tag-fr","13":"tag-france","14":"tag-histoire","15":"tag-news","16":"tag-nice","17":"tag-provence-alpes-cote-dazur","18":"tag-republique-francaise"},"share_on_mastodon":{"url":"https:\/\/pubeurope.com\/@fr\/114557976874400837","error":""},"_links":{"self":[{"href":"https:\/\/www.europesays.com\/fr\/wp-json\/wp\/v2\/posts\/122337","targetHints":{"allow":["GET"]}}],"collection":[{"href":"https:\/\/www.europesays.com\/fr\/wp-json\/wp\/v2\/posts"}],"about":[{"href":"https:\/\/www.europesays.com\/fr\/wp-json\/wp\/v2\/types\/post"}],"author":[{"embeddable":true,"href":"https:\/\/www.europesays.com\/fr\/wp-json\/wp\/v2\/users\/2"}],"replies":[{"embeddable":true,"href":"https:\/\/www.europesays.com\/fr\/wp-json\/wp\/v2\/comments?post=122337"}],"version-history":[{"count":0,"href":"https:\/\/www.europesays.com\/fr\/wp-json\/wp\/v2\/posts\/122337\/revisions"}],"wp:featuredmedia":[{"embeddable":true,"href":"https:\/\/www.europesays.com\/fr\/wp-json\/wp\/v2\/media\/122338"}],"wp:attachment":[{"href":"https:\/\/www.europesays.com\/fr\/wp-json\/wp\/v2\/media?parent=122337"}],"wp:term":[{"taxonomy":"category","embeddable":true,"href":"https:\/\/www.europesays.com\/fr\/wp-json\/wp\/v2\/categories?post=122337"},{"taxonomy":"post_tag","embeddable":true,"href":"https:\/\/www.europesays.com\/fr\/wp-json\/wp\/v2\/tags?post=122337"}],"curies":[{"name":"wp","href":"https:\/\/api.w.org\/{rel}","templated":true}]}}