{"id":122343,"date":"2025-05-23T16:01:15","date_gmt":"2025-05-23T16:01:15","guid":{"rendered":"https:\/\/www.europesays.com\/fr\/122343\/"},"modified":"2025-05-23T16:01:15","modified_gmt":"2025-05-23T16:01:15","slug":"une-nouvelle-etape-du-chantier-est-franchie","status":"publish","type":"post","link":"https:\/\/www.europesays.com\/fr\/122343\/","title":{"rendered":"une nouvelle \u00e9tape du chantier est franchie"},"content":{"rendered":"<p>            Par<br \/>\n        <strong><br \/>\n            <a href=\"https:\/\/actu.fr\/auteur\/laure-gentil\" title=\"Consulter tous les articles de Laure Gentil\" target=\"_blank\" rel=\"noopener\">Laure Gentil<\/a><br \/>\n        <\/strong><\/p>\n<p>        Publi\u00e9 le<\/p>\n<p>            23 mai 2025 \u00e0 17h42        <\/p>\n<p>Des mots m\u00eame de la <strong>maire de Nantes <\/strong>Johanna Rolland, il s\u2019agit \u00ab\u2009d\u2019une \u00e9tape majeure\u2009\u00bb qui s\u2019est d\u00e9roul\u00e9e ce vendredi 23\u00a0mai 2025\u2009: la pose symbolique de la premi\u00e8re pile, un appui en b\u00e9ton, du <strong>pont Anne-de-Bretagne.<\/strong><\/p>\n<p>\u00ab\u2009Le plus grand pont-place d\u2019Europe\u2009\u00bb<\/p>\n<p class=\" wall-content\">La premi\u00e8re \u00e9dile de Nantes n\u2019a pas cach\u00e9 son enthousiasme. \u00ab\u2009C\u2019est un projet exceptionnel, tr\u00e8s concret et utile pour les habitants\u2009\u00bb, a-t-elle d\u00e9clar\u00e9 pour l\u2019occasion. Le pont <a href=\"https:\/\/actu.fr\/pays-de-la-loire\/nantes_44109\/avant-apres-nantes-decouvrez-en-images-la-transformation-du-pont-anne-de-bretagne_53938977.html\" target=\"_blank\" rel=\"noopener\">Anne-de-Bretagne va voir <\/a><strong>sa largeur tripl\u00e9e.<\/strong><\/p>\n<p>    <img   decoding=\"async\" loading=\"lazy\" src=\"https:\/\/www.europesays.com\/fr\/wp-content\/uploads\/2025\/05\/nantes-pont-anne-de-bretagne-3-960x640.jpeg\" alt=\"A l'occasion de la pose symbolique de la premi\u00e8re pile, une visite du chantier a \u00e9t\u00e9 faite.\" width=\"960\" height=\"640\"\/><br \/>\n    \u00c0 l\u2019occasion de la pose symbolique de la premi\u00e8re pile, une visite du chantier a \u00e9t\u00e9 faite. (\u00a9Tristan Mah\u00e9 \/ actu Nantes)<\/p>\n<p class=\" wall-content\">\u00ab\u2009Il s\u2019agira du plus grand pont-place d\u2019Europe\u2009\u00bb, a m\u00eame affirm\u00e9 Johanna Rolland, avec 53\u00a0m\u00e8tres de largeur en moyenne, <strong>soit l\u2019\u00e9quivalent du cours Saint-Andr\u00e9.<\/strong><\/p>\n<blockquote class=\"ac-article-quote wall-content\">\n<p>Il fera la fiert\u00e9 des habitants et facilitera la vie des Nantais et des Nantaises.<\/p>\n<p>    <strong>Johanna Rolland<\/strong><br \/>\n        Maire de Nantes    <\/p><\/blockquote>\n<p>Vid\u00e9os : en ce moment sur Actu<\/p>\n<p class=\" wall-content\">Elle l\u2019assure, ce projet \u00ab\u2009traduit l\u2019ambition des Nantais et des Nantaises de retrouver le contact avec la Loire\u2009\u00bb.<\/p>\n<p>    <img   decoding=\"async\" loading=\"lazy\" src=\"https:\/\/www.europesays.com\/fr\/wp-content\/uploads\/2025\/05\/nantes-pont-anne-de-bretagne-2-960x640.jpeg\" alt=\"Le pont Anne-de-Bretagne sera le plus large d'Europe.\" width=\"960\" height=\"640\"\/><br \/>\n    Le pont Anne-de-Bretagne sera le plus large d\u2019Europe. (\u00a9Tristan Mah\u00e9 \/ actu Nantes)Quel est le calendrier\u2009?<\/p>\n<p class=\" wall-content\"><strong>Depuis avril,<\/strong> les ouvriers installent des tubes m\u00e9talliques allant jusqu\u2019\u00e0 <strong>27\u00a0m\u00e8tres de long<\/strong> pour y ancrer des pieux, dans le but de r\u00e9aliser les appuis en b\u00e9ton du nouveau pont, appel\u00e9s \u00ab\u2009piles\u2009\u00bb. Pour cela il est n\u00e9cessaire de creuser dans la roche.<\/p>\n<p>    <img   decoding=\"async\" loading=\"lazy\" src=\"https:\/\/www.europesays.com\/fr\/wp-content\/uploads\/2025\/05\/nantes-pont-anne-de-bretagne-6-960x640.jpeg\" alt=\"Depuis avril, des tubes m\u00e9talliques de 27 m\u00e8tres de long sont install\u00e9s pour y ancrer des pieux et r\u00e9aliser les piles. Les ouvriers doivent forer.\" width=\"960\" height=\"640\"\/><br \/>\n    Depuis avril, des tubes m\u00e9talliques de 27\u00a0m\u00e8tres de long sont install\u00e9s pour y ancrer des pieux et r\u00e9aliser les piles. Les ouvriers doivent forer. (\u00a9Tristan Mah\u00e9 \/ actu Nantes)<\/p>\n<p class=\" wall-content\"><strong>Fin 2025<\/strong>, entre novembre et d\u00e9cembre, les habitants verront arriver <strong>la charpente m\u00e9tallique<\/strong> <a href=\"https:\/\/actu.fr\/pays-de-la-loire\/nantes_44109\/nantes-le-nouveau-pont-anne-de-bretagne-sera-aussi-large-que-le-cours-saint-andre_53935989.html\" target=\"_blank\" rel=\"noopener\">du nouveau pont<\/a>. Celle-ci, qui p\u00e8sera plus de 2\u2009200\u00a0tonnes, sera achemin\u00e9e par bateau par la Loire, en provenance d\u2019Italie.<\/p>\n<p>    <img   decoding=\"async\" loading=\"lazy\" src=\"https:\/\/www.europesays.com\/fr\/wp-content\/uploads\/2025\/05\/nantes-pont-anne-de-bretagne-4-960x640.jpeg\" alt=\"Le pont doit \u00eatre fini en 2027.\" width=\"960\" height=\"640\"\/><br \/>\n    Le pont doit \u00eatre fini en 2027. (\u00a9Tristan Mah\u00e9 \/ actu Nantes)<\/p>\n<p class=\" wall-content\"><strong>En janvier-f\u00e9vrier\u00a02026<\/strong>, le tablier en b\u00e9ton sera r\u00e9alis\u00e9. Les mois suivants seront d\u00e9di\u00e9s \u00e0 l\u2019adaptation de l\u2019ouvrage existant. <strong>Le pont sera abaiss\u00e9 d\u2019environ 60\u00a0cm<\/strong>. \u00ab\u2009On a fait quelque chose de tr\u00e8s impressionnant\u2009\u00bb, remarque Dietmar Feichtinger, l\u2019architecte du projet. \u00ab\u2009La collaboration entre l\u2019ancien et le nouveau est une sp\u00e9cificit\u00e9 de Nantes\u2009\u00bb.<\/p>\n<p class=\" wall-content\">Les travaux sont pour l\u2019instant dans les temps et doivent toujours se terminer \u00e0 la<strong> fin de l\u2019ann\u00e9e 2027.<\/strong><\/p>\n<p class=\" wall-content\">Suivez toute l\u2019actualit\u00e9 de vos villes et m\u00e9dias favoris en vous inscrivant \u00e0 <a href=\"https:\/\/moncompte.actu.fr\" title=\"D\u00e9couvez Mon Actu\" rel=\"nofollow noopener\" data-trk=\"{&quot;cta&quot;:{&quot;action&quot;:&quot;https:\\\/\\\/moncompte.actu.fr&quot;,&quot;category&quot;:&quot;mon compte&quot;,&quot;from&quot;:&quot;article footer&quot;,&quot;name&quot;:&quot;Mon actu&quot;,&quot;type&quot;:&quot;cta&quot;}}\" target=\"_blank\">Mon Actu<\/a>.<\/p>\n","protected":false},"excerpt":{"rendered":"Par Laure Gentil Publi\u00e9 le 23 mai 2025 \u00e0 17h42 Des mots m\u00eame de la maire de Nantes&hellip;\n","protected":false},"author":2,"featured_media":122344,"comment_status":"","ping_status":"","sticky":false,"template":"","format":"standard","meta":{"footnotes":""},"categories":[2818],"tags":[1111,11,3542,1777,674,1011,27,766,12,2636,5765,25,104,2086],"class_list":{"0":"post-122343","1":"post","2":"type-post","3":"status-publish","4":"format-standard","5":"has-post-thumbnail","7":"category-nantes","8":"tag-actu","9":"tag-actualites","10":"tag-circulation","11":"tag-eu","12":"tag-europe","13":"tag-fr","14":"tag-france","15":"tag-nantes","16":"tag-news","17":"tag-pays-de-la-loire","18":"tag-renovation-urbaine","19":"tag-republique-francaise","20":"tag-societe","21":"tag-travaux"},"share_on_mastodon":{"url":"https:\/\/pubeurope.com\/@fr\/114557988790939465","error":""},"_links":{"self":[{"href":"https:\/\/www.europesays.com\/fr\/wp-json\/wp\/v2\/posts\/122343","targetHints":{"allow":["GET"]}}],"collection":[{"href":"https:\/\/www.europesays.com\/fr\/wp-json\/wp\/v2\/posts"}],"about":[{"href":"https:\/\/www.europesays.com\/fr\/wp-json\/wp\/v2\/types\/post"}],"author":[{"embeddable":true,"href":"https:\/\/www.europesays.com\/fr\/wp-json\/wp\/v2\/users\/2"}],"replies":[{"embeddable":true,"href":"https:\/\/www.europesays.com\/fr\/wp-json\/wp\/v2\/comments?post=122343"}],"version-history":[{"count":0,"href":"https:\/\/www.europesays.com\/fr\/wp-json\/wp\/v2\/posts\/122343\/revisions"}],"wp:featuredmedia":[{"embeddable":true,"href":"https:\/\/www.europesays.com\/fr\/wp-json\/wp\/v2\/media\/122344"}],"wp:attachment":[{"href":"https:\/\/www.europesays.com\/fr\/wp-json\/wp\/v2\/media?parent=122343"}],"wp:term":[{"taxonomy":"category","embeddable":true,"href":"https:\/\/www.europesays.com\/fr\/wp-json\/wp\/v2\/categories?post=122343"},{"taxonomy":"post_tag","embeddable":true,"href":"https:\/\/www.europesays.com\/fr\/wp-json\/wp\/v2\/tags?post=122343"}],"curies":[{"name":"wp","href":"https:\/\/api.w.org\/{rel}","templated":true}]}}