{"id":122349,"date":"2025-05-23T16:04:07","date_gmt":"2025-05-23T16:04:07","guid":{"rendered":"https:\/\/www.europesays.com\/fr\/122349\/"},"modified":"2025-05-23T16:04:07","modified_gmt":"2025-05-23T16:04:07","slug":"toulouse-cette-guinguette-tres-prisee-en-bord-de-garonne-lance-sa-sixieme-saison","status":"publish","type":"post","link":"https:\/\/www.europesays.com\/fr\/122349\/","title":{"rendered":"Toulouse. Cette guinguette, tr\u00e8s pris\u00e9e en bord de Garonne, lance sa sixi\u00e8me saison"},"content":{"rendered":"<p>            Par<br \/>\n        <strong><br \/>\n            <a href=\"https:\/\/actu.fr\/auteur\/nina-hossein-zadeh\" title=\"Consulter tous les articles de Nina Hossein-Zadeh\" target=\"_blank\" rel=\"noopener\">Nina Hossein-Zadeh<\/a><br \/>\n        <\/strong><\/p>\n<p>        Publi\u00e9 le<\/p>\n<p>            23 mai 2025 \u00e0 17h32        <\/p>\n<p>La belle saison s\u2019installe \u00e0 <a href=\"https:\/\/actu.fr\/toulouse\/\" target=\"_blank\" rel=\"noopener\"><strong>Toulouse<\/strong><\/a>, et avec elle, un retour attendu : <a href=\"https:\/\/actu.fr\/occitanie\/toulouse_31555\/toulouse-la-guinguette-la-plus-prisee-de-la-ville-rouvre-et-lance-la-saison_61129356.html\" target=\"_blank\" rel=\"noopener\">la guinguette Racines<\/a> rouvre ses portes <strong>ce samedi 24 mai 2025 \u00e0 19h<\/strong>, place Bernard Lange, pour une sixi\u00e8me saison plac\u00e9e sous le signe de la d\u00e9tente, et de la f\u00eate au bord de la Garonne.<\/p>\n<p>Une oasis urbaine qui revient \u00e0 la vie<\/p>\n<p class=\" wall-content\">Install\u00e9e sur la rive gauche, \u00e0 deux pas du <strong>port Viguerie<\/strong>, Racines s\u2019impose comme un v\u00e9ritable jardin suspendu dans la ville.<\/p>\n<p class=\" wall-content\">Cr\u00e9\u00e9e par trois amis avec l\u2019envie d\u2019offrir aux Toulousains \u00ab un jardin pour ceux qui n\u2019ont pas de balcon \u00bb, la guinguette s\u00e9duit chaque \u00e9t\u00e9 par sa v\u00e9g\u00e9tation luxuriante, son ambiance d\u00e9contract\u00e9e et sa vue imprenable sur le pont Saint-Pierre et la Garonne.<\/p>\n<p>    <a href=\"https:\/\/www.facebook.com\/plugins\/post.php?href=https%3A%2F%2Fwww.facebook.com%2Fracines.food.toulouse%2Fposts%2Fpfbid0erh1kjxGC88unErqq6w8UbfhUFX3apxbVrGbtrZMZ4STzffQ6CkhUSjTVqHAvNjvl&amp;show_text=true&amp;width=350\" title=\"Ouvrie le lien\" target=\"_blank\" rel=\"noopener\">Cliquez ici pour visualiser le contenu<\/a><\/p>\n<p>Tapas, cocktails et coucher de soleil<\/p>\n<p class=\" wall-content\">C\u00f4t\u00e9 papilles, l\u2019offre est g\u00e9n\u00e9reuse en tapas, que \u00e7a soit pour se restaurer le midi ou pour des ap\u00e9ros devant le coucher de soleil.\u00a0<\/p>\n<p>Vid\u00e9os : en ce moment sur Actu<\/p>\n<p class=\" wall-content\">C\u00f4t\u00e9 carte des boissons, tout le monde devrait y trouver son compte : vins, bi\u00e8res, cocktails, et m\u00eame boissons chaudes pour les fins de journ\u00e9e plus fra\u00eeches.\u00a0<\/p>\n<p class=\" wall-content\">Et il sera d\u2019ores et d\u00e9j\u00e0 possible d\u2019en profiter pour la f\u00eate des m\u00e8res, ce dimanche 25 mai 2025 !\u00a0<\/p>\n<p>Un concept \u00e9coresponsable\u00a0<\/p>\n<p class=\" wall-content\">Depuis l\u2019ann\u00e9e derni\u00e8re, l\u2019\u00e9quipe a renforc\u00e9 son engagement \u00e9cologique. Les plantes sont arros\u00e9es avec l\u2019eau de la Garonne, les d\u00e9chets sont tri\u00e9s, compact\u00e9s, et m\u00eame compost\u00e9s gr\u00e2ce \u00e0 un digesteur. Une d\u00e9marche durable qui s\u2019inscrit dans l\u2019ADN de Racines.<\/p>\n<p class=\" wall-content\">Devenue un lieu embl\u00e9matique de l\u2019\u00e9t\u00e9 toulousain, Racines attire chaque ann\u00e9e des milliers de visiteurs. La r\u00e9servation est donc vivement conseill\u00e9e, surtout pour les groupes. En ligne, il est possible de r\u00e9server une table \u00e0 partir de deux personnes le midi, et d\u00e8s huit personnes le soir.<\/p>\n<p class=\" wall-content\">Suivez toute l\u2019actualit\u00e9 de vos villes et m\u00e9dias favoris en vous inscrivant \u00e0 <a href=\"https:\/\/moncompte.actu.fr\" title=\"D\u00e9couvez Mon Actu\" rel=\"nofollow noopener\" data-trk=\"{&quot;cta&quot;:{&quot;action&quot;:&quot;https:\\\/\\\/moncompte.actu.fr&quot;,&quot;category&quot;:&quot;mon compte&quot;,&quot;from&quot;:&quot;article footer&quot;,&quot;name&quot;:&quot;Mon actu&quot;,&quot;type&quot;:&quot;cta&quot;}}\" target=\"_blank\">Mon Actu<\/a>.<\/p>\n<ul class=\"ac-article-tag wall-content\">\n<li><a href=\"https:\/\/actu.fr\/tag\/guinguettes-a-toulouse\" data-trk=\"{&quot;cta&quot;:{&quot;action&quot;:&quot;Guinguettes \\u00e0 Toulouse&quot;,&quot;category&quot;:&quot;tag&quot;,&quot;from&quot;:&quot;article footer&quot;,&quot;name&quot;:&quot;Guinguettes \\u00e0 Toulouse&quot;,&quot;type&quot;:&quot;cta&quot;}}\" target=\"_blank\" rel=\"noopener\">#Guinguettes \u00e0 Toulouse<\/a><\/li>\n<li><a href=\"https:\/\/actu.fr\/tag\/sortir-a-toulouse\" data-trk=\"{&quot;cta&quot;:{&quot;action&quot;:&quot;Sortir \\u00e0 Toulouse&quot;,&quot;category&quot;:&quot;tag&quot;,&quot;from&quot;:&quot;article footer&quot;,&quot;name&quot;:&quot;Sortir \\u00e0 Toulouse&quot;,&quot;type&quot;:&quot;cta&quot;}}\" target=\"_blank\" rel=\"noopener\">#Sortir \u00e0 Toulouse<\/a><\/li>\n<\/ul>\n","protected":false},"excerpt":{"rendered":"Par Nina Hossein-Zadeh Publi\u00e9 le 23 mai 2025 \u00e0 17h32 La belle saison s\u2019installe \u00e0 Toulouse, et avec&hellip;\n","protected":false},"author":2,"featured_media":122350,"comment_status":"","ping_status":"","sticky":false,"template":"","format":"standard","meta":{"footnotes":""},"categories":[2816],"tags":[1111,11,1777,674,1011,27,14574,12,2680,25,104,1341,2312],"class_list":{"0":"post-122349","1":"post","2":"type-post","3":"status-publish","4":"format-standard","5":"has-post-thumbnail","7":"category-toulouse","8":"tag-actu","9":"tag-actualites","10":"tag-eu","11":"tag-europe","12":"tag-fr","13":"tag-france","14":"tag-guinguettes-a-toulouse","15":"tag-news","16":"tag-occitanie","17":"tag-republique-francaise","18":"tag-societe","19":"tag-sortir-a-toulouse","20":"tag-toulouse"},"share_on_mastodon":{"url":"https:\/\/pubeurope.com\/@fr\/114558000576732427","error":""},"_links":{"self":[{"href":"https:\/\/www.europesays.com\/fr\/wp-json\/wp\/v2\/posts\/122349","targetHints":{"allow":["GET"]}}],"collection":[{"href":"https:\/\/www.europesays.com\/fr\/wp-json\/wp\/v2\/posts"}],"about":[{"href":"https:\/\/www.europesays.com\/fr\/wp-json\/wp\/v2\/types\/post"}],"author":[{"embeddable":true,"href":"https:\/\/www.europesays.com\/fr\/wp-json\/wp\/v2\/users\/2"}],"replies":[{"embeddable":true,"href":"https:\/\/www.europesays.com\/fr\/wp-json\/wp\/v2\/comments?post=122349"}],"version-history":[{"count":0,"href":"https:\/\/www.europesays.com\/fr\/wp-json\/wp\/v2\/posts\/122349\/revisions"}],"wp:featuredmedia":[{"embeddable":true,"href":"https:\/\/www.europesays.com\/fr\/wp-json\/wp\/v2\/media\/122350"}],"wp:attachment":[{"href":"https:\/\/www.europesays.com\/fr\/wp-json\/wp\/v2\/media?parent=122349"}],"wp:term":[{"taxonomy":"category","embeddable":true,"href":"https:\/\/www.europesays.com\/fr\/wp-json\/wp\/v2\/categories?post=122349"},{"taxonomy":"post_tag","embeddable":true,"href":"https:\/\/www.europesays.com\/fr\/wp-json\/wp\/v2\/tags?post=122349"}],"curies":[{"name":"wp","href":"https:\/\/api.w.org\/{rel}","templated":true}]}}