{"id":122353,"date":"2025-05-23T16:06:12","date_gmt":"2025-05-23T16:06:12","guid":{"rendered":"https:\/\/www.europesays.com\/fr\/122353\/"},"modified":"2025-05-23T16:06:12","modified_gmt":"2025-05-23T16:06:12","slug":"une-nouvelle-boutique-de-destockage-a-ouvert-a-lille","status":"publish","type":"post","link":"https:\/\/www.europesays.com\/fr\/122353\/","title":{"rendered":"une nouvelle boutique de d\u00e9stockage a ouvert \u00e0 Lille"},"content":{"rendered":"<p>            Par<br \/>\n        <strong><br \/>\n            <a href=\"https:\/\/actu.fr\/auteur\/hervine-mahaud\" title=\"Consulter tous les articles de Hervine Mahaud\" target=\"_blank\" rel=\"noopener\">Hervine Mahaud<\/a><br \/>\n        <\/strong><\/p>\n<p>        Publi\u00e9 le<\/p>\n<p>            23 mai 2025 \u00e0 17h36        <\/p>\n<p>Si vous \u00eates \u00e0 l\u2019affut de tous les <a href=\"https:\/\/actu.fr\/tag\/bon-plan-a-lille\" target=\"_blank\" rel=\"noopener\">bons plans,<\/a> en voici un \u00e0 ne pas louper. Direction le quartier de <b>Wazemmes<\/b> \u00e0 <b>Lille<\/b> o\u00f9 depuis une <b>nouvelle boutique<\/b> a ouvert ses portes, mardi 20 mai 2025. <b>O\u2019Shopping<\/b> est une enseigne de <b>destockage<\/b> qui propose, \u00e0 <b>prix tr\u00e8s bas<\/b>, des articles pour la <b>maison<\/b> ainsi que des <b>v\u00eatements<\/b>. Des produits de marques sont ainsi revendus entre \u2013 50 et \u2013 70% par rapport au prix initial.<\/p>\n<p>Une petite entreprise familiale<\/p>\n<p class=\" wall-content\">C\u2019est Johanna, 38 ans, qui accueille les clients, ravis de d\u00e9couvrir une nouvelle boutique dans ce <b>quartier \u00ab\u00a0hyper vivant et familial\u00a0\u00bb<\/b>. \u00ab\u00a0On a \u00e9t\u00e9 tr\u00e8s bien accueillis : des voisins et des commer\u00e7ants sont venus nous dire \u2018bonne chance\u2019. Ils sont super chaleureux.\u00a0\u00bb<\/p>\n<p>    <img   decoding=\"async\" loading=\"lazy\" class=\"size-large\" src=\"https:\/\/www.europesays.com\/fr\/wp-content\/uploads\/2025\/05\/d53a1ecc0e2861a3a1ecc0e281e3a1v-960x640.jpg\" alt=\"Les fans de d\u00e9co devraient trouver leur compte.\" width=\"960\" height=\"640\"\/><br \/>\n    Les fans de d\u00e9co devraient trouver leur compte. \u00a9Hervine Mahaud<\/p>\n<p class=\" wall-content\">Arriv\u00e9e dans le Nord pour le travail, la jeune femme a finalement d\u00e9cid\u00e9 de rester, par amour. Elle voulait aussi ouvrir sa propre boutique. Dan, son mari, lui en donne finalement l\u2019opportunit\u00e9. \u00ab\u00a0Il a d\u00e9j\u00e0 la m\u00eame boutique de d\u00e9stockage \u00e0 <a href=\"https:\/\/actu.fr\/hauts-de-france\/tourcoing_59599\" target=\"_blank\" rel=\"noopener\">Tourcoing<\/a> qu\u2019il a ouverte avec son fr\u00e8re \u00c9lie. Et \u00e7a faisait longtemps qu\u2019il cherchait \u00e0 venir sur Lille.\u00a0\u00bb<\/p>\n<p class=\" wall-content\">Une place se lib\u00e8re finalement au 280 rue L\u00e9on Gambetta, le local \u00e9tait auparavant occup\u00e9 par l\u2019op\u00e9rateur SFR. \u00ab\u00a0\u00c7a correspondait \u00e0 nos crit\u00e8res en termes d\u2019emplacement, <b>on vise la classe populaire<\/b> et l\u00e0 on est en plein dedans.\u00a0\u00bb<\/p>\n<p>Vid\u00e9os : en ce moment sur Actu\u00ab\u00a0On cherche les prix les plus bas\u00a0\u00bb<\/p>\n<p class=\" wall-content\">Pour plaire \u00e0 cette client\u00e8le, il n\u2019y a pas de secret : il faut proposer des petits prix et des nouveaut\u00e9s r\u00e9guli\u00e8rement. O\u2019Shopping tente m\u00eame de <b>rivaliser avec les g\u00e9ants du secteur<\/b>. \u00ab\u00a0<b>Action, Zeeman, Centrakor, Gifi<\/b>\u2026 On regarde ce qu\u2019ils font car on est sur le m\u00eame cr\u00e9neau. Et quand on voit qu\u2019on a le m\u00eame produit, on essaie de faire moins cher. Mais si on ne peut pas, on s\u2019aligne sur leur prix\u00a0\u00bb, explique Johanna.\u00a0<\/p>\n<p>    <img   decoding=\"async\" loading=\"lazy\" class=\"size-large\" src=\"https:\/\/www.europesays.com\/fr\/wp-content\/uploads\/2025\/05\/c8eb3ecc0e2861eeb3ecc0e2862fb3v-960x640.jpg\" alt=\"Pour garnir les rayons, l'\u00e9quipe recherche des articles tendances, mais \u00e0 petits prix.\" width=\"960\" height=\"640\"\/><br \/>\n    Pour garnir les rayons, l\u2019\u00e9quipe recherche des articles tendances, mais \u00e0 petits prix. \u00a9Hervine Mahaud<\/p>\n<p class=\" wall-content\">L\u2019enseigne de d\u00e9stockage essaie m\u00eame de \u00ab\u00a0<b>battre internet<\/b>. On cherche les prix les plus bas et on est parfois moins cher. En ce moment, on a un lot de v\u00eatements Grace &amp; Mila, on a regard\u00e9 les prix des ventes priv\u00e9es sur le web et on est en dessous des autres tarifs.\u00a0\u00bb<\/p>\n<p class=\" wall-content\"><a href=\"https:\/\/www.instagram.com\/p\/DJ6eKcfsuAG\/embed\" title=\"Ouvrir le lien sur Instagram\" target=\"_blank\" rel=\"noopener\">Visualiser le contenu sur Instagram<\/a><\/p>\n<p class=\" wall-content\">Dans la boutique, les prix d\u00e9marrent ainsi tr\u00e8s bas. \u00ab\u00a0On a quelques articles \u00e0 80 centimes et plein \u00e0 95 centimes !\u00a0\u00bb<\/p>\n<p>Des nouveaut\u00e9s tous les jours<\/p>\n<p class=\" wall-content\">Pour constituer le stock de la boutique, il a fallu, en amont, aller \u00e0 la chasse aux bonnes affaires. \u00ab\u00a0On fait nos recherches, on regarde ce qui est tendance. On a aussi des fournisseurs avec qui on a l\u2019habitude de travailler, on a confiance. Mais on fait tr\u00e8s attention : certains proposent des choses \u00e0 prix tr\u00e8s bas, ce sont des marques qui ont c\u00e9d\u00e9 leurs licences et n\u2019importe qui peut utiliser leur logo. \u00c7a, on ne prend pas\u00a0\u00bb, souligne Johanna.<\/p>\n<p class=\" wall-content\">En ce moment, O\u2019Shopping vend des v\u00eatements <b>Cama\u00efeu<\/b>. \u00ab\u00a0Quand il y a eu la <a href=\"https:\/\/actu.fr\/hauts-de-france\/roubaix_59512\/roubaix-camaieu-place-en-liquidation-judiciaire-2-600-emplois-supprimes_54032203.html\" target=\"_blank\" rel=\"noopener\">liquidation<\/a>, <a href=\"https:\/\/actu.fr\/tag\/noz\" target=\"_blank\" rel=\"noopener\">Noz<\/a> a rachet\u00e9 tout le stock qui \u00e9tait en magasin. Et il y avait aussi le stock \u00e0 venir, qui n\u2019a pas pu \u00eatre mis en rayon. C\u2019est celui-l\u00e0 que notre fournisseur \u00e0 Paris nous a revendu.\u00a0\u00bb<\/p>\n<p>    <img   decoding=\"async\" loading=\"lazy\" class=\"size-large\" src=\"https:\/\/www.europesays.com\/fr\/wp-content\/uploads\/2025\/05\/161d3ecc0e286d05d3ecc0e28a55d3v-960x640.jpg\" alt=\"La boutique vend, en ce moment, un lot de v\u00eatements Cama\u00efeu.\" width=\"960\" height=\"640\"\/><br \/>\n    La boutique vend, en ce moment, un lot de v\u00eatements Cama\u00efeu. \u00a9Hervine Mahaud<\/p>\n<p class=\" wall-content\">Les arrivages s\u2019annoncent quotidien. \u00ab\u00a0Notre objectif, c\u2019est de remettre tous les jours de la marchandise. D\u00e8s qu\u2019on a de la place en boutique, on met de la nouveaut\u00e9.\u00a0\u00bb Il faudra donc passer r\u00e9guli\u00e8rement pour ne pas louper LA bonne affaire. Ou suivre l\u2019enseigne sur <a href=\"https:\/\/www.instagram.com\/oshopping_lille\/?hl=fr\" target=\"_blank\" rel=\"noopener\">Instagram<\/a> et <a href=\"https:\/\/www.facebook.com\/profile.php?id=100063948439209\" target=\"_blank\" rel=\"noopener\">Facebook<\/a> pour ne rien louper des nouveaut\u00e9s.\u00a0<\/p>\n<p>Infos pratiques : O\u2019Shopping, 280 rue L\u00e9on Gambetta \u00e0 Lille. Horaires : de 9h \u00e0 19h du mardi au vendredi, de 9h \u00e0 12h30 et de 14h \u00e0 19h le samedi, de 9h30 \u00e0 13h30 le dimanche. Boutique ferm\u00e9e le lundi.<\/p>\n<p class=\" wall-content\">Suivez toute l\u2019actualit\u00e9 de vos villes et m\u00e9dias favoris en vous inscrivant \u00e0 <a href=\"https:\/\/moncompte.actu.fr\" title=\"D\u00e9couvez Mon Actu\" rel=\"nofollow noopener\" data-trk=\"{&quot;cta&quot;:{&quot;action&quot;:&quot;https:\\\/\\\/moncompte.actu.fr&quot;,&quot;category&quot;:&quot;mon compte&quot;,&quot;from&quot;:&quot;article footer&quot;,&quot;name&quot;:&quot;Mon actu&quot;,&quot;type&quot;:&quot;cta&quot;}}\" target=\"_blank\">Mon Actu<\/a>.<\/p>\n<p>                    <script async src=\"\/\/www.instagram.com\/embed.js\"><\/script><\/p>\n","protected":false},"excerpt":{"rendered":"Par Hervine Mahaud Publi\u00e9 le 23 mai 2025 \u00e0 17h36 Si vous \u00eates \u00e0 l\u2019affut de tous les&hellip;\n","protected":false},"author":2,"featured_media":122354,"comment_status":"","ping_status":"","sticky":false,"template":"","format":"standard","meta":{"footnotes":""},"categories":[2815],"tags":[1111,11,6557,33,1777,674,1011,27,811,1307,12,3147,25],"class_list":{"0":"post-122353","1":"post","2":"type-post","3":"status-publish","4":"format-standard","5":"has-post-thumbnail","7":"category-lille","8":"tag-actu","9":"tag-actualites","10":"tag-bon-plan-a-lille","11":"tag-economie","12":"tag-eu","13":"tag-europe","14":"tag-fr","15":"tag-france","16":"tag-hauts-de-france","17":"tag-lille","18":"tag-news","19":"tag-nouveaux-commerces","20":"tag-republique-francaise"},"share_on_mastodon":{"url":"https:\/\/pubeurope.com\/@fr\/114558008309401275","error":""},"_links":{"self":[{"href":"https:\/\/www.europesays.com\/fr\/wp-json\/wp\/v2\/posts\/122353","targetHints":{"allow":["GET"]}}],"collection":[{"href":"https:\/\/www.europesays.com\/fr\/wp-json\/wp\/v2\/posts"}],"about":[{"href":"https:\/\/www.europesays.com\/fr\/wp-json\/wp\/v2\/types\/post"}],"author":[{"embeddable":true,"href":"https:\/\/www.europesays.com\/fr\/wp-json\/wp\/v2\/users\/2"}],"replies":[{"embeddable":true,"href":"https:\/\/www.europesays.com\/fr\/wp-json\/wp\/v2\/comments?post=122353"}],"version-history":[{"count":0,"href":"https:\/\/www.europesays.com\/fr\/wp-json\/wp\/v2\/posts\/122353\/revisions"}],"wp:featuredmedia":[{"embeddable":true,"href":"https:\/\/www.europesays.com\/fr\/wp-json\/wp\/v2\/media\/122354"}],"wp:attachment":[{"href":"https:\/\/www.europesays.com\/fr\/wp-json\/wp\/v2\/media?parent=122353"}],"wp:term":[{"taxonomy":"category","embeddable":true,"href":"https:\/\/www.europesays.com\/fr\/wp-json\/wp\/v2\/categories?post=122353"},{"taxonomy":"post_tag","embeddable":true,"href":"https:\/\/www.europesays.com\/fr\/wp-json\/wp\/v2\/tags?post=122353"}],"curies":[{"name":"wp","href":"https:\/\/api.w.org\/{rel}","templated":true}]}}