{"id":122359,"date":"2025-05-23T16:09:10","date_gmt":"2025-05-23T16:09:10","guid":{"rendered":"https:\/\/www.europesays.com\/fr\/122359\/"},"modified":"2025-05-23T16:09:10","modified_gmt":"2025-05-23T16:09:10","slug":"marseille-capitale-du-basket-3x3-ce-vendredi-et-tout-le-week-end-au-parc-chanot","status":"publish","type":"post","link":"https:\/\/www.europesays.com\/fr\/122359\/","title":{"rendered":"Marseille capitale du basket 3X3 ce vendredi et tout le week-end au Parc Chanot"},"content":{"rendered":"<p>Prenez vos billets totalement gratuits sur 3xfestival.com et, \u00e0 vous les ballons, les paniers et les matchs avec l&rsquo;\u00e9lite mondiale de cette discipline tr\u00e8s en vogue.\n<\/p>\n<p align=\"JUSTIFY\">Apr\u00e8s une \u00e9dition 2024 couronn\u00e9e de succ\u00e8s, le 3XFestival revient cette ann\u00e9e pour sa 3e \u00e9dition, avec encore plus d\u2019intensit\u00e9, d\u2019\u00e9motions et de spectacle ! Gr\u00e2ce \u00e0 un partenariat renforc\u00e9 avec la F\u00e9d\u00e9ration Fran\u00e7aise de Basket-Ball, l\u2019\u00e9v\u00e9nement promet une exp\u00e9rience inoubliable pour tous les passionn\u00e9s de 3\u00d73.<\/p>\n<p align=\"JUSTIFY\">Rapha\u00ebl de Chaunac, l&rsquo;organisateur du 3XFestival 2025, explique le concept dans cette vid\u00e9o.<\/p>\n<p align=\"JUSTIFY\">\u00a0<\/p>\n<p align=\"JUSTIFY\">\n<p align=\"JUSTIFY\">(Interview, images et montage : R\u00e9my Reponty pour Maritima M\u00e9dias.)<\/p>\n<p style=\"text-align: justify;\" align=\"JUSTIFY\">L\u2019ann\u00e9e derni\u00e8re, \u00e0 l\u2019aube de Paris 2024, les \u00e9quipes de France de basket 3\u00d73 ont brill\u00e9. Les Fran\u00e7aises ont d\u00e9croch\u00e9 le titre du Women\u2019s Series, tandis que les hommes ont offert un parcours exceptionnel jusqu\u2019\u00e0 la finale face \u00e0 la Lettonie.<\/p>\n<p style=\"text-align: justify;\" align=\"JUSTIFY\">Mais le 3XFestival, c\u2019est bien plus qu\u2019une comp\u00e9tition ! C\u2019est un v\u00e9ritable festival d\u00e9di\u00e9 au basket 3\u00d73, o\u00f9 les fans peuvent profiter de nombreux terrains en libre acc\u00e8s, d\u2019animations immersives et d\u2019un village enti\u00e8rement pens\u00e9 pour c\u00e9l\u00e9brer la discipline. Sans oublier la d\u00e9couverte des talents de demain gr\u00e2ce aux tournois amateurs organis\u00e9s en lever de rideau des comp\u00e9titions FIBA.<\/p>\n<p style=\"text-align: justify;\" align=\"JUSTIFY\">N&rsquo;h\u00e9sitez pas \u00e0 r\u00e9server vos billets gratuits sur <a href=\"https:\/\/3xfestival.com\/\" target=\"_blank\" rel=\"noopener\">3xfestival.com<\/a>.<\/p>\n<p>\u00a0<\/p>\n<p align=\"JUSTIFY\">\u00a0<\/p>\n<p align=\"JUSTIFY\">\u00a0<\/p>\n<p align=\"JUSTIFY\">\u00a0<\/p>\n<p align=\"JUSTIFY\">\u00a0<\/p>\n<p align=\"JUSTIFY\">\u00a0<\/p>\n<p align=\"JUSTIFY\">\u00a0<\/p>\n<p align=\"JUSTIFY\">\u00a0<\/p>\n","protected":false},"excerpt":{"rendered":"Prenez vos billets totalement gratuits sur 3xfestival.com et, \u00e0 vous les ballons, les paniers et les matchs avec&hellip;\n","protected":false},"author":2,"featured_media":122360,"comment_status":"","ping_status":"","sticky":false,"template":"","format":"standard","meta":{"footnotes":""},"categories":[2814],"tags":[24441,1111,11,1465,24440,1777,674,1011,27,884,12,24439,882,25,517],"class_list":{"0":"post-122359","1":"post","2":"type-post","3":"status-publish","4":"format-standard","5":"has-post-thumbnail","7":"category-marseille","8":"tag-3xfestival-2025","9":"tag-actu","10":"tag-actualites","11":"tag-basket","12":"tag-basket-3x3","13":"tag-eu","14":"tag-europe","15":"tag-fr","16":"tag-france","17":"tag-marseille","18":"tag-news","19":"tag-parc-chanot","20":"tag-provence-alpes-cote-dazur","21":"tag-republique-francaise","22":"tag-sport"},"share_on_mastodon":{"url":"https:\/\/pubeurope.com\/@fr\/114558020070218651","error":""},"_links":{"self":[{"href":"https:\/\/www.europesays.com\/fr\/wp-json\/wp\/v2\/posts\/122359","targetHints":{"allow":["GET"]}}],"collection":[{"href":"https:\/\/www.europesays.com\/fr\/wp-json\/wp\/v2\/posts"}],"about":[{"href":"https:\/\/www.europesays.com\/fr\/wp-json\/wp\/v2\/types\/post"}],"author":[{"embeddable":true,"href":"https:\/\/www.europesays.com\/fr\/wp-json\/wp\/v2\/users\/2"}],"replies":[{"embeddable":true,"href":"https:\/\/www.europesays.com\/fr\/wp-json\/wp\/v2\/comments?post=122359"}],"version-history":[{"count":0,"href":"https:\/\/www.europesays.com\/fr\/wp-json\/wp\/v2\/posts\/122359\/revisions"}],"wp:featuredmedia":[{"embeddable":true,"href":"https:\/\/www.europesays.com\/fr\/wp-json\/wp\/v2\/media\/122360"}],"wp:attachment":[{"href":"https:\/\/www.europesays.com\/fr\/wp-json\/wp\/v2\/media?parent=122359"}],"wp:term":[{"taxonomy":"category","embeddable":true,"href":"https:\/\/www.europesays.com\/fr\/wp-json\/wp\/v2\/categories?post=122359"},{"taxonomy":"post_tag","embeddable":true,"href":"https:\/\/www.europesays.com\/fr\/wp-json\/wp\/v2\/tags?post=122359"}],"curies":[{"name":"wp","href":"https:\/\/api.w.org\/{rel}","templated":true}]}}