{"id":122361,"date":"2025-05-23T16:10:14","date_gmt":"2025-05-23T16:10:14","guid":{"rendered":"https:\/\/www.europesays.com\/fr\/122361\/"},"modified":"2025-05-23T16:10:14","modified_gmt":"2025-05-23T16:10:14","slug":"un-homme-tabasse-rue-de-la-republique-pompiers-et-policiers-interviennent","status":"publish","type":"post","link":"https:\/\/www.europesays.com\/fr\/122361\/","title":{"rendered":"un homme tabass\u00e9 rue de la R\u00e9publique, pompiers et policiers interviennent"},"content":{"rendered":"<p>            Par<br \/>\n        <strong><br \/>\n            <a href=\"https:\/\/actu.fr\/auteur\/julien-damboise\" title=\"Consulter tous les articles de Julien Damboise\" target=\"_blank\" rel=\"noopener\">Julien Damboise<\/a><br \/>\n        <\/strong><\/p>\n<p>        Publi\u00e9 le<\/p>\n<p>            23 mai 2025 \u00e0 17h46        <\/p>\n<p><strong>INFO ACTU LYON<\/strong>. Une <strong>agression<\/strong>, dont les motifs restent inconnus, s\u2019est produit dans la nuit du jeudi 22 au vendredi 23 mai 2025 dans le centre-ville de <a href=\"https:\/\/actu.fr\/auvergne-rhone-alpes\/lyon_69123\" target=\"_blank\" rel=\"noopener\">Lyon<\/a>. Un homme a \u00e9t\u00e9 <strong>frapp\u00e9 par une bande<\/strong> de quatre individus rue de la R\u00e9publique dans le quartier des <a href=\"https:\/\/actu.fr\/tag\/place-des-terreaux\" target=\"_blank\" rel=\"noopener\">Terreaux<\/a>, avant d\u2019\u00eatre vol\u00e9. Les sapeurs-pompiers l\u2019ont pris en charge.<\/p>\n<p>\u00c0 quatre contre un<\/p>\n<p class=\" wall-content\">L\u2019agression s\u2019est d\u00e9roul\u00e9e <strong>vers 4 h du matin<\/strong>, entre les rues Pizay et de la R\u00e9publique, \u00e0 quelques pas de l\u2019h\u00f4tel de Ville, dans le 1er arrondissement de la capitale des Gaules. D\u2019apr\u00e8s une source proche de l\u2019affaire, c\u2019est un groupe compos\u00e9 de <strong>quatre suspects<\/strong> qui a cibl\u00e9 un jeune homme \u00e2g\u00e9 d\u2019une trentaine d\u2019ann\u00e9es.<\/p>\n<p class=\" wall-content\">De <strong>nombreux coups<\/strong> ont \u00e9t\u00e9 port\u00e9s \u00e0 la victime, qui serait tomb\u00e9e inconsciente au sol face \u00e0 la violence du groupe. Le trentenaire se serait aussi fait d\u00e9rober des effets personnels, ses poches auraient \u00e9t\u00e9 m\u00eame fouill\u00e9es et vid\u00e9es.<\/p>\n<p class=\" wall-content\">L\u00e9g\u00e8rement bless\u00e9, le jeune homme a fini par \u00eatre transport\u00e9, pris en charge par les secours.<\/p>\n<p>La police intervient en urgence<\/p>\n<p class=\" wall-content\">Les agresseurs ont fini par prendre la fuite dans ce secteur, o\u00f9 d\u2019autres <a href=\"https:\/\/actu.fr\/auvergne-rhone-alpes\/lyon_69123\/info-actu-lyon-agression-tres-violente-en-presqu-ile-un-homme-tabasse-sur-les-quais_62655164.html\" target=\"_blank\" rel=\"noopener\">faits similaires<\/a> sont r\u00e9guli\u00e8rement commis.<\/p>\n<p>Vid\u00e9os : en ce moment sur Actu<\/p>\n<p class=\" wall-content\">Mais des policiers sont <strong>rapidement intervenus<\/strong> sur place pour retrouver les mis en cause. Deux individus ont \u00e9t\u00e9 interpell\u00e9s et plac\u00e9s en garde \u00e0 vue, toujours selon les informations d\u2019actu Lyon.<\/p>\n<p class=\" wall-content\">Une enqu\u00eate est ouverte.<\/p>\n<p class=\" wall-content\">Suivez toute l\u2019actualit\u00e9 de vos villes et m\u00e9dias favoris en vous inscrivant \u00e0 <a href=\"https:\/\/moncompte.actu.fr\" title=\"D\u00e9couvez Mon Actu\" rel=\"nofollow noopener\" data-trk=\"{&quot;cta&quot;:{&quot;action&quot;:&quot;https:\\\/\\\/moncompte.actu.fr&quot;,&quot;category&quot;:&quot;mon compte&quot;,&quot;from&quot;:&quot;article footer&quot;,&quot;name&quot;:&quot;Mon actu&quot;,&quot;type&quot;:&quot;cta&quot;}}\" target=\"_blank\">Mon Actu<\/a>.<\/p>\n","protected":false},"excerpt":{"rendered":"Par Julien Damboise Publi\u00e9 le 23 mai 2025 \u00e0 17h46 INFO ACTU LYON. Une agression, dont les motifs&hellip;\n","protected":false},"author":2,"featured_media":122362,"comment_status":"","ping_status":"","sticky":false,"template":"","format":"standard","meta":{"footnotes":""},"categories":[1889],"tags":[1111,11,2430,1777,674,118,1011,27,2825,2428,12,24442,1072,25],"class_list":{"0":"post-122361","1":"post","2":"type-post","3":"status-publish","4":"format-standard","5":"has-post-thumbnail","7":"category-lyon","8":"tag-actu","9":"tag-actualites","10":"tag-auvergne-rhone-alpes","11":"tag-eu","12":"tag-europe","13":"tag-faits-divers","14":"tag-fr","15":"tag-france","16":"tag-insecurite","17":"tag-lyon","18":"tag-news","19":"tag-place-des-terreaux","20":"tag-police","21":"tag-republique-francaise"},"share_on_mastodon":{"url":"https:\/\/pubeurope.com\/@fr\/114558024060455682","error":""},"_links":{"self":[{"href":"https:\/\/www.europesays.com\/fr\/wp-json\/wp\/v2\/posts\/122361","targetHints":{"allow":["GET"]}}],"collection":[{"href":"https:\/\/www.europesays.com\/fr\/wp-json\/wp\/v2\/posts"}],"about":[{"href":"https:\/\/www.europesays.com\/fr\/wp-json\/wp\/v2\/types\/post"}],"author":[{"embeddable":true,"href":"https:\/\/www.europesays.com\/fr\/wp-json\/wp\/v2\/users\/2"}],"replies":[{"embeddable":true,"href":"https:\/\/www.europesays.com\/fr\/wp-json\/wp\/v2\/comments?post=122361"}],"version-history":[{"count":0,"href":"https:\/\/www.europesays.com\/fr\/wp-json\/wp\/v2\/posts\/122361\/revisions"}],"wp:featuredmedia":[{"embeddable":true,"href":"https:\/\/www.europesays.com\/fr\/wp-json\/wp\/v2\/media\/122362"}],"wp:attachment":[{"href":"https:\/\/www.europesays.com\/fr\/wp-json\/wp\/v2\/media?parent=122361"}],"wp:term":[{"taxonomy":"category","embeddable":true,"href":"https:\/\/www.europesays.com\/fr\/wp-json\/wp\/v2\/categories?post=122361"},{"taxonomy":"post_tag","embeddable":true,"href":"https:\/\/www.europesays.com\/fr\/wp-json\/wp\/v2\/tags?post=122361"}],"curies":[{"name":"wp","href":"https:\/\/api.w.org\/{rel}","templated":true}]}}