{"id":122363,"date":"2025-05-23T16:11:07","date_gmt":"2025-05-23T16:11:07","guid":{"rendered":"https:\/\/www.europesays.com\/fr\/122363\/"},"modified":"2025-05-23T16:11:07","modified_gmt":"2025-05-23T16:11:07","slug":"le-candidat-aux-municipales-a-lyon-porte-plainte-contre-les-ecologistes","status":"publish","type":"post","link":"https:\/\/www.europesays.com\/fr\/122363\/","title":{"rendered":"le candidat aux municipales \u00e0 Lyon porte plainte contre les \u00e9cologistes"},"content":{"rendered":"<p itemprop=\"description\"><strong>La sc\u00e8ne avait fait grand bruit le 24 avril dernier.<\/strong><\/p>\n<p>Alors qu&rsquo;il tentait d&rsquo;interpeller vivement la 1\u00e8re adjointe au maire de Lyon <a href=\"https:\/\/www.lyonmag.com\/profil-personnalite-lyonnaise\/552\/audrey-henocque\" target=\"_blank\" rel=\"noopener\">Audrey H\u00e9nocque<\/a> sur la pr\u00e9sence d&rsquo;un tag \u00ab\u00a0Palestine vaincra !\u00a0\u00bb place Bellecour, Edouard Hoffmann avait \u00e9t\u00e9 \u00e9cart\u00e9 par le directeur de cabinet adjoint de <a href=\"https:\/\/www.lyonmag.com\/profil-personnalite-lyonnaise\/504\/gregory-doucet\" target=\"_blank\" rel=\"noopener\">Gr\u00e9gory Doucet<\/a> avant d&rsquo;\u00eatre emmen\u00e9 plus loin par plusieurs policiers municipaux.<\/p>\n<blockquote class=\"twitter-tweet\"><p>&#13;<\/p>\n<p dir=\"ltr\" lang=\"fr\">Un candidat aux municipales maitris\u00e9 par la police \u00e0 Lyon ! \u00c9douard Hoffman (SaccageLyon) tente d\u2019interpeller la 1\u00e8re adjointe Audrey H\u00e9nocque sous pr\u00e9texte qu\u2019elle refuse de le recevoir <a href=\"https:\/\/t.co\/JuQhDkeRAN\">pic.twitter.com\/JuQhDkeRAN<\/a><\/p>\n<p>&#13;<br \/>\n\u2014 Lyon Mag (@lyonmag) <a href=\"https:\/\/twitter.com\/lyonmag\/status\/1915401527881068959?ref_src=twsrc%5Etfw\" target=\"_blank\" rel=\"noopener\">April 24, 2025<\/a><\/p><\/blockquote>\n<p>Ce vendredi, le militant anti-tag, candidat d\u00e9clar\u00e9 \u00e0 l&rsquo;\u00e9lection municipale 2026, annonce porter plainte.<\/p>\n<p>Edouard Hoffmann entend poursuivre Guillaume Dupeyron pour violences, estimant avoir \u00e9t\u00e9 ceintur\u00e9 et m\u00eame avoir \u00e9t\u00e9 presque saisi \u00e0 la gorge par le collaborateur du maire de Lyon.<\/p>\n<p>Le contributeur de la page Facebook SaccageLyon porte aussi plainte contre Gr\u00e9gory Doucet et <a href=\"https:\/\/www.lyonmag.com\/profil-personnalite-lyonnaise\/518\/bruno-bernard\" target=\"_blank\" rel=\"noopener\">Bruno Bernard<\/a> pour diffamation, car les \u00e9lus \u00e9cologistes l&rsquo;auraient accus\u00e9 d&rsquo;avoir \u00e9t\u00e9 violent avec Audrey H\u00e9nocque, ce que l&rsquo;int\u00e9resse r\u00e9fute. Le maire de Lyon avait d\u00e9nonc\u00e9 \u00ab\u00a0le comportement violent et indigne\u00a0\u00bb d&rsquo;Edouard Hoffmann, quand le pr\u00e9sident de la M\u00e9tropole \u00e9voquait des \u00ab\u00a0intimidations\u00a0\u00bb et des \u00ab\u00a0violences\u00a0\u00bb.<\/p>\n<p>\u00ab\u00a0Ces d\u00e9rives consistant \u00e0 d\u00e9former la r\u00e9alit\u00e9 dans le but de discr\u00e9diter les opposants politiques sont en contradiction flagrante avec nos valeurs r\u00e9publicaines et la tradition lyonnaise\u00a0\u00bb, r\u00e9agit le candidat, qui avait r\u00e9clam\u00e9, en vain, des excuses de la part des \u00e9cologistes.<\/p>\n<p>\t\t  <script async src=\"https:\/\/platform.twitter.com\/widgets.js\" charset=\"utf-8\"><\/script><\/p>\n","protected":false},"excerpt":{"rendered":"La sc\u00e8ne avait fait grand bruit le 24 avril dernier. Alors qu&rsquo;il tentait d&rsquo;interpeller vivement la 1\u00e8re adjointe&hellip;\n","protected":false},"author":2,"featured_media":122364,"comment_status":"","ping_status":"","sticky":false,"template":"","format":"standard","meta":{"footnotes":""},"categories":[1889],"tags":[1111,11,2813,2190,2430,1109,251,1112,2811,1777,674,118,1011,27,1922,1110,1114,2428,2810,12,241,316,25,2812,517,800],"class_list":{"0":"post-122363","1":"post","2":"type-post","3":"status-publish","4":"format-standard","5":"has-post-thumbnail","7":"category-lyon","8":"tag-actu","9":"tag-actualites","10":"tag-article","11":"tag-asvel","12":"tag-auvergne-rhone-alpes","13":"tag-breves","14":"tag-culture","15":"tag-depeches","16":"tag-economique","17":"tag-eu","18":"tag-europe","19":"tag-faits-divers","20":"tag-fr","21":"tag-france","22":"tag-info","23":"tag-informations","24":"tag-infos","25":"tag-lyon","26":"tag-lyonmag","27":"tag-news","28":"tag-ol","29":"tag-politique","30":"tag-republique-francaise","31":"tag-sociale","32":"tag-sport","33":"tag-transports"},"share_on_mastodon":{"url":"https:\/\/pubeurope.com\/@fr\/114558027949938680","error":""},"_links":{"self":[{"href":"https:\/\/www.europesays.com\/fr\/wp-json\/wp\/v2\/posts\/122363","targetHints":{"allow":["GET"]}}],"collection":[{"href":"https:\/\/www.europesays.com\/fr\/wp-json\/wp\/v2\/posts"}],"about":[{"href":"https:\/\/www.europesays.com\/fr\/wp-json\/wp\/v2\/types\/post"}],"author":[{"embeddable":true,"href":"https:\/\/www.europesays.com\/fr\/wp-json\/wp\/v2\/users\/2"}],"replies":[{"embeddable":true,"href":"https:\/\/www.europesays.com\/fr\/wp-json\/wp\/v2\/comments?post=122363"}],"version-history":[{"count":0,"href":"https:\/\/www.europesays.com\/fr\/wp-json\/wp\/v2\/posts\/122363\/revisions"}],"wp:featuredmedia":[{"embeddable":true,"href":"https:\/\/www.europesays.com\/fr\/wp-json\/wp\/v2\/media\/122364"}],"wp:attachment":[{"href":"https:\/\/www.europesays.com\/fr\/wp-json\/wp\/v2\/media?parent=122363"}],"wp:term":[{"taxonomy":"category","embeddable":true,"href":"https:\/\/www.europesays.com\/fr\/wp-json\/wp\/v2\/categories?post=122363"},{"taxonomy":"post_tag","embeddable":true,"href":"https:\/\/www.europesays.com\/fr\/wp-json\/wp\/v2\/tags?post=122363"}],"curies":[{"name":"wp","href":"https:\/\/api.w.org\/{rel}","templated":true}]}}