{"id":122371,"date":"2025-05-23T16:15:13","date_gmt":"2025-05-23T16:15:13","guid":{"rendered":"https:\/\/www.europesays.com\/fr\/122371\/"},"modified":"2025-05-23T16:15:13","modified_gmt":"2025-05-23T16:15:13","slug":"la-fashion-week-homme-de-paris-enregistre-le-retour-de-saint-laurent-et-accueille-le-label-indien-kartik-research","status":"publish","type":"post","link":"https:\/\/www.europesays.com\/fr\/122371\/","title":{"rendered":"La Fashion Week Homme de Paris enregistre le retour de Saint Laurent et accueille le label indien Kartik Research"},"content":{"rendered":"<p>\n                                        <b>Traduit par<\/b><br \/>\n                                        <br \/>Anne SCHILLING\n                                    <\/p>\n<p>\n                                    <b>Publi\u00e9 le<\/b><br \/>\n                                    <\/p>\n<p>                                        23 mai 2025<\/p>\n<p class=\"article-content col-md-8 offset-md-1\">\n                                Le mois prochain, la saison des d\u00e9fil\u00e9s de mode masculine \u00e0 Paris accueillera le retour de <a class=\"fnwAddLinks\" href=\"https:\/\/tn.fashionnetwork.com\/tags-saint-laurent\" title=\"Saint Laurent\" target=\"_blank\" rel=\"noopener\">Saint Laurent<\/a> ainsi que cinq autres marques phares, au cours d&rsquo;une semaine qui verra \u00e9galement les d\u00e9buts du nouveau venu tr\u00e8s en vogue: Kartik Research.<\/p>\n<p><img decoding=\"async\" class=\"news-image\" style=\"width:100%;\" src=\"https:\/\/www.europesays.com\/fr\/wp-content\/uploads\/2025\/05\/9480.png\" alt=\"Kartik Research\" loading=\"lazy\"\/>Kartik Research &#8211; Photo Credit: Valerio Mezzanotti<\/p>\n<p class=\"col-md-8 offset-md-1 article-content--texte\">La prochaine saison de la mode homme \u00e0 Paris se d\u00e9roulera du mardi 24 juin au dimanche 29 juin.<\/p>\n<p>Saint Laurent fait son retour dans la saison officielle de la mode masculine \u00e0 Paris apr\u00e8s plusieurs saisons d&rsquo;absence. La maison avait d\u00e9lib\u00e9r\u00e9ment organis\u00e9 son dernier d\u00e9fil\u00e9 masculin lors de la saison de haute couture parisienne fin janvier. Ces derni\u00e8res ann\u00e9es, elle avait souvent d\u00e9laiss\u00e9 Paris pour pr\u00e9senter ses collections dans des lieux aussi vari\u00e9s que l&rsquo;Italie ou les \u00c9tats-Unis.<\/p>\n<p class=\"col-md-8 offset-md-1 article-content--texte\">Saint Laurent, propri\u00e9t\u00e9 de <a class=\"fnwAddLinks\" href=\"https:\/\/tn.fashionnetwork.com\/tags-kering\" title=\"Kering\" target=\"_blank\" rel=\"noopener\">Kering<\/a>, pr\u00e9sentera son d\u00e9fil\u00e9 le mardi d&rsquo;ouverture, trois heures avant <a class=\"fnwAddLinks\" href=\"https:\/\/tn.fashionnetwork.com\/tags-louis-vuitton\" title=\"Louis Vuitton\" target=\"_blank\" rel=\"noopener\">Louis Vuitton<\/a>, le label appartenant \u00e0 <a class=\"fnwAddLinks\" href=\"https:\/\/tn.fashionnetwork.com\/tags-lvmh\" title=\"LVMH\" target=\"_blank\" rel=\"noopener\">LVMH<\/a> qui est la plus grande marque de luxe.<\/p>\n<p><img decoding=\"async\" class=\"news-image\" style=\"width:100%;\" src=\"https:\/\/www.europesays.com\/fr\/wp-content\/uploads\/2025\/05\/d64e.jpg\" alt=\"Travaux des \u00e9tudiants de l'IFM\" loading=\"lazy\"\/>Travaux des \u00e9tudiants de l&rsquo;IFM &#8211; Courtesy<\/p>\n<p class=\"col-md-8 offset-md-1 article-content--texte\">Selon le calendrier provisoire publi\u00e9 vendredi par la <a class=\"fnwAddLinks\" href=\"https:\/\/tn.fashionnetwork.com\/tags-federation-de-la-haute-couture-et-de-la-mode\" title=\"F\u00e9d\u00e9ration de la Haute Couture et de la Mode\" target=\"_blank\" rel=\"noopener\">F\u00e9d\u00e9ration de la Haute Couture et de la Mode<\/a> (FHCM), l&rsquo;organisme qui r\u00e9git la mode fran\u00e7aise, cette saison de six jours verra \u00e9galement les premi\u00e8res apparitions de <a class=\"fnwAddLinks\" href=\"https:\/\/tn.fashionnetwork.com\/tags-craig-green\" title=\"Craig Green\" target=\"_blank\" rel=\"noopener\">Craig Green<\/a>, <a class=\"fnwAddLinks\" href=\"https:\/\/tn.fashionnetwork.com\/tags-dries-van-noten\" title=\"Dries Van Noten\" target=\"_blank\" rel=\"noopener\">Dries Van Noten<\/a>, <a class=\"fnwAddLinks\" href=\"https:\/\/tn.fashionnetwork.com\/tags-etudes-studio\" title=\"Etudes Studio\" target=\"_blank\" rel=\"noopener\">Etudes Studio<\/a> et Wales Bonner.<\/p>\n<p>Autre grande premi\u00e8re: l&rsquo;IFM, la prestigieuse \u00e9cole de mode parisienne, pr\u00e9sentera son premier d\u00e9fil\u00e9 commun dans le cadre du calendrier de la mode homme.<\/p>\n<p>La saison sera \u00e9galement marqu\u00e9e par les d\u00e9buts en France de Camiel Fortgens, Camperlab et P.Andrade. Quatre autres marques feront leur retour dans la saison fran\u00e7aise avec des pr\u00e9sentations en direct: Bed J.W. Ford, <a class=\"fnwAddLinks\" href=\"https:\/\/tn.fashionnetwork.com\/tags-bode\" title=\"Bode\" target=\"_blank\" rel=\"noopener\">Bode<\/a>, Mr. Saturday et Namesake.<\/p>\n<p>Au total, 40 d\u00e9fil\u00e9s et 30 pr\u00e9sentations seront inscrits au calendrier officiel.<\/p>\n<p>Sphere, l&rsquo;incubateur de mode soutenu par la FHCM et install\u00e9 au <a class=\"fnwAddLinks\" href=\"https:\/\/tn.fashionnetwork.com\/tags-palais-de-tokyo\" title=\"Palais de Tokyo\" target=\"_blank\" rel=\"noopener\">Palais de Tokyo<\/a>, pr\u00e9sentera deux nouveaux talents, Mouty et Victor Clavelly, tandis que cinq autres marques feront leur retour: Cach\u00ed, La Cage, C.R.E.O.L.E., Lazoschmidl et Ouest Paris.<\/p>\n<p>On peut s&rsquo;attendre \u00e0 six jours effr\u00e9n\u00e9s avec les d\u00e9fil\u00e9s de grandes marques comme <a class=\"fnwAddLinks\" href=\"https:\/\/tn.fashionnetwork.com\/tags-dior\" title=\"Dior\" target=\"_blank\" rel=\"noopener\">Dior<\/a> Homme et <a class=\"fnwAddLinks\" href=\"https:\/\/tn.fashionnetwork.com\/tags-hermes\" title=\"Herm\u00e8s\" target=\"_blank\" rel=\"noopener\">Herm\u00e8s<\/a>, de marques avant-gardistes r\u00e9put\u00e9es telles que <a class=\"fnwAddLinks\" href=\"https:\/\/tn.fashionnetwork.com\/tags-comme-des-garcons\" title=\"Comme des Gar\u00e7ons\" target=\"_blank\" rel=\"noopener\">Comme des Gar\u00e7ons<\/a>, <a class=\"fnwAddLinks\" href=\"https:\/\/tn.fashionnetwork.com\/tags-yohji-yamamoto\" title=\"Yohji Yamamoto\" target=\"_blank\" rel=\"noopener\">Yohji Yamamoto<\/a> et <a class=\"fnwAddLinks\" href=\"https:\/\/tn.fashionnetwork.com\/tags-rick-owens\" title=\"Rick Owens\" target=\"_blank\" rel=\"noopener\">Rick Owens<\/a>, et de marques en vogue comme Willy Chavarria, AMI et <a class=\"fnwAddLinks\" href=\"https:\/\/tn.fashionnetwork.com\/tags-kolor\" title=\"Kolor\" target=\"_blank\" rel=\"noopener\">Kolor<\/a>.<\/p>\n<p>Alors que Paris s&rsquo;appr\u00eate \u00e0 vivre une nouvelle saison riche en mode masculine internationale et avant-gardiste, nous avons rencontr\u00e9 <a class=\"fnwAddLinks\" href=\"https:\/\/tn.fashionnetwork.com\/tags-pascal-morand\" title=\"Pascal Morand\" target=\"_blank\" rel=\"noopener\">Pascal Morand<\/a>, pr\u00e9sident ex\u00e9cutif de la FHCM, pour \u00e9voquer la position unique de Paris dans l&rsquo;\u00e9cosyst\u00e8me de la mode.<\/p>\n<p><img decoding=\"async\" class=\"news-image\" style=\"width:100%;max-width:605px;\" src=\"https:\/\/www.europesays.com\/fr\/wp-content\/uploads\/2025\/05\/d251.png\" alt=\"Pascal Morand, Pr\u00e9sident ex\u00e9cutif de la F\u00e9d\u00e9ration de la Haute Couture et de la Mode\" loading=\"lazy\"\/>Pascal Morand, Pr\u00e9sident ex\u00e9cutif de la F\u00e9d\u00e9ration de la Haute Couture et de la Mode &#8211; Courtesy<\/p>\n<p><strong>Fashion Network : Pourquoi pensez-vous que Paris conserve un tel attrait pour les cr\u00e9ateurs et les Maisons ?<\/strong>\u00a0<\/p>\n<p><strong>Pascal Morand :<\/strong> L\u2019attractivit\u00e9 de la Fashion Week de Paris repose sur plusieurs facteurs. Elle tient d\u2019abord \u00e0 la pr\u00e9sence des Maisons les plus embl\u00e9matiques, ainsi que des marques \u00e9mergentes prometteuses. Celles-ci \u00e9voluent au c\u0153ur d\u2019un \u00e9cosyst\u00e8me, r\u00e9unissant un large \u00e9ventail de comp\u00e9tences: journalistes, acheteurs, bureaux de presse, producteurs, influenceurs, mannequins, maquilleurs, coiffeurs sans oublier toute la communaut\u00e9 cr\u00e9ative \u2013 artistes visuels, photographes, r\u00e9alisateurs, musiciens, etc.\u00a0<\/p>\n<p>La F\u00e9d\u00e9ration et son Comit\u00e9 ex\u00e9cutif s\u2019engagent activement dans la r\u00e9ussite de cet \u00e9v\u00e9nement aux multiples dimensions. Ils veillent \u00e0 la solidit\u00e9 du Calendrier Officiel, v\u00e9ritable colonne vert\u00e9brale de la Fashion Week, qui b\u00e9n\u00e9ficie du soutien de Partenaires Officiels. La F\u00e9d\u00e9ration organise \u00e9galement, avec un fort taux de s\u00e9lectivit\u00e9 la s\u00e9lection des invit\u00e9s via des commissions renouvel\u00e9es chaque saison.\u00a0<\/p>\n<p>Un autre facteur d\u00e9terminant r\u00e9side dans l\u2019aura historique de Paris, ville depuis toujours ouverte aux arts et aux talents venus du monde entier.\u00a0<\/p>\n<p>Enfin, la dynamique \u00e0 la fois \u00e9conomique et culturelle de Paris renforce la port\u00e9e de la Fashion Week, qui est \u00e0 la fois un \u00e9v\u00e9nement artistique majeur et un espace strat\u00e9gique d\u2019\u00e9changes \u00e9conomiques.\u00a0<\/p>\n<p><strong>FNW : Quels sont les d\u00e9fil\u00e9s que vous attendez avec le plus d\u2019impatience ?\u00a0<\/strong>\u00a0<\/p>\n<p><strong>P.M :<\/strong> La force et la richesse de la Fashion Week de Paris r\u00e9sident pr\u00e9cis\u00e9ment dans la diversit\u00e9 de ses propositions, de ses visions cr\u00e9atives et des identit\u00e9s qu\u2019elle rassemble \u2013 des grandes maisons aux cr\u00e9ateurs \u00e9mergents. Parmi les nouveaux entrants cette saison figurent Kartik Research au format d\u00e9fil\u00e9, ainsi que Camiel Fortgens, Camperlab et P.Andrade en pr\u00e9sentation. Le Calendrier Officiel provisoire accueille \u00e9galement le retour de Saint Laurent, Craig Green, Dries Van Noten, \u00c9tudes Studio et Wales Bonner.\u00a0<br \/>\u00a0<br \/><strong>FNW : Combien de d\u00e9fil\u00e9s et de pr\u00e9sentations le Calendrier Officiel provisoire rassemble ?<\/strong>\u00a0<\/p>\n<p><strong>P.M :<\/strong> Cette saison, le Calendrier Officiel provisoire de la <a class=\"fnwAddLinks\" href=\"https:\/\/tn.fashionnetwork.com\/tags-paris-fashion-week\" title=\"Paris Fashion Week\" target=\"_blank\" rel=\"noopener\">Paris Fashion Week<\/a> Mode Masculine Printemps\/\u00c9t\u00e9 rassemble 70 maisons, dont 40 d\u00e9fil\u00e9s et 30 pr\u00e9sentations.\u00a0\u00a0\u00a0<br \/>\u00a0<br \/><strong>FNW : Ces derni\u00e8res ann\u00e9es, il y a souvent eu autant de pr\u00e9sentations que de d\u00e9fil\u00e9s concernant la mode masculine, avez-vous pu augmenter la proportion de d\u00e9fil\u00e9s pour la saison \u00e0 venir ?<\/strong>\u00a0<\/p>\n<p><strong>P.M : <\/strong>On observe actuellement une grande vitalit\u00e9, tant du c\u00f4t\u00e9 des d\u00e9fil\u00e9s que des pr\u00e9sentations. La question n\u2019est pas d\u2019augmenter le nombre de d\u00e9fil\u00e9s, mais plut\u00f4t de trouver le format le plus pertinent pour chaque maison. Depuis la pand\u00e9mie, les pr\u00e9sentations et les d\u00e9fil\u00e9s sont r\u00e9unis au sein d\u2019un m\u00eame Calendrier. Ainsi, certaines marques choisissent de pr\u00e9senter leurs collections sous forme de pr\u00e9sentation, un format qui peut parfois mieux convenir \u00e0 leur vision cr\u00e9ative. Quoi qu\u2019il en soit, l\u2019\u00e9quilibre entre les d\u00e9fil\u00e9s et les pr\u00e9sentations est rigoureusement suivi par la Commission de la Mode Masculine.\u00a0<br \/>\u00a0<br \/><strong>FNW : Quel est l\u2019impact \u00e9conomique d\u2019une saison Mode Masculine sur Paris et la France ?<\/strong>\u00a0<\/p>\n<p><strong>P.M : <\/strong>L\u2019impact \u00e9conomique de la Fashion Week de Paris est multiple.\u00a0<br \/>Il concerne bien s\u00fbr les ventes, mais aussi l\u2019attractivit\u00e9 et le dynamisme \u00e9conomique de Paris et de la France dans leur ensemble. La Fashion Week g\u00e9n\u00e8re de l\u2019emploi, non seulement au sein des <a class=\"fnwAddLinks\" href=\"https:\/\/tn.fashionnetwork.com\/tags-maisons-de-mode\" title=\"Maisons de mode\" target=\"_blank\" rel=\"noopener\">Maisons de mode<\/a>, mais aussi dans l\u2019ensemble des environnements cr\u00e9atifs qui participent \u00e0 son organisation.\u00a0<\/p>\n<p>Il faut \u00e9galement prendre en compte son impact en termes d\u2019influence, qui a des retomb\u00e9es \u00e9conomiques mesurables. On peut l\u2019\u00e9valuer \u00e0 travers la valeur m\u00e9dia acquise (Earned Media Value ou EMV). En se r\u00e9f\u00e9rant notamment aux donn\u00e9es de <a class=\"fnwAddLinks\" href=\"https:\/\/tn.fashionnetwork.com\/tags-launchmetrics\" title=\"Launchmetrics\" target=\"_blank\" rel=\"noopener\">Launchmetrics<\/a>, qui s\u2019appuient sur une mesure semblable \u2013 le Media Impact Value (MIV) \u2013 on observe les chiffres suivants pour les deux derni\u00e8res saisons : 303,6 millions de dollars pour la Paris Fashion Week\u00ae Mode Masculine Automne\/Hiver 2025-2026, et 278,3 millions pour le Printemps\/\u00c9t\u00e9 2024. \u00c0 titre de comparaison, ce montant s\u2019\u00e9levait \u00e0 50 millions de dollars en 2022, soit une multiplication par six en trois ans.\u00a0<br \/>\u00a0<br \/><strong>FNW : Combien de personnes, d&rsquo;acheteurs, de journalistes, de mannequins, de maquilleurs et coiffeurs, de photographes, de VIP viennent \u00e0 Paris pour la Fashion Week de Paris Mode Masculine ?<\/strong>\u00a0<\/p>\n<p><strong>P.M : <\/strong>Il est difficile d\u2019\u00e9valuer pr\u00e9cis\u00e9ment le nombre de personnes pr\u00e9sentes durant la Fashion Week de Paris Mode Masculine, mais nous l\u2019estimons \u00e0 environ 5.500 personnes. Cela inclut les \u00e9quipes des Maisons fran\u00e7aises et internationales, les acheteurs, journalistes, agences de production, bureau de presse, VIP, VIC, influenceurs, talents, etc.\u00a0<br \/>\u00a0<br \/><strong>FNW : Quelles nouvelles mesures la FHCM a-t-elle introduites pour soutenir la jeune cr\u00e9ation ?<\/strong>\u00a0<\/p>\n<p><strong>P.M : <\/strong>La F\u00e9d\u00e9ration poursuit une politique dont l\u2019efficacit\u00e9 a \u00e9t\u00e9 d\u00e9montr\u00e9e. Chaque saison, la F\u00e9d\u00e9ration accorde des aides financi\u00e8res aux jeunes cr\u00e9ateurs, gr\u00e2ce au soutien constant du DEFI pour les marques fran\u00e7aises, et via son Fonds de soutien pour les marques \u00e9mergentes internationales.\u00a0<\/p>\n<p>Comme chaque saison, le showroom SPHERE Paris Fashion Week se tiendra au Palais de Tokyo, du mercredi 25 au dimanche 29 juin. Deux nouveaux entrants \u2014 Mouty et Victor Clavelly \u2014 viendront rejoindre cinq marques d\u00e9j\u00e0 pr\u00e9sentes les saisons pr\u00e9c\u00e9dentes : CACH\u00cd, C.R.E.O.L.E, La Cage, Lazoschmidl et Ouest Paris.\u00a0<\/p>\n<p>Par ailleurs, la F\u00e9d\u00e9ration renforce son accompagnement aupr\u00e8s des jeunes cr\u00e9ateurs en les aidant \u00e0 trouver des lieux pour leurs d\u00e9fil\u00e9s ou pr\u00e9sentations, \u00e0 des co\u00fbts raisonnables. La question des lieux devient en effet un enjeu croissant, sur lequel la F\u00e9d\u00e9ration entend jouer un r\u00f4le de facilitateur. Enfin, la F\u00e9d\u00e9ration soutient les jeunes marques \u00e0 travers l\u2019organisation de formations d\u00e9di\u00e9es, s\u2019appuyant sur l\u2019expertise de ses \u00e9quipes, mais aussi sur l\u2019intervention d\u2019experts ext\u00e9rieurs et de partenariats professionnels.\u00a0<br \/>\u00a0<br \/><strong>FNW : Aujourd&rsquo;hui, il y a souvent plus de fans \u00e0 l&rsquo;ext\u00e9rieur des d\u00e9fil\u00e9s que de professionnels \u00e0 l&rsquo;int\u00e9rieur.\u00a0<\/strong>\u00a0<\/p>\n<p><strong>P.M : <\/strong>Nous sommes conscients du nombre croissant de spectateurs en dehors des d\u00e9fil\u00e9s, ce qui t\u00e9moigne de l\u2019ampleur et l\u2019int\u00e9r\u00eat grandissants de la Fashion Week de Paris, de la puissance de ses shows, de la pr\u00e9sence de c\u00e9l\u00e9brit\u00e9s de renomm\u00e9e internationale et de l\u2019int\u00e9r\u00eat d\u2019un public mondial. Nous travaillons en \u00e9troite collaboration avec la Pr\u00e9fecture de <a class=\"fnwAddLinks\" href=\"https:\/\/tn.fashionnetwork.com\/tags-police\" title=\"Police\" target=\"_blank\" rel=\"noopener\">Police<\/a> pour garantir la s\u00e9curit\u00e9 des d\u00e9fil\u00e9s et de leurs abords. Nous communiquons \u00e9galement avec les maisons sur l\u2019importance de la s\u00e9curit\u00e9 autour des lieux de d\u00e9fil\u00e9s et leur fournissons un guide de bonnes pratiques en mati\u00e8re de s\u00e9curit\u00e9 et de s\u00fbret\u00e9.\u00a0\n                            <\/p>\n<p>\n                                Tous droits de reproduction et de repr\u00e9sentation r\u00e9serv\u00e9s.<br \/>\u00a9 2025 FashionNetwork.com\n                            <\/p>\n","protected":false},"excerpt":{"rendered":"Traduit par Anne SCHILLING Publi\u00e9 le 23 mai 2025 Le mois prochain, la saison des d\u00e9fil\u00e9s de mode&hellip;\n","protected":false},"author":2,"featured_media":122372,"comment_status":"","ping_status":"","sticky":false,"template":"","format":"standard","meta":{"footnotes":""},"categories":[1888],"tags":[1111,1928,11,1927,24450,2424,24458,15566,537,2423,24453,21472,947,15731,1777,674,24457,1011,27,24454,11127,24444,24445,24452,24456,3797,2425,7484,24448,985,12,1926,24451,2298,626,24449,1925,24455,1072,2426,2427,25,2421,24447,13507,2422,24446],"class_list":{"0":"post-122371","1":"post","2":"type-post","3":"status-publish","4":"format-standard","5":"has-post-thumbnail","7":"category-paris","8":"tag-actu","9":"tag-actu-paris","10":"tag-actualites","11":"tag-actualites-paris","12":"tag-ami-alexandre-mattiussi","13":"tag-beaute","14":"tag-bode","15":"tag-comme-des-garcons","16":"tag-contact","17":"tag-cosmetiques","18":"tag-craig-green","19":"tag-dior","20":"tag-dries-van-noten","21":"tag-etudes-studio","22":"tag-eu","23":"tag-europe","24":"tag-federation-de-la-haute-couture-et-de-la-mode","25":"tag-fr","26":"tag-france","27":"tag-grace-wales-bonner","28":"tag-hermes","29":"tag-institut-francais-de-la-mode","30":"tag-kering","31":"tag-kolor","32":"tag-launchmetrics","33":"tag-louis-vuitton","34":"tag-luxe","35":"tag-lvmh","36":"tag-maisons-de-mode","37":"tag-mode","38":"tag-news","39":"tag-news-paris","40":"tag-palais-de-tokyo","41":"tag-parfum","42":"tag-paris","43":"tag-paris-fashion-week","44":"tag-paris-news","45":"tag-pascal-morand","46":"tag-police","47":"tag-professionnel","48":"tag-professionnels","49":"tag-republique-francaise","50":"tag-reseau","51":"tag-rick-owens","52":"tag-saint-laurent","53":"tag-textile","54":"tag-yohji-yamamoto"},"share_on_mastodon":{"url":"","error":"Validation failed: Text character limit of 500 exceeded"},"_links":{"self":[{"href":"https:\/\/www.europesays.com\/fr\/wp-json\/wp\/v2\/posts\/122371","targetHints":{"allow":["GET"]}}],"collection":[{"href":"https:\/\/www.europesays.com\/fr\/wp-json\/wp\/v2\/posts"}],"about":[{"href":"https:\/\/www.europesays.com\/fr\/wp-json\/wp\/v2\/types\/post"}],"author":[{"embeddable":true,"href":"https:\/\/www.europesays.com\/fr\/wp-json\/wp\/v2\/users\/2"}],"replies":[{"embeddable":true,"href":"https:\/\/www.europesays.com\/fr\/wp-json\/wp\/v2\/comments?post=122371"}],"version-history":[{"count":0,"href":"https:\/\/www.europesays.com\/fr\/wp-json\/wp\/v2\/posts\/122371\/revisions"}],"wp:featuredmedia":[{"embeddable":true,"href":"https:\/\/www.europesays.com\/fr\/wp-json\/wp\/v2\/media\/122372"}],"wp:attachment":[{"href":"https:\/\/www.europesays.com\/fr\/wp-json\/wp\/v2\/media?parent=122371"}],"wp:term":[{"taxonomy":"category","embeddable":true,"href":"https:\/\/www.europesays.com\/fr\/wp-json\/wp\/v2\/categories?post=122371"},{"taxonomy":"post_tag","embeddable":true,"href":"https:\/\/www.europesays.com\/fr\/wp-json\/wp\/v2\/tags?post=122371"}],"curies":[{"name":"wp","href":"https:\/\/api.w.org\/{rel}","templated":true}]}}