{"id":122378,"date":"2025-05-23T16:19:11","date_gmt":"2025-05-23T16:19:11","guid":{"rendered":"https:\/\/www.europesays.com\/fr\/122378\/"},"modified":"2025-05-23T16:19:11","modified_gmt":"2025-05-23T16:19:11","slug":"pourquoi-vladimir-poutine-veut-il-une-zone-tampon-a-la-frontiere-russe","status":"publish","type":"post","link":"https:\/\/www.europesays.com\/fr\/122378\/","title":{"rendered":"Pourquoi Vladimir Poutine veut-il une \u00ab zone tampon \u00bb \u00e0 la fronti\u00e8re russe ?"},"content":{"rendered":"<p><strong>\u00e9tape militaire &#8211; Le pr\u00e9sident russe a annonc\u00e9 que son arm\u00e9e \u00ab\u00a0s\u2019attelait\u00a0\u00bb \u00e0 la mise en place d\u2019une zone tampon le long de sa fronti\u00e8re avec l\u2019Ukraine. Pourquoi\u00a0?<\/strong><\/p>\n<p>Une nouvelle offensive se pr\u00e9pare dans les rangs de l\u2019arm\u00e9e russe. <a href=\"https:\/\/www.20minutes.fr\/monde\/vladimir_poutine\/?at_medium=RSS%20feed&amp;at_campaign=ynews&amp;utm_source=yahoo&amp;utm_medium=rss&amp;utm_campaign=news_feed&amp;utm_content=in_article_link\" rel=\"nofollow noopener\" target=\"_blank\" data-ylk=\"slk:Vladimir Poutine;elm:context_link;itc:0;sec:content-canvas\" class=\"link \">Vladimir Poutine<\/a> a fix\u00e9 l\u2019objectif de mettre en place une zone tampon \u00e0 sa fronti\u00e8re avec l\u2019<a href=\"https:\/\/www.20minutes.fr\/monde\/ukraine\/?at_medium=RSS%20feed&amp;at_campaign=ynews&amp;utm_source=yahoo&amp;utm_medium=rss&amp;utm_campaign=news_feed&amp;utm_content=in_article_link\" rel=\"nofollow noopener\" target=\"_blank\" data-ylk=\"slk:Ukraine;elm:context_link;itc:0;sec:content-canvas\" class=\"link \">Ukraine<\/a>. Des d\u00e9clarations jug\u00e9es \u00ab\u00a0agressives\u00a0\u00bb par le chef de la diplomatie ukrainienne au moment o\u00f9 \u00ab\u00a0des efforts sont activement d\u00e9ploy\u00e9s pour parvenir \u00e0 un <a href=\"https:\/\/www.20minutes.fr\/monde\/cessez_le_feu\/?at_medium=RSS%20feed&amp;at_campaign=ynews&amp;utm_source=yahoo&amp;utm_medium=rss&amp;utm_campaign=news_feed&amp;utm_content=in_article_link\" rel=\"nofollow noopener\" target=\"_blank\" data-ylk=\"slk:cessez-le-feu;elm:context_link;itc:0;sec:content-canvas\" class=\"link \">cessez-le-feu<\/a> total et durable\u00a0\u00bb.<\/p>\n<p>Mais \u00e7a sert \u00e0 quoi, une zone tampon\u00a0? Qu\u2019est-ce que \u00e7a implique\u00a0? Quel est l\u2019objectif du <a href=\"https:\/\/www.20minutes.fr\/dossier\/kremlin?at_medium=RSS%20feed&amp;at_campaign=ynews&amp;utm_source=yahoo&amp;utm_medium=rss&amp;utm_campaign=news_feed&amp;utm_content=in_article_link\" rel=\"nofollow noopener\" target=\"_blank\" data-ylk=\"slk:Kremlin;elm:context_link;itc:0;sec:content-canvas\" class=\"link \">Kremlin<\/a>\u00a0? R\u00e9ponses avec Michel Goya, ancien colonel des troupes de marine, historien, strat\u00e9giste et auteur de L\u2019ours et le renard &#8211; Entretiens sur la guerre en Ukraine (Perrin).<\/p>\n<p>A quoi sert une zone tampon\u00a0?<\/p>\n<p>En Ukraine comme dans d\u2019autres conflits, une zone tampon est \u00ab\u00a0une zone de protection que l\u2019on met en avant pour \u00e9viter que son territoire soit attaqu\u00e9\u00a0\u00bb, explique Michel Goya. C\u2019est notamment ce qui a \u00e9t\u00e9 mis en place par l\u2019<a href=\"https:\/\/www.20minutes.fr\/dossier\/armee_israelienne?at_medium=RSS%20feed&amp;at_campaign=ynews&amp;utm_source=yahoo&amp;utm_medium=rss&amp;utm_campaign=news_feed&amp;utm_content=in_article_link\" rel=\"nofollow noopener\" target=\"_blank\" data-ylk=\"slk:arm\u00e9e isra\u00e9lienne;elm:context_link;itc:0;sec:content-canvas\" class=\"link \">arm\u00e9e isra\u00e9lienne<\/a> autour de la bande de <a href=\"https:\/\/www.20minutes.fr\/monde\/gaza\/?at_medium=RSS%20feed&amp;at_campaign=ynews&amp;utm_source=yahoo&amp;utm_medium=rss&amp;utm_campaign=news_feed&amp;utm_content=in_article_link\" rel=\"nofollow noopener\" target=\"_blank\" data-ylk=\"slk:Gaza;elm:context_link;itc:0;sec:content-canvas\" class=\"link \">Gaza<\/a>, ou en <a href=\"https:\/\/www.20minutes.fr\/monde\/syrie\/?at_medium=RSS%20feed&amp;at_campaign=ynews&amp;utm_source=yahoo&amp;utm_medium=rss&amp;utm_campaign=news_feed&amp;utm_content=in_article_link\" rel=\"nofollow noopener\" target=\"_blank\" data-ylk=\"slk:Syrie;elm:context_link;itc:0;sec:content-canvas\" class=\"link \">Syrie<\/a> dans la <a href=\"https:\/\/www.20minutes.fr\/monde\/syrie\/4129824-20241218-syrie-occupation-colonies-ambitions-israel-golan?at_medium=RSS%20feed&amp;at_campaign=ynews&amp;utm_source=yahoo&amp;utm_medium=rss&amp;utm_campaign=news_feed&amp;utm_content=in_article_link\" rel=\"nofollow noopener\" target=\"_blank\" data-ylk=\"slk:r\u00e9gion du Golan;elm:context_link;itc:0;sec:content-canvas\" class=\"link \">r\u00e9gion du Golan<\/a>.<\/p>\n<p>Ici, la <a href=\"https:\/\/www.20minutes.fr\/monde\/russie\/?at_medium=RSS%20feed&amp;at_campaign=ynews&amp;utm_source=yahoo&amp;utm_medium=rss&amp;utm_campaign=news_feed&amp;utm_content=in_article_link\" rel=\"nofollow noopener\" target=\"_blank\" data-ylk=\"slk:Russie;elm:context_link;itc:0;sec:content-canvas\" class=\"link \">Russie<\/a> veut se prot\u00e9ger de toute nouvelle incursion territoriale comme celle qui avait abouti \u00e0 l\u2019occupation de la <a href=\"https:\/\/www.20minutes.fr\/monde\/ukraine\/4105038-20240808-guerre-ukraine-avancee-poutine-enerve-point-percee-ukrainienne-region-koursk?at_medium=RSS%20feed&amp;at_campaign=ynews&amp;utm_source=yahoo&amp;utm_medium=rss&amp;utm_campaign=news_feed&amp;utm_content=in_article_link\" rel=\"nofollow noopener\" target=\"_blank\" data-ylk=\"slk:r\u00e9gion de Koursk;elm:context_link;itc:0;sec:content-canvas\" class=\"link \">r\u00e9gion de Koursk<\/a> pendant un an, en mettant \u00ab\u00a0le long de sa fronti\u00e8re une zone, c\u00f4t\u00e9 ukrainien, vide de troupes ukrainiennes et occup\u00e9e par des troupes russes\u00a0\u00bb, d\u00e9veloppe l\u2019historien. Si Vladimir Poutine n\u2019a pas pr\u00e9cis\u00e9 l\u2019\u00e9tendue de la zone tampon, elle \u00ab\u00a0n\u2019a de sens que si elle est mise en place tout au long de la fronti\u00e8re\u00a0\u00bb, pr\u00e9cise Michel Goya.<\/p>\n<p>Qu\u2019est-ce que \u00e7a changerait dans le conflit russo-ukrainien\u00a0?<\/p>\n<p>Ce(&#8230;)<\/p>\n<p><a href=\"https:\/\/www.20minutes.fr\/monde\/ukraine\/4155137-20250523-guerre-ukraine-pourquoi-vladimir-poutine-veut-zone-tampon-frontiere-russe?at_medium=RSS%20feed&amp;at_campaign=ynews&amp;utm_source=yahoo&amp;utm_medium=rss&amp;utm_campaign=news_feed&amp;utm_content=read_more_link&quot;\" rel=\"nofollow noopener\" target=\"_blank\" data-ylk=\"slk:Lire la suite sur 20minutes;elm:context_link;itc:0;sec:content-canvas\" class=\"link \">Lire la suite sur 20minutes<\/a><\/p>\n<p>\u00c0 lire aussi :<br \/><a href=\"https:\/\/www.20minutes.fr\/monde\/ukraine\/4154644-20250523-guerre-ukraine-marioupol-influenceurs-font-meilleurs-soldats-russes?at_medium=RSS%20feed&amp;at_campaign=ynews&amp;utm_source=yahoo&amp;utm_medium=rss&amp;utm_campaign=news_feed&amp;utm_content=related_content_link\" rel=\"nofollow noopener\" target=\"_blank\" data-ylk=\"slk:Guerre en Ukraine\u00a0: A Marioupol, les influenceurs font les meilleurs soldats russes;elm:context_link;itc:0;sec:content-canvas\" class=\"link \">Guerre en Ukraine\u00a0: A Marioupol, les influenceurs font les meilleurs soldats russes<\/a><br \/><a href=\"https:\/\/www.20minutes.fr\/monde\/ukraine\/4154999-20250522-guerre-ukraine-paix-pourrait-negocier-vatican-macron-accuse-haine?at_medium=RSS%20feed&amp;at_campaign=ynews&amp;utm_source=yahoo&amp;utm_medium=rss&amp;utm_campaign=news_feed&amp;utm_content=related_content_link\" rel=\"nofollow noopener\" target=\"_blank\" data-ylk=\"slk:Guerre en Ukraine\u00a0: La paix pourrait se n\u00e9gocier au Vatican, Macron accus\u00e9 de \u00ab\u00a0haine\u00a0\u00bb;elm:context_link;itc:0;sec:content-canvas\" class=\"link \">Guerre en Ukraine\u00a0: La paix pourrait se n\u00e9gocier au Vatican, Macron accus\u00e9 de \u00ab\u00a0haine\u00a0\u00bb<\/a><\/p>\n","protected":false},"excerpt":{"rendered":"\u00e9tape militaire &#8211; Le pr\u00e9sident russe a annonc\u00e9 que son arm\u00e9e \u00ab\u00a0s\u2019attelait\u00a0\u00bb \u00e0 la mise en place d\u2019une&hellip;\n","protected":false},"author":2,"featured_media":122379,"comment_status":"","ping_status":"","sticky":false,"template":"","format":"standard","meta":{"footnotes":""},"categories":[1590],"tags":[11,1777,674,24461,24460,12,220,135,24459],"class_list":{"0":"post-122378","1":"post","2":"type-post","3":"status-publish","4":"format-standard","5":"has-post-thumbnail","7":"category-ukraine","8":"tag-actualites","9":"tag-eu","10":"tag-europe","11":"tag-michel-goya","12":"tag-mise-en-place","13":"tag-news","14":"tag-ukraine","15":"tag-vladimir-poutine","16":"tag-zone-tampon"},"share_on_mastodon":{"url":"https:\/\/pubeurope.com\/@fr\/114558059323661941","error":""},"_links":{"self":[{"href":"https:\/\/www.europesays.com\/fr\/wp-json\/wp\/v2\/posts\/122378","targetHints":{"allow":["GET"]}}],"collection":[{"href":"https:\/\/www.europesays.com\/fr\/wp-json\/wp\/v2\/posts"}],"about":[{"href":"https:\/\/www.europesays.com\/fr\/wp-json\/wp\/v2\/types\/post"}],"author":[{"embeddable":true,"href":"https:\/\/www.europesays.com\/fr\/wp-json\/wp\/v2\/users\/2"}],"replies":[{"embeddable":true,"href":"https:\/\/www.europesays.com\/fr\/wp-json\/wp\/v2\/comments?post=122378"}],"version-history":[{"count":0,"href":"https:\/\/www.europesays.com\/fr\/wp-json\/wp\/v2\/posts\/122378\/revisions"}],"wp:featuredmedia":[{"embeddable":true,"href":"https:\/\/www.europesays.com\/fr\/wp-json\/wp\/v2\/media\/122379"}],"wp:attachment":[{"href":"https:\/\/www.europesays.com\/fr\/wp-json\/wp\/v2\/media?parent=122378"}],"wp:term":[{"taxonomy":"category","embeddable":true,"href":"https:\/\/www.europesays.com\/fr\/wp-json\/wp\/v2\/categories?post=122378"},{"taxonomy":"post_tag","embeddable":true,"href":"https:\/\/www.europesays.com\/fr\/wp-json\/wp\/v2\/tags?post=122378"}],"curies":[{"name":"wp","href":"https:\/\/api.w.org\/{rel}","templated":true}]}}