{"id":122384,"date":"2025-05-23T16:22:08","date_gmt":"2025-05-23T16:22:08","guid":{"rendered":"https:\/\/www.europesays.com\/fr\/122384\/"},"modified":"2025-05-23T16:22:08","modified_gmt":"2025-05-23T16:22:08","slug":"aujourdhui-dans-24h-pujadas-defense-80-ans-plus-tard-lallemagne-se-rearme","status":"publish","type":"post","link":"https:\/\/www.europesays.com\/fr\/122384\/","title":{"rendered":"Aujourd&rsquo;hui dans 24H Pujadas : D\u00e9fense &#8211; 80 ans plus tard, l\u2019Allemagne se r\u00e9arme"},"content":{"rendered":"<p>Au sommaire du vendredi 23 mai 2025 : D\u00e9fense &#8211; 80 ans plus tard, l\u2019Allemagne se r\u00e9arme. International &#8211; Trump menace l&rsquo;Europe de 50% de droits de douane. Europe &#8211; Retraite a 70 ans : le Danemark y va.<\/p>\n<p data-module=\"article-paragraph\" class=\"jsx-362436225 Paragraph\"><strong>Le Club<\/strong><strong> :<\/strong><\/p>\n<p data-module=\"article-paragraph\" class=\"jsx-362436225 Paragraph\"><strong>Dominique Mo\u00efsi<\/strong> &#8211; Conseiller sp\u00e9cial \u00e0 l&rsquo;Institut Montaigne<\/p>\n<p data-module=\"article-paragraph\" class=\"jsx-362436225 Paragraph\"><strong>Jos\u00e9phine Staron <\/strong>&#8211; Directrice des \u00e9tudes et des relations internationales du think tank Synopia<\/p>\n<p data-module=\"article-paragraph\" class=\"jsx-362436225 Paragraph\"><strong>G\u00e9n\u00e9ral Fran\u00e7ois Chauvancy<\/strong> &#8211; Consultant g\u00e9opolitique LCI<\/p>\n<p data-module=\"article-paragraph\" class=\"jsx-362436225 Paragraph\"><strong>Magali Barthes<\/strong> &#8211; \u00c9ditorialiste international LCI<\/p>\n<p data-module=\"article-paragraph\" class=\"jsx-362436225 Paragraph\"><strong>St\u00e9phanie Villers<\/strong> &#8211; \u00c9conomiste , conseill\u00e8re \u00e9conomique de PwC France<\/p>\n<p data-module=\"article-paragraph\" class=\"jsx-362436225 Paragraph\"><strong>Arlette Chabot<\/strong> &#8211; Editorialiste politique<\/p>\n<p data-module=\"article-paragraph\" class=\"jsx-362436225 Paragraph\"><strong>Louis Hausalter<\/strong> &#8211; Journaliste politique au Figaro<\/p>\n<p data-module=\"article-paragraph\" class=\"jsx-362436225 Paragraph\"><strong>Catherine Andr\u00e9<\/strong> &#8211; Journaliste au service \u00e9conomique TF1\/LCI<\/p>\n<p data-module=\"article-paragraph\" class=\"jsx-362436225 Paragraph Paragraph__End\"><strong>Jean-Louis Bourlanges<\/strong> \u00a0&#8211; Ancien Pr\u00e9sident de la commission des affaires \u00e9trang\u00e8res de l&rsquo;Assembl\u00e9e Nationale<\/p>\n<p>C\u00e9cilia SOW<\/p>\n","protected":false},"excerpt":{"rendered":"Au sommaire du vendredi 23 mai 2025 : D\u00e9fense &#8211; 80 ans plus tard, l\u2019Allemagne se r\u00e9arme. International&hellip;\n","protected":false},"author":2,"featured_media":122385,"comment_status":"","ping_status":"","sticky":false,"template":"","format":"standard","meta":{"footnotes":""},"categories":[1587],"tags":[1111,5926,11,672,1804,5925,1805,1803,1777,674,1801,1922,14,12,2543,1802],"class_list":{"0":"post-122384","1":"post","2":"type-post","3":"status-publish","4":"format-standard","5":"has-post-thumbnail","7":"category-allemagne","8":"tag-actu","9":"tag-actualite-international","10":"tag-actualites","11":"tag-allemagne","12":"tag-bundesrepublik-deutschland","13":"tag-conflits-et-guerre","14":"tag-de","15":"tag-deutschland","16":"tag-eu","17":"tag-europe","18":"tag-germany","19":"tag-info","20":"tag-international","21":"tag-news","22":"tag-relations-internationales","23":"tag-republique-federale-dallemagne"},"share_on_mastodon":{"url":"https:\/\/pubeurope.com\/@fr\/114558071176153378","error":""},"_links":{"self":[{"href":"https:\/\/www.europesays.com\/fr\/wp-json\/wp\/v2\/posts\/122384","targetHints":{"allow":["GET"]}}],"collection":[{"href":"https:\/\/www.europesays.com\/fr\/wp-json\/wp\/v2\/posts"}],"about":[{"href":"https:\/\/www.europesays.com\/fr\/wp-json\/wp\/v2\/types\/post"}],"author":[{"embeddable":true,"href":"https:\/\/www.europesays.com\/fr\/wp-json\/wp\/v2\/users\/2"}],"replies":[{"embeddable":true,"href":"https:\/\/www.europesays.com\/fr\/wp-json\/wp\/v2\/comments?post=122384"}],"version-history":[{"count":0,"href":"https:\/\/www.europesays.com\/fr\/wp-json\/wp\/v2\/posts\/122384\/revisions"}],"wp:featuredmedia":[{"embeddable":true,"href":"https:\/\/www.europesays.com\/fr\/wp-json\/wp\/v2\/media\/122385"}],"wp:attachment":[{"href":"https:\/\/www.europesays.com\/fr\/wp-json\/wp\/v2\/media?parent=122384"}],"wp:term":[{"taxonomy":"category","embeddable":true,"href":"https:\/\/www.europesays.com\/fr\/wp-json\/wp\/v2\/categories?post=122384"},{"taxonomy":"post_tag","embeddable":true,"href":"https:\/\/www.europesays.com\/fr\/wp-json\/wp\/v2\/tags?post=122384"}],"curies":[{"name":"wp","href":"https:\/\/api.w.org\/{rel}","templated":true}]}}