{"id":122390,"date":"2025-05-23T16:25:09","date_gmt":"2025-05-23T16:25:09","guid":{"rendered":"https:\/\/www.europesays.com\/fr\/122390\/"},"modified":"2025-05-23T16:25:09","modified_gmt":"2025-05-23T16:25:09","slug":"une-tenue-de-lena-situations-associee-a-de-lentrisme-par-une-cadre-macroniste-liberation","status":"publish","type":"post","link":"https:\/\/www.europesays.com\/fr\/122390\/","title":{"rendered":"une tenue de L\u00e9na Situations associ\u00e9e \u00e0 de \u00abl\u2019entrisme\u00bb par une cadre macroniste \u2013 Lib\u00e9ration"},"content":{"rendered":"<p class=\"sc-ksZaOG ehjQrN text-element\">Depuis ses d\u00e9buts, l\u2019influenceuse L\u00e9na Situations se trouve <a href=\"https:\/\/www.liberation.fr\/lifestyle\/mode\/lena-situations-et-zalando-un-cyberharcelement-intolerable-qui-eclipse-des-critiques-entendables-20250303_PJZIU6EDVBDTZGU52UK24Q5Z7Y\/?redirected=1\" target=\"_blank\" rel=\"noreferrer noopener\" title=\"https:\/\/www.liberation.fr\/lifestyle\/mode\/lena-situations-et-zalando-un-cyberharcelement-intolerable-qui-eclipse-des-critiques-entendables-20250303_PJZIU6EDVBDTZGU52UK24Q5Z7Y\/?redirected=1\">r\u00e9guli\u00e8rement au c\u0153ur de violentes vagues de cyberharc\u00e8lement<\/a>, de commentaires misogynes et de remarques haineuses. Pour ses coupes de cheveux parfois, ses tenues souvent. Nouvel \u00e9pisode cette semaine, en plein festival de Cannes, quelques jours apr\u00e8s la publication d\u2019un rapport gouvernemental alarmiste sur <a href=\"https:\/\/www.liberation.fr\/societe\/religions\/freres-musulmans-ce-que-lon-sait-du-rapport-sur-lentrisme-presente-en-conseil-de-defense-20250520_RUS4HJ6F55DU7C5WMJ43U7U4L4\/\" target=\"_blank\" rel=\"noreferrer noopener\" title=\"https:\/\/www.liberation.fr\/societe\/religions\/freres-musulmans-ce-que-lon-sait-du-rapport-sur-lentrisme-presente-en-conseil-de-defense-20250520_RUS4HJ6F55DU7C5WMJ43U7U4L4\/\">\u00abl\u2019entrisme\u00bb des Fr\u00e8res musulmans<\/a>.<\/p>\n<p class=\"sc-ksZaOG ehjQrN text-element\">Lundi 19 mai, \u00e0 l\u2019occasion du gala organis\u00e9 par la marque Chopard en marge de la 78e \u00e9dition du Festival, L\u00e9na Mahfouf s\u2019affiche avec une longue robe blanche, assortie d\u2019un voile dans les cheveux. La robe est sign\u00e9e The Row, marque de luxe am\u00e9ricaine cr\u00e9\u00e9e par les s\u0153urs Olsen et connue pour ses cr\u00e9ations minimalistes.<\/p>\n<p class=\"sc-ksZaOG ehjQrN text-element\">Deux jours plus tard, mercredi 21 mai, la secr\u00e9taire g\u00e9n\u00e9rale du groupe Ensemble pour la R\u00e9publique (EPR) Deborah Abisror-De Liem publie un message sur le <a href=\"https:\/\/x.com\/deborahabisror\/status\/1925566088126886284\" target=\"_blank\" rel=\"noreferrer\" title=\"https:\/\/x.com\/deborahabisror\/status\/1925566088126886284\">r\u00e9seau social X en s\u2019en prenant directement \u00e0 cette tenue<\/a>. \u00abL\u00e9na situation 2024 vs 25 : l\u2019entrisme passe d\u2019abord par les codes vestimentaires, c\u2019est pourquoi l\u2019imposer \u00e0 des fillettes c\u2019est le fondement d\u2019infiltration de nos soci\u00e9t\u00e9s. Nos m\u00e8res se sont battues pour que nos jupes puissent \u00eatre courtes\u00bb, \u00e9crit la macroniste dans un post aujourd\u2019hui supprim\u00e9.<\/p>\n<p class=\"sc-ksZaOG ehjQrN text-element\">Son message est agr\u00e9ment\u00e9 de deux photos de l\u2019influenceuse de 27 ans aux pr\u00e8s de 5 millions d\u2019abonn\u00e9s, l\u2019une prise en 2024, sur laquelle L\u00e9na Mahfouf porte une robe fendue et aux \u00e9paules d\u00e9nud\u00e9es ; et une autre prise cette ann\u00e9e, avec la fameuse robe, plus ample et couvrante. Une comparaison cens\u00e9e illustrer un soi-disant \u00abentrisme\u00bb. Sur le plateau de CNews, <a href=\"https:\/\/x.com\/L_insoumission\/status\/1925608227053429006\" target=\"_blank\" rel=\"noreferrer\" title=\"https:\/\/x.com\/L_insoumission\/status\/1925608227053429006\">la formule est reprise par Christine Kelly<\/a>, qui accuse L\u00e9na Situations de \u00abs\u2019habiller \u00e0 la mode des Fr\u00e8res musulmans\u00bb.<\/p>\n<p class=\"sc-ksZaOG ehjQrN text-element\">Rapidement, la pol\u00e9mique enfle. Les fans de l\u2019influenceuse se mobilisent. Le monde politique r\u00e9agit lui aussi. \u00abL\u00e9na Situations choisit sa robe. Vous, vous imposez vos fantasmes sur les musulmans. Le vrai danger pour les libert\u00e9s, c\u2019est pas la longueur des jupes. C\u2019est la petitesse des esprits\u00bb, <a href=\"https:\/\/x.com\/Francois_Ruffin\/status\/1925572444925907327?ref_src=twsrc%5Etfw%7Ctwcamp%5Etweetembed%7Ctwterm%5E1925572444925907327%7Ctwgr%5E8bb9e4e6af48aba11d0c22a0be844eef27732995%7Ctwcon%5Es1_&amp;ref_url=https%3A%2F%2Fwww.vanityfair.fr%2Farticle%2Flena-mahfouf-accusations-dentrisme\" target=\"_blank\" rel=\"noreferrer\" title=\"https:\/\/x.com\/Francois_Ruffin\/status\/1925572444925907327?ref_src=twsrc%5Etfw%7Ctwcamp%5Etweetembed%7Ctwterm%5E1925572444925907327%7Ctwgr%5E8bb9e4e6af48aba11d0c22a0be844eef27732995%7Ctwcon%5Es1_&amp;ref_url=https%3A%2F%2Fwww.vanityfair.fr%2Farticle%2Flena-mahfouf-accusations-dentrisme\">r\u00e9torque Fran\u00e7ois Ruffin, d\u00e9put\u00e9 de la Somme<\/a>. Et d\u2019appeler \u00e0 ce \u00abque le Pr\u00e9sident retrouve ses esprits et recadre ses troupes\u00bb. <a href=\"https:\/\/x.com\/mbompard\/status\/1925834568310964415\" target=\"_blank\" rel=\"noreferrer\" title=\"https:\/\/x.com\/mbompard\/status\/1925834568310964415\">Manuel Bompard, d\u00e9put\u00e9 LFI, affiche lui aussi son soutien :<\/a> \u00abAlors non, la robe n\u2019a pas \u00e9t\u00e9 faite par les Fr\u00e8res Musulmans mais par les S\u0153urs Olsen.\u00bb Nicolas Cad\u00e8ne, <a href=\"https:\/\/www.liberation.fr\/debats\/2020\/12\/09\/priere-d-inserer_1808176\/\" target=\"_blank\" rel=\"noreferrer noopener\" title=\"https:\/\/www.liberation.fr\/debats\/2020\/12\/09\/priere-d-inserer_1808176\/\">ex-rapporteur g\u00e9n\u00e9ral de l\u2019Observatoire de la la\u00efcit\u00e9,<\/a> d\u00e9nonce, lui, \u00abune obsession maladive\u00bb.<\/p>\n<p class=\"sc-ksZaOG ehjQrN text-element\"><a href=\"https:\/\/x.com\/deborahabisror\/status\/1925444824167039234\" target=\"_blank\" rel=\"noreferrer\" title=\"https:\/\/x.com\/deborahabisror\/status\/1925444824167039234\">Deborah Abisror-De Liem s\u2019enfonce encore,<\/a> et pr\u00e9cise qu\u2019elle ciblait avec son message des \u00abcodes vestimentaires\u00bb, des codes utilis\u00e9s pour \u00abv\u00e9hiculer toute une fa\u00e7on de vivre, comme l\u2019\u00e9tait l\u2019abaya\u00bb.<\/p>\n<p class=\"sc-ksZaOG ehjQrN text-element\">Mais face au toll\u00e9 provoqu\u00e9 par son tweet, Deborah Abisror-De Liem finit par pr\u00e9senter, jeudi, ses excuses \u00e0 la jeune femme. \u00abJ\u2019ai voulu aborder <a href=\"https:\/\/www.liberation.fr\/debats\/2016\/04\/05\/le-voile-pas-plus-alienant-que-la-minijupe-par-esther-benbassa_1444176\/\" target=\"_blank\" rel=\"noreferrer noopener\" title=\"https:\/\/www.liberation.fr\/debats\/2016\/04\/05\/le-voile-pas-plus-alienant-que-la-minijupe-par-esther-benbassa_1444176\/\">la mode du \u201cmodest\u201d<\/a> qui se d\u00e9ploie sur les r\u00e9seaux sociaux et concerne d\u2019ailleurs diff\u00e9rentes religions. Je l\u2019ai fait maladroitement en citant en exemple une personne d\u00e9j\u00e0 largement cibl\u00e9e par le harc\u00e8lement en ligne et c\u2019\u00e9tait une erreur\u00bb, <a href=\"https:\/\/x.com\/deborahabisror\/status\/1925566088126886284\" target=\"_blank\" rel=\"noreferrer\" title=\"https:\/\/x.com\/deborahabisror\/status\/1925566088126886284\">\u00e9crit la cadre du parti Renaissance dans un message publi\u00e9 sur X.<\/a><\/p>\n<p class=\"sc-ksZaOG ehjQrN text-element\">Jeudi soir, L\u00e9na Mahfouf a elle-m\u00eame fini par prendre la parole sur ses r\u00e9seaux sociaux. Dans une <a href=\"https:\/\/www.instagram.com\/p\/DJ9tvuRsqIu\/?utm_source=ig_embed\" target=\"_blank\" rel=\"noreferrer noopener\" title=\"https:\/\/www.instagram.com\/p\/DJ9tvuRsqIu\/?utm_source=ig_embed\">publication Instagram,<\/a> la jeune femme, qui \u00e9tait rest\u00e9e silencieuse jusqu\u2019ici, d\u00e9clare : \u00abPendant ce Festival de Cannes, j\u2019ai appris que selon certains [\u2026] j\u2019avais rejoint les Fr\u00e8res musulmans. Une pens\u00e9e \u00e0 nos m\u00e8res qui ont march\u00e9 pour que nous puissions CHOISIR nos v\u00eatements. Merci.\u00bb L\u2019influenceuse, \u00e9galement femme d\u2019affaires et youtubeuse, ajoute avoir une pens\u00e9e pour toutes les femmes musulmanes \u00abqui vivent ces jugements au quotidien mais sans le soutien d\u2019Internet pour les d\u00e9fendre\u00bb.<\/p>\n<p><script async src=\"\/\/www.instagram.com\/embed.js\"><\/script><\/p>\n","protected":false},"excerpt":{"rendered":"Depuis ses d\u00e9buts, l\u2019influenceuse L\u00e9na Situations se trouve r\u00e9guli\u00e8rement au c\u0153ur de violentes vagues de cyberharc\u00e8lement, de commentaires&hellip;\n","protected":false},"author":2,"featured_media":122391,"comment_status":"","ping_status":"","sticky":false,"template":"","format":"standard","meta":{"footnotes":""},"categories":[2],"tags":[11,5634,1011,27,12,25],"class_list":{"0":"post-122390","1":"post","2":"type-post","3":"status-publish","4":"format-standard","5":"has-post-thumbnail","7":"category-actualites","8":"tag-actualites","9":"tag-festival-de-cannes","10":"tag-fr","11":"tag-france","12":"tag-news","13":"tag-republique-francaise"},"share_on_mastodon":{"url":"https:\/\/pubeurope.com\/@fr\/114558082979527559","error":""},"_links":{"self":[{"href":"https:\/\/www.europesays.com\/fr\/wp-json\/wp\/v2\/posts\/122390","targetHints":{"allow":["GET"]}}],"collection":[{"href":"https:\/\/www.europesays.com\/fr\/wp-json\/wp\/v2\/posts"}],"about":[{"href":"https:\/\/www.europesays.com\/fr\/wp-json\/wp\/v2\/types\/post"}],"author":[{"embeddable":true,"href":"https:\/\/www.europesays.com\/fr\/wp-json\/wp\/v2\/users\/2"}],"replies":[{"embeddable":true,"href":"https:\/\/www.europesays.com\/fr\/wp-json\/wp\/v2\/comments?post=122390"}],"version-history":[{"count":0,"href":"https:\/\/www.europesays.com\/fr\/wp-json\/wp\/v2\/posts\/122390\/revisions"}],"wp:featuredmedia":[{"embeddable":true,"href":"https:\/\/www.europesays.com\/fr\/wp-json\/wp\/v2\/media\/122391"}],"wp:attachment":[{"href":"https:\/\/www.europesays.com\/fr\/wp-json\/wp\/v2\/media?parent=122390"}],"wp:term":[{"taxonomy":"category","embeddable":true,"href":"https:\/\/www.europesays.com\/fr\/wp-json\/wp\/v2\/categories?post=122390"},{"taxonomy":"post_tag","embeddable":true,"href":"https:\/\/www.europesays.com\/fr\/wp-json\/wp\/v2\/tags?post=122390"}],"curies":[{"name":"wp","href":"https:\/\/api.w.org\/{rel}","templated":true}]}}