{"id":122392,"date":"2025-05-23T16:26:09","date_gmt":"2025-05-23T16:26:09","guid":{"rendered":"https:\/\/www.europesays.com\/fr\/122392\/"},"modified":"2025-05-23T16:26:09","modified_gmt":"2025-05-23T16:26:09","slug":"le-pecheur-responsable-de-laccident-avait-consomme-de-la-cocaine-et-du-cannabis","status":"publish","type":"post","link":"https:\/\/www.europesays.com\/fr\/122392\/","title":{"rendered":"le p\u00eacheur responsable de l\u2019accident avait consomm\u00e9 de la coca\u00efne et du cannabis"},"content":{"rendered":"<p>\u00c2g\u00e9 de 30 ans, le capitaine de la barge qui a provoqu\u00e9 la mort d\u2019un enfant de 8 ans en percutant son Optimist \u00e0 Arcachon avait consomm\u00e9 de la coca\u00efne et du THC. D\u00e9j\u00e0 condamn\u00e9 \u00e0 trois reprises pour des faits li\u00e9s aux stup\u00e9fiants, il a reconnu qu\u2019il \u00abcirculait trop vite\u00bb au cours de sa garde \u00e0 vue.<\/p>\n<p class=\"fig-paragraph\">Le\u00a0<a href=\"http:\/\/www.lefigaro.fr\/bordeaux\/dans-le-bassin-d-arcachon-un-enfant-de-huit-ans-pratiquant-la-voile-meurt-dans-une-collision-entre-bateaux-20250521\" data-fig-type=\"NewsFlash\" data-gtm-custom-categorie=\"navigation\" data-gtm-custom-action=\"crossclick\" data-gtm-custom-label=\"Contextuel\" data-gtm-event=\"customEventSPE\" data-fig-domain=\"LEFIGARO\" target=\"_blank\" rel=\"noopener\">drame s\u2019est d\u00e9roul\u00e9<\/a>\u00a0ce mercredi \u00e0 moins de 50 m\u00e8tres de la plage du port d\u2019<a href=\"http:\/\/www.lefigaro.fr\/bordeaux\/bassin-d-arcachon-les-arretes-autorisant-le-rejet-exceptionnel-d-eaux-usees-suspendus-par-la-justice-20250521\" data-fig-type=\"NewsFlash\" data-gtm-custom-categorie=\"navigation\" data-gtm-custom-action=\"crossclick\" data-gtm-custom-label=\"Contextuel\" data-gtm-event=\"customEventSPE\" data-fig-domain=\"LEFIGARO\" target=\"_blank\" rel=\"noopener\">Arcachon<\/a>\u00a0o\u00f9 quinzaine d\u2019enfants du Cercle de la voile d\u2019Arcachon prenait un cours. L\u2019un d\u2019entre eux, \u00e2g\u00e9 de 8 ans, voguait \u00e0 bord d\u2019un Optimist quand il a \u00e9t\u00e9 percut\u00e9 par une barge de p\u00eache qui transportait deux personnes. Le gar\u00e7on, tomb\u00e9 \u00e0 l\u2019eau, est d\u00e9c\u00e9d\u00e9 sur le coup malgr\u00e9 sa prise en charge rapide par les secours. Son autopsie r\u00e9v\u00e8le \u00abun traumatisme thoracique grave avec composante h\u00e9morragique et respiratoire\u00bb, indique le parquet de Bordeaux dans un communiqu\u00e9 ce vendredi soir.<\/p>\n<p class=\"fig-paragraph\">Le conducteur du bateau, un p\u00eacheur professionnel domicili\u00e9 \u00e0 Arcachon, a \u00e9t\u00e9 imm\u00e9diatement plac\u00e9 en garde \u00e0 vue pour \u00abhomicide involontaire\u00bb. Une mesure au cours de laquelle ce dernier a reconnu qu\u2019il circulait trop vite dans la zone des 300 m\u00e8tres malgr\u00e9 une visibilit\u00e9 r\u00e9duite par les embruns et de la bruine. D\u2019apr\u00e8s les premiers \u00e9l\u00e9ments de l\u2019enqu\u00eate, la barge qu\u2019il conduisait voguait si rapidement vers l\u2019enfant et son Optimist qu\u2019elle l\u2019a \u00abpercut\u00e9 sans aucune marque de d\u00e9c\u00e9l\u00e9ration\u00bb. Autrement dit\u00a0: il ne l\u2019avait pas vu.<\/p>\n<p class=\"fig-paragraph\">Le trentenaire \u00e9tait positif aux tests de THC et \u00e0 la coca\u00efne, qu\u2019il a reconnu avoir consomm\u00e9 \u00abla veille au soir\u00bb.\u00a0Son casier judiciaire pr\u00e9sente d\u00e9j\u00e0 trois condamnations pour des infractions en lien avec des stup\u00e9fiants. De surcro\u00eet, sa barge de p\u00eache transportait un membre d\u2019\u00e9quipage \u00absans titre de formation correspondant \u00e0 ses fonctions\u00bb, tandis que le bateau pr\u00e9sentait aussi plusieurs infractions techniques au code des transports.<\/p>\n<p><strong>Soir\u00e9e blanche annul\u00e9e<\/strong><\/p>\n<p class=\"fig-paragraph\">Une information judiciaire a \u00e9t\u00e9 ouverte \u00e0 son endroit, ce vendredi, du chef d\u2019\u00abhomicide involontaire\u00bb aggrav\u00e9 par l\u2019usage des stup\u00e9fiants. Le parquet a requis le placement en d\u00e9tention provisoire de ce trentenaire qui encourt jusqu\u2019\u00e0 5 ans d\u2019emprisonnement et 75.000 euros d\u2019amende.<\/p>\n<p class=\"fig-paragraph\">En parall\u00e8le, Yves Foulon, le maire de la ville, a annul\u00e9 la traditionnelle soir\u00e9e en blanc qui devait rassembler des centaines de personnes sur la plage d\u2019Arcachon ce vendredi. \u00abPersonne n\u2019a le c\u0153ur \u00e0 la f\u00eate\u00bb, indique l\u2019\u00e9dile.\u00a0Contact\u00e9, le Cercle de la voile d\u2019Arcachon qui \u00abdemeure sous le choc\u00bb n\u2019a pas pu r\u00e9pondre plus amplement \u00e0 nos sollicitations pour l\u2019instant.<\/p>\n","protected":false},"excerpt":{"rendered":"\u00c2g\u00e9 de 30 ans, le capitaine de la barge qui a provoqu\u00e9 la mort d\u2019un enfant de 8&hellip;\n","protected":false},"author":2,"featured_media":122393,"comment_status":"","ping_status":"","sticky":false,"template":"","format":"standard","meta":{"footnotes":""},"categories":[2],"tags":[119,11,1997,2916,2911,2910,2915,2909,2904,2913,2912,2914,2906,2907,1011,27,2905,2908,6127,18,12,2219,25],"class_list":{"0":"post-122392","1":"post","2":"type-post","3":"status-publish","4":"format-standard","5":"has-post-thumbnail","7":"category-actualites","8":"tag-accident","9":"tag-actualites","10":"tag-bordeaux","11":"tag-bordeaux-cauderan","12":"tag-bordeaux-centre-ville","13":"tag-bordeaux-chartrons-grand-parc-jardin-public","14":"tag-bordeaux-la-bastide","15":"tag-bordeaux-maritime","16":"tag-bordeaux-metropole","17":"tag-bordeaux-nansouty-st-genes","18":"tag-bordeaux-st-augustin-tauzin-alphonse-dupeux","19":"tag-bordeaux-sud","20":"tag-capitale-de-gaule","21":"tag-cathedrale-gothique-de-saint-andre","22":"tag-fr","23":"tag-france","24":"tag-gironde","25":"tag-girondins-de-bordeaux","26":"tag-mer","27":"tag-mort","28":"tag-news","29":"tag-nouvelle-aquitaine","30":"tag-republique-francaise"},"share_on_mastodon":{"url":"https:\/\/pubeurope.com\/@fr\/114558086830978787","error":""},"_links":{"self":[{"href":"https:\/\/www.europesays.com\/fr\/wp-json\/wp\/v2\/posts\/122392","targetHints":{"allow":["GET"]}}],"collection":[{"href":"https:\/\/www.europesays.com\/fr\/wp-json\/wp\/v2\/posts"}],"about":[{"href":"https:\/\/www.europesays.com\/fr\/wp-json\/wp\/v2\/types\/post"}],"author":[{"embeddable":true,"href":"https:\/\/www.europesays.com\/fr\/wp-json\/wp\/v2\/users\/2"}],"replies":[{"embeddable":true,"href":"https:\/\/www.europesays.com\/fr\/wp-json\/wp\/v2\/comments?post=122392"}],"version-history":[{"count":0,"href":"https:\/\/www.europesays.com\/fr\/wp-json\/wp\/v2\/posts\/122392\/revisions"}],"wp:featuredmedia":[{"embeddable":true,"href":"https:\/\/www.europesays.com\/fr\/wp-json\/wp\/v2\/media\/122393"}],"wp:attachment":[{"href":"https:\/\/www.europesays.com\/fr\/wp-json\/wp\/v2\/media?parent=122392"}],"wp:term":[{"taxonomy":"category","embeddable":true,"href":"https:\/\/www.europesays.com\/fr\/wp-json\/wp\/v2\/categories?post=122392"},{"taxonomy":"post_tag","embeddable":true,"href":"https:\/\/www.europesays.com\/fr\/wp-json\/wp\/v2\/tags?post=122392"}],"curies":[{"name":"wp","href":"https:\/\/api.w.org\/{rel}","templated":true}]}}