{"id":122396,"date":"2025-05-23T16:28:09","date_gmt":"2025-05-23T16:28:09","guid":{"rendered":"https:\/\/www.europesays.com\/fr\/122396\/"},"modified":"2025-05-23T16:28:09","modified_gmt":"2025-05-23T16:28:09","slug":"les-belgian-cats-du-golf-et-barry-baltus-les-directs-sports-du-week-end-sur-ln24","status":"publish","type":"post","link":"https:\/\/www.europesays.com\/fr\/122396\/","title":{"rendered":"Les Belgian Cats, du golf et Barry Baltus: les directs sports du week-end sur LN24"},"content":{"rendered":"<p class=\"ap-StoryElement ap-StoryElement--mb ap-StoryText\">Avec leur nouveau coach am\u00e9ricain Mike Thibault, elles entament leur phase de pr\u00e9paration en vue de l&rsquo;Euro qui aura lieu du 18 au 29 juin. Au menu : un stage \u00e0 Brest (France) et pas moins de sept matches amicaux (Italie 2x, Su\u00e8de, France 2x et Allemagne 2x).<\/p>\n<p><a href=\"https:\/\/www.dhnet.be\/sports\/basket\/2025\/05\/23\/quel-visage-pour-les-belgian-cats-en-labsence-de-vanloo-allemand-et-linskens-LI66BSECJJFKFG6UGKTP4KGGZA\/\" target=\"_blank\" rel=\"noopener noreferrer\" class=\"ap-StoryInterstitialLink ap-StoryElement ap-StoryElement--mb\">Quel visage pour les Belgian Cats en l&rsquo;absence de Vanloo, Allemand et Linskens ?<\/a><\/p>\n<p class=\"ap-StoryElement ap-StoryElement--mb ap-StoryText\">LN24 vous propose de vous plonger dans le bain ce dimanche \u00e0 17 heures pour la rencontre Belgique-Italie en direct de Courtrai.<\/p>\n<p>2. Moto GP : Barry Baltus jamais deux sans trois<\/p>\n<p class=\"ap-StoryElement ap-StoryElement--mb ap-StoryText\">L&rsquo;app\u00e9tit vient en mangeant. M\u00eame en Moto GP 2. Depuis son arriv\u00e9e dans l&rsquo;\u00e9curie Fantic Racing, le jeune pilote belge se sent de mieux en mieux. Il a pris ses marques et encha\u00eene d\u00e9sormais les r\u00e9sultats convaincants.<\/p>\n<p><img loading=\"lazy\" decoding=\"async\" class=\"w-full lazyload lazyload--opacity object-contain\" style=\"aspect-ratio:150 \/ 100;opacity:1\" alt=\"Winner Liqui Moly Dynavolt Itact GP team's Spanish Moto2 rider Manuel Gonzalez (C) flanked by second placed Fantic Racing Lino Sonego team's Belgian Moto2 rider Barry Baltus (L), and third placed Fantic Racing Lino Sonego team's Spanish Moto2 rider Aron Canet, spray champagne as they celebrate on the podium after the France Moto2 race at the Le Mans Circuit on May 11, 2025. (Photo by LOIC VENANCE \/ AFP)\" width=\"768\" height=\"512\" fetchpriority=\"auto\" src=\"https:\/\/www.europesays.com\/fr\/wp-content\/uploads\/2025\/04\/1743819792_235_S5VKD3X55FFF3BW6V4SEHXNP7I.png\"  data- data-optimumx=\"1\"\/>Deux podiums cons\u00e9cutifs pour le jeune Belge Barry Baltus \u00a9AFP or licensors<\/p>\n<p class=\"ap-StoryElement ap-StoryElement--mb ap-StoryText\">Grand Prix d&rsquo;Espagne \u00e0 Jerez ? Deuxi\u00e8me. Grand Prix de France au Mans ? Deuxi\u00e8me. Et pourquoi pas viser un premier succ\u00e8s ? Ce week-end, direction l&rsquo;Angleterre et le mythique circuit de Silverstone.<\/p>\n<p>3. Soudal Open : \u00e7a va swinguer<\/p>\n<p class=\"ap-StoryElement ap-StoryElement--mb ap-StoryText\">Trop souvent catalogu\u00e9 sport de riches, le golf a gagn\u00e9 en popularit\u00e9. D&rsquo;autant plus en Belgique depuis que Thomas Pieters a \u00e9t\u00e9 le premier compatriote \u00e0 remporter un tournoi sur le prestigieux PGA Tour \u00e0 Phoenix. Un exploit qui a eu un r\u00e9el retentissement et qui a mis en lumi\u00e8re un sport o\u00f9 la ma\u00eetrise technique est essentielle.<\/p>\n<p><img loading=\"lazy\" decoding=\"async\" class=\"w-full lazyload lazyload--opacity object-contain\" style=\"aspect-ratio:67 \/ 100;opacity:1\" alt=\"Eden Hazard pictured during the 2025 Soudal Open DP World Tour golf tournament, in Schilde, Wednesday 21 May 2025. From May 22 to 25, Rinkven Golf Club in Schilde will host the fourth edition of the Soudal Open, the Belgian leg of the DP World Tour. BELGA PHOTO DIRK WAEM\" width=\"768\" height=\"1152\" fetchpriority=\"auto\" src=\"https:\/\/www.europesays.com\/fr\/wp-content\/uploads\/2025\/04\/1743819792_235_S5VKD3X55FFF3BW6V4SEHXNP7I.png\"  data- data-optimumx=\"1\"\/>Eden Hazard a certes du style sur un green mais il n&rsquo;a pas (encore&#8230;) le niveau pour disputer le Soudal Open<\/p>\n<p class=\"ap-StoryElement ap-StoryElement--mb ap-StoryText\">Demandez \u00e0 Eden Hazard, amateur de golf depuis sa retraite, un virtuose avec un ballon de foot mais n\u00e9ophyte quand il s&rsquo;agit de swinguer sur un green.<\/p>\n<p><a href=\"https:\/\/www.dhnet.be\/sports\/omnisports\/golf\/2025\/05\/21\/nicolas-colsaerts-au-soudal-open-je-suis-comme-xavier-malisse-attachant-et-enervant-WIMYHVB33BCKPOAM4WUVYXHZ2Q\/\" target=\"_blank\" rel=\"noopener noreferrer\" class=\"ap-StoryInterstitialLink ap-StoryElement ap-StoryElement--mb\">Nicolas Colsaerts au Soudal Open : \u00ab\u00a0Je suis comme Xavier Malisse, attachant et\u2026 \u00e9nervant\u00a0\u00bb<\/a><\/p>\n<p class=\"ap-StoryElement ap-StoryElement--mb ap-StoryText\">Le tr\u00e8s relev\u00e9 DP World Tour s&rsquo;arr\u00eate en Belgique pour une \u00e9tape unique au golf Rinkven \u00e0 Schilde dans la banlieue anversoise. Les meilleurs seront l\u00e0 dont le Belge Thomas Pieters mais aussi Francesco Molinari.<\/p>\n<p class=\"ap-StoryElement ap-StoryElement--mb ap-StoryText\">Bon week-end 100 % sports sur LN24 Sports.<\/p>\n","protected":false},"excerpt":{"rendered":"Avec leur nouveau coach am\u00e9ricain Mike Thibault, elles entament leur phase de pr\u00e9paration en vue de l&rsquo;Euro qui&hellip;\n","protected":false},"author":2,"featured_media":122397,"comment_status":"","ping_status":"","sticky":false,"template":"","format":"standard","meta":{"footnotes":""},"categories":[1418],"tags":[24462,1011,27,1472,3996,13074,60],"class_list":{"0":"post-122396","1":"post","2":"type-post","3":"status-publish","4":"format-standard","5":"has-post-thumbnail","7":"category-golf","8":"tag-eden-hazard","9":"tag-fr","10":"tag-france","11":"tag-golf","12":"tag-jeux-olympiques","13":"tag-le-giro-le-tour-ditalie","14":"tag-sports"},"share_on_mastodon":{"url":"https:\/\/pubeurope.com\/@fr\/114558094795746786","error":""},"_links":{"self":[{"href":"https:\/\/www.europesays.com\/fr\/wp-json\/wp\/v2\/posts\/122396","targetHints":{"allow":["GET"]}}],"collection":[{"href":"https:\/\/www.europesays.com\/fr\/wp-json\/wp\/v2\/posts"}],"about":[{"href":"https:\/\/www.europesays.com\/fr\/wp-json\/wp\/v2\/types\/post"}],"author":[{"embeddable":true,"href":"https:\/\/www.europesays.com\/fr\/wp-json\/wp\/v2\/users\/2"}],"replies":[{"embeddable":true,"href":"https:\/\/www.europesays.com\/fr\/wp-json\/wp\/v2\/comments?post=122396"}],"version-history":[{"count":0,"href":"https:\/\/www.europesays.com\/fr\/wp-json\/wp\/v2\/posts\/122396\/revisions"}],"wp:featuredmedia":[{"embeddable":true,"href":"https:\/\/www.europesays.com\/fr\/wp-json\/wp\/v2\/media\/122397"}],"wp:attachment":[{"href":"https:\/\/www.europesays.com\/fr\/wp-json\/wp\/v2\/media?parent=122396"}],"wp:term":[{"taxonomy":"category","embeddable":true,"href":"https:\/\/www.europesays.com\/fr\/wp-json\/wp\/v2\/categories?post=122396"},{"taxonomy":"post_tag","embeddable":true,"href":"https:\/\/www.europesays.com\/fr\/wp-json\/wp\/v2\/tags?post=122396"}],"curies":[{"name":"wp","href":"https:\/\/api.w.org\/{rel}","templated":true}]}}