{"id":122398,"date":"2025-05-23T16:29:08","date_gmt":"2025-05-23T16:29:08","guid":{"rendered":"https:\/\/www.europesays.com\/fr\/122398\/"},"modified":"2025-05-23T16:29:08","modified_gmt":"2025-05-23T16:29:08","slug":"fergie-chambers-sponsor-du-club-africain-fiance-a-la-capitaine-de-lequipe-de-volley-ball","status":"publish","type":"post","link":"https:\/\/www.europesays.com\/fr\/122398\/","title":{"rendered":"Fergie Chambers, sponsor du Club Africain, fianc\u00e9 \u00e0 la capitaine de l\u2019\u00e9quipe de volley-ball"},"content":{"rendered":"<p>L\u2019animateur Samir El Wafi a r\u00e9v\u00e9l\u00e9 sur sa page Facebook une information pour le moins surprenante concernant Fergie Chambers, c\u00e9l\u00e8bre homme d\u2019affaires am\u00e9ricain et sponsor majeur du Club Africain. Ce dernier, apr\u00e8s avoir divorc\u00e9 r\u00e9cemment de sa troisi\u00e8me \u00e9pouse am\u00e9ricaine, s\u2019est fianc\u00e9 \u00e0 une Tunisienne, Emna Khalfa, capitaine de l\u2019\u00e9quipe f\u00e9minine de volley-ball du Club Africain.<\/p>\n<p>Ce lien personnel semble expliquer l\u2019int\u00e9r\u00eat marqu\u00e9 de Chambers pour la section volley-ball du club, notamment son engagement passionn\u00e9 et son soutien financier cons\u00e9quent. En effet, il aurait vers\u00e9 une somme additionnelle de 200 000 dollars pour couvrir les salaires des joueuses. Ce geste aurait d\u2019ailleurs \u00e9t\u00e9 \u00e0 l\u2019origine d\u2019un diff\u00e9rend avec l\u2019ancien dirigeant du club, Heikel Dkhil, accus\u00e9 de ne pas avoir allou\u00e9 l\u2019int\u00e9gralit\u00e9 de la somme \u00e0 cette section, privant ainsi certaines joueuses de leurs r\u00e9mun\u00e9rations.<\/p>\n<p>Selon El Wafi, cette histoire d\u2019amour aurait m\u00eame provoqu\u00e9 des remous au sein de la direction du Club Africain. Le sponsor, motiv\u00e9 par des sentiments personnels, aurait ainsi contribu\u00e9 \u00e0 faire \u00e9clater une partie de la direction du club.<\/p>\n<p>\u00a0<\/p>\n<p>\u00a0<\/p>\n<p>\u00a0<\/p>\n","protected":false},"excerpt":{"rendered":"L\u2019animateur Samir El Wafi a r\u00e9v\u00e9l\u00e9 sur sa page Facebook une information pour le moins surprenante concernant Fergie&hellip;\n","protected":false},"author":2,"featured_media":122399,"comment_status":"","ping_status":"","sticky":false,"template":"","format":"standard","meta":{"footnotes":""},"categories":[1417],"tags":[1011,27,60,1470,1469],"class_list":{"0":"post-122398","1":"post","2":"type-post","3":"status-publish","4":"format-standard","5":"has-post-thumbnail","7":"category-volley","8":"tag-fr","9":"tag-france","10":"tag-sports","11":"tag-volley","12":"tag-volleyball"},"share_on_mastodon":{"url":"https:\/\/pubeurope.com\/@fr\/114558098874234490","error":""},"_links":{"self":[{"href":"https:\/\/www.europesays.com\/fr\/wp-json\/wp\/v2\/posts\/122398","targetHints":{"allow":["GET"]}}],"collection":[{"href":"https:\/\/www.europesays.com\/fr\/wp-json\/wp\/v2\/posts"}],"about":[{"href":"https:\/\/www.europesays.com\/fr\/wp-json\/wp\/v2\/types\/post"}],"author":[{"embeddable":true,"href":"https:\/\/www.europesays.com\/fr\/wp-json\/wp\/v2\/users\/2"}],"replies":[{"embeddable":true,"href":"https:\/\/www.europesays.com\/fr\/wp-json\/wp\/v2\/comments?post=122398"}],"version-history":[{"count":0,"href":"https:\/\/www.europesays.com\/fr\/wp-json\/wp\/v2\/posts\/122398\/revisions"}],"wp:featuredmedia":[{"embeddable":true,"href":"https:\/\/www.europesays.com\/fr\/wp-json\/wp\/v2\/media\/122399"}],"wp:attachment":[{"href":"https:\/\/www.europesays.com\/fr\/wp-json\/wp\/v2\/media?parent=122398"}],"wp:term":[{"taxonomy":"category","embeddable":true,"href":"https:\/\/www.europesays.com\/fr\/wp-json\/wp\/v2\/categories?post=122398"},{"taxonomy":"post_tag","embeddable":true,"href":"https:\/\/www.europesays.com\/fr\/wp-json\/wp\/v2\/tags?post=122398"}],"curies":[{"name":"wp","href":"https:\/\/api.w.org\/{rel}","templated":true}]}}