{"id":122404,"date":"2025-05-23T16:34:08","date_gmt":"2025-05-23T16:34:08","guid":{"rendered":"https:\/\/www.europesays.com\/fr\/122404\/"},"modified":"2025-05-23T16:34:08","modified_gmt":"2025-05-23T16:34:08","slug":"ktm-veut-garder-quatre-motos-en-2026-mais-maintient-le-flou-pour-2027","status":"publish","type":"post","link":"https:\/\/www.europesays.com\/fr\/122404\/","title":{"rendered":"KTM veut garder quatre motos en 2026 mais maintient le flou pour 2027"},"content":{"rendered":"<p>Cette semaine, KTM a r\u00e9uni les fonds pour maintenir ses op\u00e9rations, \u00e0 travers un investissement de son actionnaire Bajaj Auto. Aucune mention n&rsquo;a \u00e9t\u00e9 faite concernant l&rsquo;implication en comp\u00e9tition mais ces derniers mois, la marque a r\u00e9duit la voilure dans plusieurs championnats, tout en maintenant le m\u00eame niveau d&rsquo;engagement en MotoGP, avec son \u00e9quipe officielle et Tech3, en voyant le championnat comme <a href=\"https:\/\/fr.motorsport.com\/motogp\/news\/ktm-maintien-investissements-motogp-beirer\/10692556\/\" target=\"_blank\" rel=\"noopener\">une vitrine importante pour vendre des motos<\/a>.<\/p>\n<p>Lire aussi :<\/p>\n<p>Il y a quelques jours, GPOne \u00e9voquait pourtant la possibilit\u00e9 de voir KTM r\u00e9duire son implication aux deux motos de l&rsquo;\u00e9quipe d&rsquo;usine l&rsquo;an prochain, afin de r\u00e9duire les co\u00fbts. Un plan B semblait m\u00eame d\u00e9j\u00e0 \u00e0 l&rsquo;\u00e9tude pour le MotoGP, avec la possibilit\u00e9 de voir deux Honda suppl\u00e9mentaires, ce \u00e0 quoi la marque <a href=\"https:\/\/fr.motorsport.com\/motogp\/news\/honda-etudiera-option-jorge-martin-disponible\/10725524\/\" target=\"_blank\" rel=\"noopener\">s&rsquo;est dite pr\u00eate \u00e0 \u00ab\u00a0r\u00e9fl\u00e9chir\u00a0\u00bb<\/a>\u00a0par la voix d&rsquo;Alberto Puig, patron de son team officiel.<\/p>\n<p>Interrog\u00e9 sur l&rsquo;existence d&rsquo;un projet pour voir KTM diviser par deux sa pr\u00e9sence, Pit Beirer a cependant apport\u00e9 un d\u00e9menti formel. \u00ab\u00a0Non, pas d&rsquo;apr\u00e8s ce que je sais pour le moment\u00a0\u00bb, a comment\u00e9 le patron de KTM Motorsports, interrog\u00e9 par le site officiel du MotoGP. \u00ab\u00a0Notre plan est de stabiliser tout ce que nous faisons maintenant, et d&rsquo;aborder le futur comme \u00e7a.\u00a0\u00bb<\/p>\n<p>\u00ab\u00a0Il n&rsquo;y a pas de plan en cours pour une r\u00e9duction \u00e0 deux motos. Contractuellement, nous avons quatre pilotes sous contrat, un contrat avec notre tr\u00e8s bon ami Herv\u00e9 [Poncharal, patron de Tech3] pour une ann\u00e9e suppl\u00e9mentaire.\u00a0\u00bb<\/p>\n<p>Beirer a en revanche entretenu le flou pour 2027, ann\u00e9e qui verra l&rsquo;introduction d&rsquo;un nouveau r\u00e8glement technique et de nouveaux accords commerciaux, et pour laquelle KTM n&rsquo;a pas encore finalis\u00e9 ses projets.<\/p>\n<p>\u00ab\u00a0Je dirais que quel que soit l&rsquo;avenir, une nouvelle \u00e8re d\u00e9butera en 2027 mais actuellement, nous sommes au c\u0153ur d&rsquo;une p\u00e9riode contractuelle et nous voulons juste la respecter. Nous sommes concentr\u00e9s sur la comp\u00e9tition.\u00a0La famille est au complet, Tech3 en fait partie et c&rsquo;est aussi le cas pour la saison prochaine.\u00a0\u00bb<\/p>\n<p>Pour le moment, Pit Beirer pr\u00e9f\u00e8re se f\u00e9liciter du plan de sauvetage mis en place avec la mont\u00e9e en puissance de Bajaj Auto, qui assure selon lui l&rsquo;avenir de KTM\u00a0: \u00ab\u00a0\u00c7a a \u00e9t\u00e9 une excellente semaine pour nous parce qu&rsquo;on est pass\u00e9s par un processus de 90 jours, 90 jours de gros travail pour toute l&rsquo;entreprise, afin d&rsquo;assurer le futur de KTM.\u00a0\u00bb<\/p>\n<p>\u00ab\u00a0Je suis tr\u00e8s, tr\u00e8s heureux que nous ayons pu r\u00e9soudre l&rsquo;int\u00e9gralit\u00e9 du probl\u00e8me au sein de la famille, avec notre formidable partenaire Bajaj, qui est l\u00e0 depuis 18 ans. Maintenant, il y a un engagement fort envers la marque KTM et nous sommes fiers que tout revienne \u00e0 la normale.\u00a0C&rsquo;est-\u00e0-dire fournir d&rsquo;excellentes motos \u00e0 nos clients et se concentrer \u00e0 nouveau sur la comp\u00e9tition.\u00a0\u00bb<\/p>\n<p>Lire aussi:<\/p>\n<p>Dans cet article<\/p>\n<p>    Vincent Lalanne-Sicaud\n<\/p>\n<p>    MotoGP\n<\/p>\n<p>    Tech 3\n<\/p>\n<p>    Red Bull KTM Factory Racing\n<\/p>\n<p>Soyez le premier inform\u00e9 et souscrivez aux alertes mails pour recevoir les infos en temps r\u00e9el<\/p>\n<p>    S&rsquo;abonner aux alertes de news<\/p>\n","protected":false},"excerpt":{"rendered":"Cette semaine, KTM a r\u00e9uni les fonds pour maintenir ses op\u00e9rations, \u00e0 travers un investissement de son actionnaire&hellip;\n","protected":false},"author":2,"featured_media":122405,"comment_status":"","ping_status":"","sticky":false,"template":"","format":"standard","meta":{"footnotes":""},"categories":[1412],"tags":[1451,1452,1453,1454,1455,1011,27,1458,3068,60,3374],"class_list":{"0":"post-122404","1":"post","2":"type-post","3":"status-publish","4":"format-standard","5":"has-post-thumbnail","7":"category-f1","8":"tag-f1","9":"tag-formula-1","10":"tag-formula1","11":"tag-formule-1","12":"tag-formule1","13":"tag-fr","14":"tag-france","15":"tag-motogp","16":"tag-red-bull-ktm-factory-racing","17":"tag-sports","18":"tag-tech-3"},"share_on_mastodon":{"url":"https:\/\/pubeurope.com\/@fr\/114558118381797871","error":""},"_links":{"self":[{"href":"https:\/\/www.europesays.com\/fr\/wp-json\/wp\/v2\/posts\/122404","targetHints":{"allow":["GET"]}}],"collection":[{"href":"https:\/\/www.europesays.com\/fr\/wp-json\/wp\/v2\/posts"}],"about":[{"href":"https:\/\/www.europesays.com\/fr\/wp-json\/wp\/v2\/types\/post"}],"author":[{"embeddable":true,"href":"https:\/\/www.europesays.com\/fr\/wp-json\/wp\/v2\/users\/2"}],"replies":[{"embeddable":true,"href":"https:\/\/www.europesays.com\/fr\/wp-json\/wp\/v2\/comments?post=122404"}],"version-history":[{"count":0,"href":"https:\/\/www.europesays.com\/fr\/wp-json\/wp\/v2\/posts\/122404\/revisions"}],"wp:featuredmedia":[{"embeddable":true,"href":"https:\/\/www.europesays.com\/fr\/wp-json\/wp\/v2\/media\/122405"}],"wp:attachment":[{"href":"https:\/\/www.europesays.com\/fr\/wp-json\/wp\/v2\/media?parent=122404"}],"wp:term":[{"taxonomy":"category","embeddable":true,"href":"https:\/\/www.europesays.com\/fr\/wp-json\/wp\/v2\/categories?post=122404"},{"taxonomy":"post_tag","embeddable":true,"href":"https:\/\/www.europesays.com\/fr\/wp-json\/wp\/v2\/tags?post=122404"}],"curies":[{"name":"wp","href":"https:\/\/api.w.org\/{rel}","templated":true}]}}