{"id":122406,"date":"2025-05-23T16:35:11","date_gmt":"2025-05-23T16:35:11","guid":{"rendered":"https:\/\/www.europesays.com\/fr\/122406\/"},"modified":"2025-05-23T16:35:11","modified_gmt":"2025-05-23T16:35:11","slug":"ronde-de-lisard-et-3-ludovico-mellano-1er-directvelo","status":"publish","type":"post","link":"https:\/\/www.europesays.com\/fr\/122406\/","title":{"rendered":"Ronde de l\u2019Isard &#8211; Et. 3 : Ludovico Mellano 1er &#8211; DirectVelo"},"content":{"rendered":"<ol>\n<li><a href=\"https:\/\/news.google.com\/rss\/articles\/CBMijwFBVV95cUxPZzdGNlkyT1dhb3ZOejhnSnBvOVhnVmdRQVhRVkhLOFBsbWdBdjJTME1pNm1qazdNTjBVZW5DOEJpT2VlYUxRZmh0MWZhNDM3UTJ4UkNGOE5ORWFjRjQ3WTVmcEU1cGlPT1Z6c0ZmY0tsUkt5RDNxUWtKb1p5dzJEbHRlZDNRc0RJSXNYVDlUQQ?oc=5\" target=\"_blank\" rel=\"noopener\">Ronde de l\u2019Isard &#8211; Et. 3 : Ludovico Mellano 1er<\/a>&nbsp;&nbsp;DirectVelo<\/li>\n<li><a href=\"https:\/\/news.google.com\/rss\/articles\/CBMigwFBVV95cUxNQ0RtTllEdzJMaXpBdkpEY3ZybFI4N1piMHgxMGdWUVo0WXk3bDJZaXVwTnVfUEgtalkyVTU2VF9jcVJYTUtGb3pTX0phcHAyZWtkT0JHSlpxMnZueGUzaE9RRlhQN0dYV0ZFMTJUcW9KZUpieEl4YzlDanRMTmJKT2xNOA?oc=5\" target=\"_blank\" rel=\"noopener\">Ronde de l\u2019Isard &#8211; Et. 3 : Classements<\/a>&nbsp;&nbsp;DirectVelo<\/li>\n<li><a href=\"https:\/\/news.google.com\/rss\/articles\/CBMikwJBVV95cUxPZHZBQXI1bGl3RExTM0dLUWlZUUNMSndaVnlYZGt2TTQ2ZjJqNl9FZXg5bTFPaVh0NDV3VDQ1TE9Ham40RU1VSnoxRVdZVEZhbzI0djY0Um9iT29FYTd3ai1DUWpubncteFM1NjJUcHhMYi1idjZqWmFfS0lFTDZ6d0tRdUJ1M0llWlExbzdwQnZjWW5IRXhjVHdkeEFFanFrR2tHd0lEQm5IanhDSnlPX2FZV0hVU29mLU1aRk40Z3RHX2czU21aNU9CcXd1WVhkSF9qWE8zVi14V1NjejFlRnhKbE5Pc09GWnpsMHJvZ3lJVVVJMDFtdDZ1dUZpdEUwVHRnOWJERUZ1TWFSaVdYWjhubw?oc=5\" target=\"_blank\" rel=\"noopener\">Cyclisme (2e \u00e9tape de la Ronde de l\u2019isard). Le Belge Jarno Widar frappe fort. Il s\u2019impose en solitaire \u00e0 Cauterets et s\u2019empare du maillot jaune<\/a>&nbsp;&nbsp;ladepeche.fr<\/li>\n<li><a href=\"https:\/\/news.google.com\/rss\/articles\/CBMiwwFBVV95cUxOT3poQWozYW1wX1QyMExJbUVCcmlUdHJqeFNvcjRxeHdacV9LZWRXVGxBcTRVMVV0TzdiUzNyZFNlSDl5enQzMWhwN1VZZmU0cllxWDlKNnVuOU5JV003c1ZkelpFVDNlZXBjTThOOFQ4eUlURVN2S2VBclJfZjZKY1JYYjRUeURzX1VORWxiUTZIYmoycUJMcnM0TGhKR1V5RXBGejNBd0FGT216aVNKUlZ1bGpQR1FIRnF6WUV0V2NpSjjSAcMBQVVfeXFMTlVpV29wREdITHRnXzgtSUxnTUVhX1FGaFRVWHVjcnAyQUpvejFtQ0tBdy1oVWwxcmdfVGZOVkhkU0p2dlAzZVktVG1BNGRMekIwUFZaazRpcVhEMDF0aFlaT05wcUJsSTNEWnRzSjJSZXJZdU5FeG1GQlRSUVZQVGh4STc3NGZNRzBvUjRFeDlmN2h2eEJMMjNtZnpJQUxoWlEyQ2hNazZQWUZlN3NPSXM0dHVvUXdlNEZyczZyOW0wQXdr?oc=5\" target=\"_blank\" rel=\"noopener\">Ronde de l&rsquo;Isard: Jarno Widar a remport\u00e9 la 2e \u00e9tape et prend d\u00e9j\u00e0 le Jaune<\/a>&nbsp;&nbsp;Cyclism&rsquo;Actu<\/li>\n<li><a href=\"https:\/\/news.google.com\/rss\/articles\/CBMimwFBVV95cUxNOGVreFN1Mm1vQW90eTRZcm9FbktBSWZpT1dLbmJlbS1QZ2dFS3FEYXZVODhUR09xb3l6dEtNTUh1QWQ2aWVTM2dDYUlrajVIaE1UX1p0ZkpJMER2Z2lvejk3QTRzYUNxS3M1eng2WkMyb3lWbTRCOGtCUFlqcmw4YXBUSnRVTWp2M2pGcVlTMGxlWG9iNVVIZTlBNA?oc=5\" target=\"_blank\" rel=\"noopener\">Ludovico Mellano gagne la 3\u00e8me \u00e9tape de la Ronde de l\u2019Isard<\/a>&nbsp;&nbsp;Velo-Club<\/li>\n<\/ol>\n","protected":false},"excerpt":{"rendered":"Ronde de l\u2019Isard &#8211; Et. 3 : Ludovico Mellano 1er&nbsp;&nbsp;DirectVelo Ronde de l\u2019Isard &#8211; Et. 3 : Classements&nbsp;&nbsp;DirectVelo&hellip;\n","protected":false},"author":2,"featured_media":122407,"comment_status":"","ping_status":"","sticky":false,"template":"","format":"standard","meta":{"footnotes":""},"categories":[1411],"tags":[834,828,836,829,837,827,83,826,824,823,1154,207,814,817,815,816,822,821,832,211,839,1011,27,820,818,819,835,831,830,833,838,60,212,208,825],"class_list":{"0":"post-122406","1":"post","2":"type-post","3":"status-publish","4":"format-standard","5":"has-post-thumbnail","7":"category-cyclisme","8":"tag-attaque","9":"tag-belgique","10":"tag-braquet","11":"tag-bretagne","12":"tag-chute","13":"tag-competition","14":"tag-coupe-de-france","15":"tag-coureur","16":"tag-course-cyclisme","17":"tag-course-cycliste","18":"tag-cycling","19":"tag-cyclisme","20":"tag-direct","21":"tag-direct-velo","22":"tag-directvelo","23":"tag-directvelo-com","24":"tag-epreuve","25":"tag-epreuve-cycliste","26":"tag-federation-francaise-de-cyclisme","27":"tag-ffc","28":"tag-flandres","29":"tag-fr","30":"tag-france","31":"tag-live","32":"tag-live-course","33":"tag-live-epreuve","34":"tag-peloton","35":"tag-radio-peloton","36":"tag-radio-tour","37":"tag-ravitaillement","38":"tag-relance","39":"tag-sports","40":"tag-uci","41":"tag-velo","42":"tag-velos"},"share_on_mastodon":{"url":"https:\/\/pubeurope.com\/@fr\/114558122318654463","error":""},"_links":{"self":[{"href":"https:\/\/www.europesays.com\/fr\/wp-json\/wp\/v2\/posts\/122406","targetHints":{"allow":["GET"]}}],"collection":[{"href":"https:\/\/www.europesays.com\/fr\/wp-json\/wp\/v2\/posts"}],"about":[{"href":"https:\/\/www.europesays.com\/fr\/wp-json\/wp\/v2\/types\/post"}],"author":[{"embeddable":true,"href":"https:\/\/www.europesays.com\/fr\/wp-json\/wp\/v2\/users\/2"}],"replies":[{"embeddable":true,"href":"https:\/\/www.europesays.com\/fr\/wp-json\/wp\/v2\/comments?post=122406"}],"version-history":[{"count":0,"href":"https:\/\/www.europesays.com\/fr\/wp-json\/wp\/v2\/posts\/122406\/revisions"}],"wp:featuredmedia":[{"embeddable":true,"href":"https:\/\/www.europesays.com\/fr\/wp-json\/wp\/v2\/media\/122407"}],"wp:attachment":[{"href":"https:\/\/www.europesays.com\/fr\/wp-json\/wp\/v2\/media?parent=122406"}],"wp:term":[{"taxonomy":"category","embeddable":true,"href":"https:\/\/www.europesays.com\/fr\/wp-json\/wp\/v2\/categories?post=122406"},{"taxonomy":"post_tag","embeddable":true,"href":"https:\/\/www.europesays.com\/fr\/wp-json\/wp\/v2\/tags?post=122406"}],"curies":[{"name":"wp","href":"https:\/\/api.w.org\/{rel}","templated":true}]}}