{"id":122410,"date":"2025-05-23T16:37:15","date_gmt":"2025-05-23T16:37:15","guid":{"rendered":"https:\/\/www.europesays.com\/fr\/122410\/"},"modified":"2025-05-23T16:37:15","modified_gmt":"2025-05-23T16:37:15","slug":"en-direct-festival-de-cannes-2025-jour-11-gillian-anderson-viola-davis-elle-fanning-defile-de-stars-sur-le-tapis-rouge","status":"publish","type":"post","link":"https:\/\/www.europesays.com\/fr\/122410\/","title":{"rendered":"EN DIRECT &#8211; Festival de Cannes 2025, jour 11 : Gillian Anderson, Viola Davis, Elle Fanning&#8230; D\u00e9fil\u00e9 de stars sur le tapis rouge"},"content":{"rendered":"<p>Qui remportera la Palme d&rsquo;or de ce Festival de Cannes 2025 ?La r\u00e9ponse sera d\u00e9voil\u00e9e ce samedi, soit demain soir, le temps du palmar\u00e8s.Pour l&rsquo;heure, le dernier film de la comp\u00e9tition, \u00ab\u00a0The Mastermind\u00a0\u00bb, est pr\u00e9sent\u00e9 ce soir.Minute par minute18:35PALM DOG<\/p>\n<p>Apr\u00e8s Messi, le border collie d&rsquo;Anatomie d&rsquo;une chute en 2023 et Kodi, du Proc\u00e8s du chien, l&rsquo;an dernier, c&rsquo;est \u00e0 Panda, le chien de berger du film islandais L&rsquo;Amour qu&rsquo;il nous reste qu&rsquo;est revenue vendredi la Palm Dog, r\u00e9compensant le cabot avec le plus de mordant des films du Festival de Cannes. Le Grand Prix du jury a quant \u00e0 lui \u00e9t\u00e9 attribu\u00e9 conjointement aux deux acteurs canins &#8211; dont l&rsquo;un mange des excr\u00e9ments impr\u00e9gn\u00e9s de LSD &#8211; de Sirat, la rave-party hallucinatoire et apocalyptique de l&rsquo;Espagnol Oliver Laxe.<\/p>\n<p>18:32GILLIAN ANDERSON<\/p>\n<p>L&rsquo;\u00e9ternelle actrice de \u00ab\u00a0X-Files\u00a0\u00bb est sur le tapis rouge cannois ce vendredi soir<\/p>\n<p><img decoding=\"async\" src=\"https:\/\/www.europesays.com\/fr\/wp-content\/uploads\/2025\/05\/gillian-anderson-2-ec0b94-1@1x.jpeg\" alt=\"AFP\" loading=\"lazy\" importance=\"low\" fetchpriority=\"low\" class=\"\"\/>AFP18:31ELLE FANNING<\/p>\n<p>L&rsquo;actrice, r\u00e9v\u00e9l\u00e9e par Sofia Coppola, est pr\u00e9sente pour les marches du dernier film de la comp\u00e9tition \u00e0 Cannes<\/p>\n<p><img decoding=\"async\" src=\"https:\/\/www.europesays.com\/fr\/wp-content\/uploads\/2025\/05\/elle-fanning-4-2008d8-0@1x.jpeg\" alt=\"AFP\" loading=\"lazy\" importance=\"low\" fetchpriority=\"low\" class=\"\"\/>AFP18:29VIOLA DAVIS<\/p>\n<p>La com\u00e9dienne est sur le tapis rouge de Cannes ce vendredi soir<\/p>\n<p><img decoding=\"async\" src=\"https:\/\/www.europesays.com\/fr\/wp-content\/uploads\/2025\/05\/viola-davis-2-cc924d-0@1x.jpeg\" alt=\"AFP\" loading=\"lazy\" importance=\"low\" fetchpriority=\"low\" class=\"\"\/>AFP18:29THE MASTERMIND<\/p>\n<p>C&rsquo;est l&rsquo;heure de la mont\u00e9e des marches du dernier film en comp\u00e9tition \u00e0 Cannes : The Mastermind de Kelly Reichardt\u00a0<\/p>\n<p><img decoding=\"async\" src=\"https:\/\/www.europesays.com\/fr\/wp-content\/uploads\/2025\/05\/the-mastermind-195ab9-0@1x.jpeg\" alt=\"Festival de Cannes\" loading=\"lazy\" importance=\"low\" fetchpriority=\"low\" class=\"\"\/>Festival de Cannes17:44INTERVIEW<\/p>\n<p>Luc et Jean-Pierre Dardenne sont en lice pour leur troisi\u00e8me Palme d&rsquo;or avec \u00ab\u00a0Jeunes M\u00e8res\u00a0\u00bb, qui sort d\u00e8s ce vendredi dans toute la France. Le portrait crois\u00e9 de quatre jeunes filles qui assument tant bien que mal leur maternit\u00e9 pr\u00e9coce. TF1Info s&rsquo;est entretenu avec le duo qui r\u00e9v\u00e9la la regrett\u00e9e \u00c9milie Dequenne dans \u00ab\u00a0Rosetta\u00a0\u00bb en 1999.<\/p>\n<p>Culture, m\u00e9dias et divertissement<img decoding=\"async\" src=\"https:\/\/www.europesays.com\/fr\/wp-content\/uploads\/2025\/05\/dardenne-2024-b95b9f-1@1x.jpeg\" alt=\"Jean-Pierre et Luc Dardenne, ce vendredi 23 mai.\" loading=\"lazy\" importance=\"low\" fetchpriority=\"low\" class=\"\" aria-hidden=\"true\"\/><\/p>\n<p>Publi\u00e9 aujourd&rsquo;hui \u00e0 17h30<\/p>\n<p>17:44PRIX DOCUMENTAIRE<\/p>\n<p>Imago, premier film tch\u00e9tch\u00e8ne \u00e0 \u00eatre pr\u00e9sent\u00e9 \u00e0 Cannes, a remport\u00e9 vendredi l&rsquo;Oeil d&rsquo;or du meilleur documentaire, dont le jury a aussi d\u00e9cern\u00e9 un prix sp\u00e9cial \u00e0 The six billion dollar man, consacr\u00e9 au fondateur de Wikileaks Julian Assange. Dans ce film, le documentariste am\u00e9ricain Eugene Jarecki montre une image plus personnelle de l&rsquo;ancien hacker et activiste de 53 ans, dont il vante les \u00ab\u00a0qualit\u00e9s h\u00e9ro\u00efques\u00a0\u00bb.<\/p>\n<p><img decoding=\"async\" src=\"https:\/\/www.europesays.com\/fr\/wp-content\/uploads\/2025\/05\/assange-2-4f2d3b-0@1x.jpeg\" alt=\"AFP\" loading=\"lazy\" importance=\"low\" fetchpriority=\"low\" class=\"\"\/>AFP12:53REPORTAGE<\/p>\n<p>Le Festival de Cannes a accueilli C\u00e9dric Klapisch pour la premi\u00e8re fois sur son tapis rouge.<\/p>\n<p>Un r\u00e9alisateur fran\u00e7ais qui filme depuis plus de 30 ans Paris et la jeunesse. Deux passions qui se retrouvent dans \u00ab\u00a0La Venue de l\u2019avenir\u00a0\u00bb, qui sera pr\u00e9sent\u00e9 hors comp\u00e9tition Une \u00e9quipe de TF1 avait pu filmer son tournage dans la capitale.<\/p>\n<p>Culture, m\u00e9dias et divertissement<img decoding=\"async\" src=\"https:\/\/www.europesays.com\/fr\/wp-content\/uploads\/2025\/05\/la-venue-de-l-avenir-23514f-0@1x.jpeg\" alt=\"REPORTAGE - &quot;La Venue de l'avenir&quot; au Festival de Cannes 2025 : dans les coulisses du film de C\u00e9dric Klapisch\" loading=\"lazy\" importance=\"low\" fetchpriority=\"low\" class=\"\" aria-hidden=\"true\"\/><\/p>\n<p>Publi\u00e9 aujourd&rsquo;hui \u00e0 12h50<\/p>\n<p>12:52POLEMIQUE<\/p>\n<p>Secr\u00e9taire g\u00e9n\u00e9rale du groupe Ensemble \u00e0 l&rsquo;Assembl\u00e9e nationale, Deborah Abisror-De Lieme s&rsquo;en est pris \u00e0 L\u00e9a Situation sur le r\u00e9seau X, lui reprochant l&rsquo;une de ses tenues sur la Croisette. Des critiques qui interviennent en plein d\u00e9bat suite \u00e0 la publication d&rsquo;un rapport du gouvernement sur \u00ab\u00a0l&rsquo;entrisme musulman\u00a0\u00bb. Apr\u00e8s la s\u00e8che r\u00e9action de l&rsquo;influenceuse, cette cadre du parti macroniste lui a pr\u00e9sent\u00e9 ses excuses et a retir\u00e9 son message.<\/p>\n<p>Culture, m\u00e9dias et divertissement<img decoding=\"async\" src=\"https:\/\/www.europesays.com\/fr\/wp-content\/uploads\/2025\/05\/lena-situations-2027-77aea5-0@1x.jpeg\" alt=\"Lena Situations sur les marches de &quot;History of Sound&quot;.\" loading=\"lazy\" importance=\"low\" fetchpriority=\"low\" class=\"\" aria-hidden=\"true\"\/><\/p>\n<p>Publi\u00e9 aujourd&rsquo;hui \u00e0 12h33<\/p>\n<p>10:54LES DARDENNE PLEURENT ENCORE LE D\u00c9C\u00c8S D&rsquo;\u00c9MILIE DEQUENNE<\/p>\n<p>Habitu\u00e9s de la comp\u00e9tition, Jean-Pierre et Luc Dardenne pleurent encore le d\u00e9c\u00e8s d&rsquo;\u00c9milie Dequenne, fauch\u00e9e \u00e0 43 ans par un cancer rare, au terme d&rsquo;une lutte acharn\u00e9e qu&rsquo;elle avait rendue publique. L&rsquo;actrice belge a \u00e9t\u00e9 r\u00e9v\u00e9l\u00e9e en 1999, \u00e0 18 ans, dans leur film Rosetta, qui lui a valu le prix d&rsquo;interpr\u00e9tation \u00e0 Cannes et aux rois du cin\u00e9ma social belge leur premi\u00e8re Palme d&rsquo;or (suivie de \u00ab\u00a0L&rsquo;Enfant\u00a0\u00bb en 2005). \u00ab\u00a0Elle sera un petit peu l\u00e0\u00a0\u00bb, a dit Luc Dardenne \u00e0 l&rsquo;AFP avant de partir pour la Croisette. \u00ab\u00a0Le festival a eu l&rsquo;id\u00e9e de passer le film le dernier jour, comme \u00ab\u00a0Rosetta\u00a0\u00bb. Donc forc\u00e9ment, c&rsquo;est le lien. Puis Thierry Fr\u00e9maux (le directeur g\u00e9n\u00e9ral du festival, NDLR) a dit que la s\u00e9lection \u00e9tait d\u00e9di\u00e9e \u00e0 \u00c9milie. Donc voil\u00e0, elle est l\u00e0, son fant\u00f4me est l\u00e0.\u00a0\u00bb<\/p>\n<p><img decoding=\"async\" src=\"https:\/\/www.europesays.com\/fr\/wp-content\/uploads\/2025\/05\/emilie-dequenne-cannes-2025-9c3329-0@1x.jpeg\" alt=\"\u00c9milie Dequenne au Festival de Cannes en mai 2023. - AFP\" loading=\"lazy\" importance=\"low\" fetchpriority=\"low\" class=\"\"\/>\u00c9milie Dequenne au Festival de Cannes en mai 2023. &#8211; AFP10:51GAZA<\/p>\n<p>Les actrices fran\u00e7aises Catherine Deneuve, Chiara Mastroianni et L\u00e9a Seydoux, ainsi que l&rsquo;activiste australien Julian Assange, ont rejoint les quelque 900 signataires d&rsquo;une lettre condamnant le \u00ab\u00a0silence\u00a0\u00bb sur le \u00ab\u00a0g\u00e9nocide\u00a0\u00bb \u00e0 Gaza publi\u00e9e en marge du Festival de Cannes, a indiqu\u00e9 vendredi \u00e0 l&rsquo;AFP un des collectifs \u00e0 l&rsquo;origine du texte.<\/p>\n<p>07:28KEVIN SPACEY \u00c0 l\u2019AMFAR<\/p>\n<p>Apr\u00e8s avoir re\u00e7u <a href=\"https:\/\/www.tf1info.fr\/culture\/content-de-travailler-de-nouveau-kevin-spacey-prime-en-marge-du-festival-de-cannes-2025-2372123.html\" target=\"_blank\" rel=\"noopener\">un prix d\u00e9cern\u00e9 par une fondation priv\u00e9e<\/a> durant la semaine, Kevin Spacey \u00e9tait jeudi soir au Gala de l\u2019AMFAR, l\u2019association qui vient en aide \u00e0 la recherche contre le Sida. Apr\u00e8s avoir \u00e9t\u00e9 \u00ab\u00a0blanchi\u00a0\u00bb dans deux proc\u00e8s pour agressions sexuelles \u00e0 New York et Londres, l\u2019acteur oscaris\u00e9 de Usual Suspects et de American Beauty tente un comeback sur la Croisette\u2026<\/p>\n<p>Cannes 2025 : Kevin Spacey au gala de l&rsquo;AMFARSource : TF1 Info<\/p>\n<p><img decoding=\"async\" src=\"https:\/\/www.europesays.com\/fr\/wp-content\/uploads\/2025\/05\/cannes-2025-kevin-spacey-au-gala-de-l-amfar-74ad08-0@1x.jpeg\" alt=\"Cannes 2025 : Kevin Spacey au gala de l'AMFAR\" loading=\"lazy\" importance=\"low\" fetchpriority=\"low\" class=\"\"\/><img decoding=\"async\" src=\"https:\/\/www.europesays.com\/fr\/wp-content\/uploads\/2025\/04\/player-logo-play.svg.svg+xml\" alt=\"Logo lecture\" class=\"jsx-d0de44c05fe3042c PlayerLazyload__Play\"\/>07:18HIER SOIR SUR LES MARCHES<\/p>\n<p>L&rsquo;\u00e9quipe de La Venue de l&rsquo;avenir de C\u00e9dric Klapisch \u00e9tait sur le tapis rouge. Et elle a attir\u00e9 du beau monde. Regardez&#8230;<\/p>\n<p>Cannes 2025 : la mont\u00e9e des marches de \u00ab\u00a0La Venue de l&rsquo;avenir\u00a0\u00bbSource : TF1 Info<\/p>\n<p><img decoding=\"async\" src=\"https:\/\/www.europesays.com\/fr\/wp-content\/uploads\/2025\/05\/cannes-2025-la-montee-des-marches-de-la-venue-de-l-avenir-173a84-0@1x.jpeg\" alt=\"Cannes 2025 : la mont\u00e9e des marches de &quot;La Venue de l'avenir&quot;\" loading=\"lazy\" importance=\"low\" fetchpriority=\"low\" class=\"\"\/><img decoding=\"async\" src=\"https:\/\/www.europesays.com\/fr\/wp-content\/uploads\/2025\/04\/player-logo-play.svg.svg+xml\" alt=\"Logo lecture\" class=\"jsx-d0de44c05fe3042c PlayerLazyload__Play\"\/><\/p>\n<p data-module=\"article-paragraph\" class=\"jsx-362436225 Paragraph Paragraph__End\">La Palme d&rsquo;or du 78\u1d49 Festival de Cannes ? Elle sera d\u00e9cern\u00e9e le 24 mai prochain par le jury pr\u00e9sid\u00e9 cette ann\u00e9e par la com\u00e9dienne fran\u00e7aise Juliette Binoche. Sur la ligne de d\u00e9part, 22 films venus du monde entier, dont trois fran\u00e7ais. Et des propositions de cin\u00e9ma radicalement diff\u00e9rentes. <a href=\"https:\/\/www.tf1info.fr\/culture\/barometre-festival-de-cannes-2025-notre-avis-sur-tous-les-films-en-competition-pour-la-palme-d-or-2371595.html\" target=\"_blank\" rel=\"noopener\">Notre envoy\u00e9 sp\u00e9cial, qui a vu tous les films en comp\u00e9tition, les a recens\u00e9s et class\u00e9s<\/a>&#8230; en attendant le palmar\u00e8s demain.<\/p>\n<p data-module=\"article-paragraph\" class=\"jsx-362436225 Paragraph Paragraph__End\">Pour l&rsquo;heure, la comp\u00e9tition se termine ce vendredi avec deux films. Tout d&rsquo;abord, Jeunes m\u00e8res, en lice pour offrir une 3e Palme d&rsquo;or record aux fr\u00e8res Dardenne, suit cinq adolescentes h\u00e9berg\u00e9es dans une maison maternelle, qui tentent de construire une vie meilleure pour elles et leurs enfants. \u00c9motionnellement intense, le film, qui sera pr\u00e9sent\u00e9 au dernier jour du Festival de Cannes vendredi, sort en salles en France \u00e0 la m\u00eame date.<\/p>\n<p data-module=\"article-paragraph\" class=\"jsx-362436225 Paragraph Paragraph__End\">Enfin, second film du jour, et le dernier de la comp\u00e9tition : The Mastermind, de l&rsquo;Am\u00e9ricaine Kelly Reichardt. L&rsquo;histoire d&rsquo;un braquage d&rsquo;\u0153uvres d&rsquo;art organis\u00e9 sur fond de guerre du Vietnam et de mouvement naissant de lib\u00e9ration des femmes, avec Josh O&rsquo;Connor qui joue \u00e9galement dans The History of Sound, aux c\u00f4t\u00e9s de Paul Mescal.<\/p>\n<p>La r\u00e9daction de TF1info<\/p>\n","protected":false},"excerpt":{"rendered":"Qui remportera la Palme d&rsquo;or de ce Festival de Cannes 2025 ?La r\u00e9ponse sera d\u00e9voil\u00e9e ce samedi, soit&hellip;\n","protected":false},"author":2,"featured_media":122411,"comment_status":"","ping_status":"","sticky":false,"template":"","format":"standard","meta":{"footnotes":""},"categories":[1359],"tags":[1111,11,1921,17599,22145,58,59,5634,22144,1011,27,1922,5683,23154,23660,2041,973,133,2040],"class_list":{"0":"post-122410","1":"post","2":"type-post","3":"status-publish","4":"format-standard","5":"has-post-thumbnail","7":"category-people","8":"tag-actu","9":"tag-actualites","10":"tag-article-video","11":"tag-catherine-deneuve","12":"tag-des-stars-et-de-lengagement","13":"tag-divertissement","14":"tag-entertainment","15":"tag-festival-de-cannes","16":"tag-festival-de-cannes-2025-des-films","17":"tag-fr","18":"tag-france","19":"tag-info","20":"tag-juliette-binoche","21":"tag-kevin-spacey","22":"tag-lea-seydoux","23":"tag-medias-et-divertissement","24":"tag-people","25":"tag-video","26":"tag-video-culture"},"share_on_mastodon":{"url":"https:\/\/pubeurope.com\/@fr\/114558130376818854","error":""},"_links":{"self":[{"href":"https:\/\/www.europesays.com\/fr\/wp-json\/wp\/v2\/posts\/122410","targetHints":{"allow":["GET"]}}],"collection":[{"href":"https:\/\/www.europesays.com\/fr\/wp-json\/wp\/v2\/posts"}],"about":[{"href":"https:\/\/www.europesays.com\/fr\/wp-json\/wp\/v2\/types\/post"}],"author":[{"embeddable":true,"href":"https:\/\/www.europesays.com\/fr\/wp-json\/wp\/v2\/users\/2"}],"replies":[{"embeddable":true,"href":"https:\/\/www.europesays.com\/fr\/wp-json\/wp\/v2\/comments?post=122410"}],"version-history":[{"count":0,"href":"https:\/\/www.europesays.com\/fr\/wp-json\/wp\/v2\/posts\/122410\/revisions"}],"wp:featuredmedia":[{"embeddable":true,"href":"https:\/\/www.europesays.com\/fr\/wp-json\/wp\/v2\/media\/122411"}],"wp:attachment":[{"href":"https:\/\/www.europesays.com\/fr\/wp-json\/wp\/v2\/media?parent=122410"}],"wp:term":[{"taxonomy":"category","embeddable":true,"href":"https:\/\/www.europesays.com\/fr\/wp-json\/wp\/v2\/categories?post=122410"},{"taxonomy":"post_tag","embeddable":true,"href":"https:\/\/www.europesays.com\/fr\/wp-json\/wp\/v2\/tags?post=122410"}],"curies":[{"name":"wp","href":"https:\/\/api.w.org\/{rel}","templated":true}]}}