{"id":122414,"date":"2025-05-23T16:39:14","date_gmt":"2025-05-23T16:39:14","guid":{"rendered":"https:\/\/www.europesays.com\/fr\/122414\/"},"modified":"2025-05-23T16:39:14","modified_gmt":"2025-05-23T16:39:14","slug":"vosges-gilles-laporte-presentera-et-dedicacera-son-dernier-livre-a-charmes-le-samedi-7-juin","status":"publish","type":"post","link":"https:\/\/www.europesays.com\/fr\/122414\/","title":{"rendered":"Vosges. Gilles Laporte pr\u00e9sentera et d\u00e9dicacera son dernier livre \u00e0 Charmes le samedi 7 juin"},"content":{"rendered":"<p>La commune de Charmes recevra l\u2019\u00e9crivain Gilles Laporte \u00e0 la Maison du livre et de la culture samedi 7\u00a0juin \u00e0 10\u00a0h, o\u00f9 il pr\u00e9sentera et d\u00e9dicacera son dernier livre L e go\u00fbt des m\u00fbres sauvages. L\u2019auteur vosgien y raconte l\u2019histoire d\u2019une jeune femme de Bretagne passionn\u00e9e de danse classique et qui, arriv\u00e9e en Lorraine, se trouve face \u00e0 une tout autre destin\u00e9e que celle qui lui semblait \u00eatre trac\u00e9e.<\/p>\n<p>Ce contenu est bloqu\u00e9 car vous n&rsquo;avez pas accept\u00e9 les cookies et autres traceurs.<\/p>\n<p>En cliquant sur \u00ab J\u2019accepte \u00bb, les cookies et autres traceurs seront d\u00e9pos\u00e9s et vous pourrez visualiser les contenus  (<a href=\"\" class=\"consentModule_policy\" target=\"_blank\" title=\"Consulter la politique de protection des donn\u00e9es du fournisseur\">plus d&rsquo;informations<\/a>).<\/p>\n<p>En cliquant sur \u00ab J\u2019accepte tous les cookies \u00bb, vous autorisez des d\u00e9p\u00f4ts de cookies et autres traceurs pour le stockage de vos donn\u00e9es sur nos sites et applications \u00e0 des fins de personnalisation et de ciblage publicitaire.<\/p>\n<p class=\"consentModule_secondaryText\">Vous gardez la possibilit\u00e9 de retirer votre consentement \u00e0 tout moment en consultant notre <a href=\"https:\/\/www.vosgesmatin.fr\/protection-des-donnees\" target=\"_blank\" title=\"Consulter notre politique de protection des donn\u00e9es\" rel=\"noopener\">politique de protection des donn\u00e9es<\/a>. <br \/>&#13;<br \/>\n            <a href=\"https:\/\/www.vosgesmatin.fr\/culture-loisirs\/2025\/05\/23\/javascript:Didomi.notice.show()\" class=\"consentModule_cmp\" target=\"_blank\" rel=\"noopener\">G\u00e9rer mes choix<\/a>&#13;\n        <\/p>\n<p>&#13;<br \/>\n                        J&rsquo;accepte&#13;<br \/>\n            J&rsquo;accepte tous les cookies&#13;\n        <\/p>\n<p>Sa rencontre et son mariage avec un paysan vosgien d\u2019Anglemont vont bouleverser sa vie \u00e0 jamais. Ensemble, le couple g\u00e8re un grand domaine c\u00e9r\u00e9alier avec un grand respect de l\u2019environnement et de la biodiversit\u00e9, situ\u00e9 dans une ancienne commanderie de templiers. Mais le destin d\u00e9cide autrement de leur vie.<\/p>\n<p>Inspir\u00e9e de faits r\u00e9els, l\u2019histoire qui se passe en grande partie dans la r\u00e9gion de Charmes raconte \u00ab\u00a0la reconnaissance du combat courageux d\u2019une femme d\u00e9termin\u00e9e \u00e0 assumer ses responsabilit\u00e9s de m\u00e8re, d\u2019\u00e9lue locale, d\u2019artiste et de paysanne, dans un monde rural et politique hostile \u00e0 tous engagements\u00a0\u00bb, comme l\u2019\u00e9crit Gilles Laporte.<\/p>\n","protected":false},"excerpt":{"rendered":"La commune de Charmes recevra l\u2019\u00e9crivain Gilles Laporte \u00e0 la Maison du livre et de la culture samedi&hellip;\n","protected":false},"author":2,"featured_media":122415,"comment_status":"","ping_status":"","sticky":false,"template":"","format":"standard","meta":{"footnotes":""},"categories":[1357],"tags":[1379,10220,24463,1687,58,1796,59,1011,27,1380,2410],"class_list":{"0":"post-122414","1":"post","2":"type-post","3":"status-publish","4":"format-standard","5":"has-post-thumbnail","7":"category-livres","8":"tag-books","9":"tag-ca-depinal-88a2","10":"tag-charmes","11":"tag-culture-loisirs","12":"tag-divertissement","13":"tag-edition-epinal","14":"tag-entertainment","15":"tag-fr","16":"tag-france","17":"tag-livres","18":"tag-livres-bd"},"share_on_mastodon":{"url":"https:\/\/pubeurope.com\/@fr\/114558138011433461","error":""},"_links":{"self":[{"href":"https:\/\/www.europesays.com\/fr\/wp-json\/wp\/v2\/posts\/122414","targetHints":{"allow":["GET"]}}],"collection":[{"href":"https:\/\/www.europesays.com\/fr\/wp-json\/wp\/v2\/posts"}],"about":[{"href":"https:\/\/www.europesays.com\/fr\/wp-json\/wp\/v2\/types\/post"}],"author":[{"embeddable":true,"href":"https:\/\/www.europesays.com\/fr\/wp-json\/wp\/v2\/users\/2"}],"replies":[{"embeddable":true,"href":"https:\/\/www.europesays.com\/fr\/wp-json\/wp\/v2\/comments?post=122414"}],"version-history":[{"count":0,"href":"https:\/\/www.europesays.com\/fr\/wp-json\/wp\/v2\/posts\/122414\/revisions"}],"wp:featuredmedia":[{"embeddable":true,"href":"https:\/\/www.europesays.com\/fr\/wp-json\/wp\/v2\/media\/122415"}],"wp:attachment":[{"href":"https:\/\/www.europesays.com\/fr\/wp-json\/wp\/v2\/media?parent=122414"}],"wp:term":[{"taxonomy":"category","embeddable":true,"href":"https:\/\/www.europesays.com\/fr\/wp-json\/wp\/v2\/categories?post=122414"},{"taxonomy":"post_tag","embeddable":true,"href":"https:\/\/www.europesays.com\/fr\/wp-json\/wp\/v2\/tags?post=122414"}],"curies":[{"name":"wp","href":"https:\/\/api.w.org\/{rel}","templated":true}]}}