{"id":122416,"date":"2025-05-23T16:40:20","date_gmt":"2025-05-23T16:40:20","guid":{"rendered":"https:\/\/www.europesays.com\/fr\/122416\/"},"modified":"2025-05-23T16:40:20","modified_gmt":"2025-05-23T16:40:20","slug":"cyril-hanouna-critique-les-plaintes-de-michel-cimes-contre-lui-pour-injures-et-diffamation","status":"publish","type":"post","link":"https:\/\/www.europesays.com\/fr\/122416\/","title":{"rendered":"Cyril Hanouna critique les plaintes de Michel Cimes contre lui pour \u00ab injures \u00bb et \u00ab diffamation \u00bb"},"content":{"rendered":"<p><strong>M\u00caME PAS MAL &#8211; L\u2019ancien pr\u00e9sentateur du \u00ab Magazine de la sant\u00e9 \u00bb a d\u00e9pos\u00e9 deux plaintes contre l\u2019animateur pour d\u2019anciens propos \u00e0 son \u00e9gard<\/strong><\/p>\n<p>La r\u00e9ponse de Cyril Hanouna \u00e0 l\u2019annonce des plaintes de Michel Cymes contre lui ne s\u2019est pas fait attendre. Le Parisien a confirm\u00e9 cette semaine que l\u2019ancien animateur de Touche pas \u00e0 mon poste ! (TPMP) faisait l\u2019objet depuis le 16 mai de <a href=\"https:\/\/www.20minutes.fr\/arts-stars\/people\/4154985-20250522-michel-cymes-depose-deux-plaintes-contre-cyril-hanouna-dont-incluant-jean-michel-maire?at_medium=RSS%20feed&amp;at_campaign=ynews&amp;utm_source=yahoo&amp;utm_medium=rss&amp;utm_campaign=news_feed&amp;utm_content=in_article_link\" rel=\"nofollow noopener\" target=\"_blank\" data-ylk=\"slk:deux plaintes;elm:context_link;itc:0;sec:content-canvas\" class=\"link \">deux plaintes<\/a> pour \u00ab injures \u00bb et \u00ab diffamation \u00bb apr\u00e8s avoir trait\u00e9 Michel Cymes d\u2019\u00ab abruti \u00bb et remis en question ses qualifications m\u00e9dicales dans TPMP et son \u00e9mission d\u2019Europe 1, On marche sur la t\u00eate, en f\u00e9vrier dernier.<\/p>\n<p>Ses propos donnaient suite aux critiques de l\u2019ancien animateur du Magazine de la sant\u00e9 sur Cyril Hanouna en r\u00e9ponse au retrait de la cha\u00eene C8, qui diffusait TPMP, de la TNT. \u00ab Je ne vais pas m\u2019apitoyer sur le sort d\u2019un type qui m\u2019a insult\u00e9 pendant des ann\u00e9es dans son \u00e9mission \u00bb, avait lanc\u00e9 <a href=\"https:\/\/www.20minutes.fr\/arts-stars\/television\/4141149-20250228-michel-cymes-va-porter-plainte-contre-cyril-hanouna-injures?at_medium=RSS%20feed&amp;at_campaign=ynews&amp;utm_source=yahoo&amp;utm_medium=rss&amp;utm_campaign=news_feed&amp;utm_content=in_article_link\" rel=\"nofollow noopener\" target=\"_blank\" data-ylk=\"slk:Michel Cymes;elm:context_link;itc:0;sec:content-canvas\" class=\"link \">Michel Cymes<\/a> dans C m\u00e9diatique. Plus tard, le m\u00e9decin s\u2019est engag\u00e9 \u00e0 porter plainte contre son coll\u00e8gue de la t\u00e9l\u00e9vision. Une action qu\u2019il a fini par concr\u00e9tiser ce mois-ci.<\/p>\n<p>\u00ab Qu\u2019il retravaille un peu \u00bb<\/p>\n<p>Mais du c\u00f4t\u00e9 du principal int\u00e9ress\u00e9, cette action en justice n\u2019est rien d\u2019autre qu\u2019une perte de temps. \u00ab Est-ce que vous croyez vraiment que la police et les juges n\u2019ont que \u00e7a \u00e0 faire, de s\u2019occuper d\u2019histoires qui n\u2019iront pas bien loin ? \u00bb, a r\u00e9torqu\u00e9 Cyril Hanouna dans On marche sur la t\u00eate au lendemain de l\u2019annonce du Parisien. \u00ab J\u2019ai dit qu\u2019il n\u2019\u00e9tait pas la chips la plus croustillante du paquet. Il a appel\u00e9 Vico, il a appel\u00e9 Lay\u2019s \u00bb, a-t-il ajout\u00e9, tournant \u00e0 nouveau le m\u00e9decin en d\u00e9rision et critiquant sa \u00ab d\u00e9connexion \u00bb. \u00ab Qu\u2019(&#8230;)<\/p>\n<p><a href=\"https:\/\/www.20minutes.fr\/arts-stars\/people\/4155083-20250523-cyril-hanouna-critique-plaintes-michel-cimes-contre-injures-diffamation?at_medium=RSS%20feed&amp;at_campaign=ynews&amp;utm_source=yahoo&amp;utm_medium=rss&amp;utm_campaign=news_feed&amp;utm_content=read_more_link\" rel=\"nofollow noopener\" target=\"_blank\" data-ylk=\"slk:Lire la suite sur 20minutes;elm:context_link;itc:0;sec:content-canvas\" class=\"link \">Lire la suite sur 20minutes<\/a><\/p>\n<p>\u00c0 lire aussi :<br \/><a href=\"https:\/\/www.20minutes.fr\/arts-stars\/television\/4141149-20250228-michel-cymes-va-porter-plainte-contre-cyril-hanouna-injures?at_medium=RSS%20feed&amp;at_campaign=ynews&amp;utm_source=yahoo&amp;utm_medium=rss&amp;utm_campaign=news_feed&amp;utm_content=related_content_link\" rel=\"nofollow noopener\" target=\"_blank\" data-ylk=\"slk:Michel Cymes va porter plainte contre Cyril Hanouna pour injures;elm:context_link;itc:0;sec:content-canvas\" class=\"link \">Michel Cymes va porter plainte contre Cyril Hanouna pour injures<\/a><\/p>\n","protected":false},"excerpt":{"rendered":"M\u00caME PAS MAL &#8211; L\u2019ancien pr\u00e9sentateur du \u00ab Magazine de la sant\u00e9 \u00bb a d\u00e9pos\u00e9 deux plaintes contre&hellip;\n","protected":false},"author":2,"featured_media":122417,"comment_status":"","ping_status":"","sticky":false,"template":"","format":"standard","meta":{"footnotes":""},"categories":[1356],"tags":[1083,58,59,1011,27,3360,5553,11712,19267,252,1364],"class_list":{"0":"post-122416","1":"post","2":"type-post","3":"status-publish","4":"format-standard","5":"has-post-thumbnail","7":"category-television","8":"tag-cyril-hanouna","9":"tag-divertissement","10":"tag-entertainment","11":"tag-fr","12":"tag-france","13":"tag-la-sante","14":"tag-le-parisien","15":"tag-michel-cymes","16":"tag-plaintes","17":"tag-television","18":"tag-tv"},"share_on_mastodon":{"url":"https:\/\/pubeurope.com\/@fr\/114558142183569953","error":""},"_links":{"self":[{"href":"https:\/\/www.europesays.com\/fr\/wp-json\/wp\/v2\/posts\/122416","targetHints":{"allow":["GET"]}}],"collection":[{"href":"https:\/\/www.europesays.com\/fr\/wp-json\/wp\/v2\/posts"}],"about":[{"href":"https:\/\/www.europesays.com\/fr\/wp-json\/wp\/v2\/types\/post"}],"author":[{"embeddable":true,"href":"https:\/\/www.europesays.com\/fr\/wp-json\/wp\/v2\/users\/2"}],"replies":[{"embeddable":true,"href":"https:\/\/www.europesays.com\/fr\/wp-json\/wp\/v2\/comments?post=122416"}],"version-history":[{"count":0,"href":"https:\/\/www.europesays.com\/fr\/wp-json\/wp\/v2\/posts\/122416\/revisions"}],"wp:featuredmedia":[{"embeddable":true,"href":"https:\/\/www.europesays.com\/fr\/wp-json\/wp\/v2\/media\/122417"}],"wp:attachment":[{"href":"https:\/\/www.europesays.com\/fr\/wp-json\/wp\/v2\/media?parent=122416"}],"wp:term":[{"taxonomy":"category","embeddable":true,"href":"https:\/\/www.europesays.com\/fr\/wp-json\/wp\/v2\/categories?post=122416"},{"taxonomy":"post_tag","embeddable":true,"href":"https:\/\/www.europesays.com\/fr\/wp-json\/wp\/v2\/tags?post=122416"}],"curies":[{"name":"wp","href":"https:\/\/api.w.org\/{rel}","templated":true}]}}