{"id":122422,"date":"2025-05-23T16:43:13","date_gmt":"2025-05-23T16:43:13","guid":{"rendered":"https:\/\/www.europesays.com\/fr\/122422\/"},"modified":"2025-05-23T16:43:13","modified_gmt":"2025-05-23T16:43:13","slug":"vers-la-fin-du-traitement-a-vie","status":"publish","type":"post","link":"https:\/\/www.europesays.com\/fr\/122422\/","title":{"rendered":"vers la fin du traitement \u00e0 vie ?"},"content":{"rendered":"<p>             <a href=\"https:\/\/ma-sante.news\/wp-content\/uploads\/2025\/05\/nouveau-traitement-VIH-solution-belge-neutraliser-maladie-Ma-Sante.jpg\" data-caption=\"En France, Sant\u00e9 Publique France estime \u00e0 environ 200 000 le nombre de personnes vivant avec le VIH, avec 5 000 nouvelles contaminations par an. \u00a9 Freepik\" rel=\"nofollow noopener\" target=\"_blank\"><img loading=\"lazy\" decoding=\"async\" width=\"696\" height=\"464\" class=\"entry-thumb td-modal-image\" src=\"data:image\/svg+xml,%3Csvg%20xmlns=\" http:=\"\" data-lazy- data-lazy- alt=\"Les deux chercheurs belges qui ont potentiellement trouv\u00e9 le nouveau traitement du VIH.\" title=\"nouveau traitement VIH solution belge neutraliser maladie Ma Sante\u0301\" data-lazy-src=\"https:\/\/www.europesays.com\/fr\/wp-content\/uploads\/2025\/05\/nouveau-traitement-VIH-solution-belge-neutraliser-maladie-Ma-Sante-696x464.jpg\"\/><\/a>En France, Sant\u00e9 Publique France estime \u00e0 environ 200 000 le nombre de personnes vivant avec le VIH, avec 5 000 nouvelles contaminations par an. \u00a9 Freepik                                    \t\t\t             <a class=\"gofollow\" data-track=\"MjgsMCwxLDYw\" href=\"https:\/\/ma-sante.news\/inscrivez-vous-a-notre-newsletter\/\" rel=\"nofollow noopener\" target=\"_blank\"><img loading=\"lazy\" decoding=\"async\" width=\"1068\" height=\"131\" src=\"data:image\/svg+xml,%3Csvg%20xmlns=\" http:=\"\" data-lazy-src=\"https:\/\/www.europesays.com\/fr\/wp-content\/uploads\/2025\/03\/banniere-newsletter.png\"\/><\/a> <\/p>\n<p>L\u2019annonce a \u00e9t\u00e9 faite le 21 mai 2025 dans la revue Nature Communications : des scientifiques de la prestigieuse universit\u00e9 KU Leuven (Universit\u00e9 catholique de Louvain) ont d\u00e9velopp\u00e9 une double strat\u00e9gie pour endormir <a href=\"https:\/\/ma-sante.news\/depistage-vih-etes-vous-seropositif-sans-le-savoir\/\" rel=\"nofollow noopener\" target=\"_blank\">le virus de l\u2019immunod\u00e9ficience humaine (VIH, le virus du SIDA)<\/a> de mani\u00e8re prolong\u00e9e. Une d\u00e9couverte salu\u00e9e par la communaut\u00e9 scientifique internationale, tant elle pourrait modifier en profondeur la vie des patients.<\/p>\n<p>Aujourd\u2019hui,<a href=\"https:\/\/ma-sante.news\/sidaction-25-000-personnes-vivent-avec-le-vih-sans-le-savoir\/\" rel=\"nofollow noopener\" target=\"_blank\"> les personnes vivant avec le VIH doivent suivre un traitement antir\u00e9troviral \u00e0 vie<\/a>. Ces m\u00e9dicaments ne gu\u00e9rissent pas l\u2019infection, mais permettent de contr\u00f4ler la charge virale pour emp\u00eacher <a href=\"https:\/\/ma-sante.news\/sida-le-vih-est-toujours-une-menace\/\" rel=\"nofollow noopener\" target=\"_blank\">la progression vers le sida<\/a>. Le virus reste cependant pr\u00e9sent dans l\u2019organisme, \u00e0 l\u2019\u00e9tat latent, pr\u00eat \u00e0 se r\u00e9activer si le traitement est interrompu.<\/p>\n<p>Le d\u00e9fi, depuis plusieurs ann\u00e9es, est donc de trouver une m\u00e9thode permettant non pas seulement de contr\u00f4ler, mais de neutraliser le VIH de mani\u00e8re stable. Et c\u2019est pr\u00e9cis\u00e9ment ce que semblent avoir accompli les chercheurs belges.<\/p>\n<p>        Une strat\u00e9gie en deux temps pour d\u00e9sarmer le virus    <strong>D\u00e9sorienter le virus : une attaque contre son \u201cGPS\u201d<\/strong>    <\/p>\n<p>Leur m\u00e9thode repose sur une approche en deux volets, aussi novatrice que prometteuse. D\u2019abord, le VIH a une capacit\u00e9 redoutable \u00e0 ins\u00e9rer son mat\u00e9riel g\u00e9n\u00e9tique dans les zones les plus actives de notre ADN, celles qui favorisent sa r\u00e9plication.\u00a0<\/p>\n<p>L\u2019\u00e9quipe de la KU Leuven a r\u00e9ussi \u00e0 inhiber ce m\u00e9canisme d\u2019orientation, privant le virus de son \u201csyst\u00e8me GPS mol\u00e9culaire\u201d. R\u00e9sultat : il s\u2019int\u00e8gre dans des r\u00e9gions moins propices \u00e0 sa r\u00e9activation, rendant son \u00e9veil beaucoup plus difficile.<\/p>\n<p>        <strong>Identifier et neutraliser les cellules infect\u00e9es : le \u201ccode-barres\u201d g\u00e9n\u00e9tique<\/strong>    <\/p>\n<p>En parall\u00e8le, les chercheurs ont con\u00e7u un syst\u00e8me de marquage mol\u00e9culaire, une sorte de \u201ccode-barres\u201d qui permet de localiser pr\u00e9cis\u00e9ment les cellules infect\u00e9es. Une fois rep\u00e9r\u00e9es, ces cellules peuvent \u00eatre neutralis\u00e9es ou d\u00e9sactiv\u00e9es, pla\u00e7ant le virus dans un \u00e9tat de sommeil profond sans possibilit\u00e9 de reprise d\u2019activit\u00e9.<\/p>\n<p>Selon le Pr Zeger Debyser, directeur de l\u2019\u00e9quipe, cette combinaison pourrait \u201coffrir une v\u00e9ritable alternative aux traitements chroniques actuels, en visant une r\u00e9mission prolong\u00e9e, voire potentiellement une gu\u00e9rison fonctionnelle\u201d.<\/p>\n<p>        Quels b\u00e9n\u00e9fices pour les patients ?    <\/p>\n<p>Si cette approche s\u2019av\u00e8re concluante chez l\u2019humain, les b\u00e9n\u00e9fices seraient immenses :<\/p>\n<p>            O\u00f9 en sont les recherches ?    <\/p>\n<p>La premi\u00e8re \u00e9tape de cette m\u00e9thode, visant \u00e0 d\u00e9sorienter le virus, est d\u00e9j\u00e0 entr\u00e9e en phase d\u2019essai clinique. Des tests sont en cours pour v\u00e9rifier la s\u00e9curit\u00e9 et l\u2019efficacit\u00e9 de cette approche chez l\u2019humain. La seconde phase, qui implique le ciblage pr\u00e9cis des cellules infect\u00e9es, est encore en pr\u00e9paration.<\/p>\n<p>Les chercheurs se montrent prudents mais confiants. \u201cNous devons encore franchir plusieurs \u00e9tapes, notamment valider ces r\u00e9sultats \u00e0 grande \u00e9chelle. Mais c\u2019est la premi\u00e8re fois que nous parvenons \u00e0 combiner ces deux strat\u00e9gies avec un tel succ\u00e8s en laboratoire\u201d, indique le Pr Debyser.<\/p>\n<blockquote class=\"wp-block-quote is-layout-flow wp-block-quote-is-layout-flow\">\n<p><strong>\u00c0 SAVOIR<\/strong><\/p>\n<p>Chaque ann\u00e9e, selon l\u2019Organisation mondiale de la sant\u00e9 (OMS), environ 1,3 million de personnes sont contamin\u00e9es par le VIH. En 2022, pr\u00e8s de 630 000 d\u00e9c\u00e8s li\u00e9s au sida ont \u00e9t\u00e9 enregistr\u00e9s dans le monde.\u00a0<\/p>\n<\/blockquote>\n<p>  <a class=\"gofollow\" data-track=\"MTIsMCwxLDYw\" href=\"https:\/\/ma-sante.news\/annonceurs\/\" rel=\"nofollow noopener\" target=\"_blank\"><img loading=\"lazy\" decoding=\"async\" width=\"2560\" height=\"2133\" src=\"data:image\/svg+xml,%3Csvg%20xmlns=\" http:=\"\" data-lazy-src=\"https:\/\/www.europesays.com\/fr\/wp-content\/uploads\/2025\/03\/pub-annonceurs-4-scaled.jpg\"\/><\/a>    <img loading=\"lazy\" decoding=\"async\" width=\"755\" height=\"495\" src=\"data:image\/svg+xml,%3Csvg%20xmlns=\" http:=\"\" data-lazy-src=\"https:\/\/www.europesays.com\/fr\/wp-content\/uploads\/2025\/03\/Image1.jpg\"\/>Inscrivez-vous \u00e0 notre newsletter <br \/>Ma Sant\u00e9                      <\/p>\n","protected":false},"excerpt":{"rendered":"En France, Sant\u00e9 Publique France estime \u00e0 environ 200 000 le nombre de personnes vivant avec le VIH,&hellip;\n","protected":false},"author":2,"featured_media":122423,"comment_status":"","ping_status":"","sticky":false,"template":"","format":"standard","meta":{"footnotes":""},"categories":[10],"tags":[1011,27,72,71,20167,10705],"class_list":{"0":"post-122422","1":"post","2":"type-post","3":"status-publish","4":"format-standard","5":"has-post-thumbnail","7":"category-sante","8":"tag-fr","9":"tag-france","10":"tag-health","11":"tag-sante","12":"tag-sida","13":"tag-vih"},"share_on_mastodon":{"url":"https:\/\/pubeurope.com\/@fr\/114558153879555029","error":""},"_links":{"self":[{"href":"https:\/\/www.europesays.com\/fr\/wp-json\/wp\/v2\/posts\/122422","targetHints":{"allow":["GET"]}}],"collection":[{"href":"https:\/\/www.europesays.com\/fr\/wp-json\/wp\/v2\/posts"}],"about":[{"href":"https:\/\/www.europesays.com\/fr\/wp-json\/wp\/v2\/types\/post"}],"author":[{"embeddable":true,"href":"https:\/\/www.europesays.com\/fr\/wp-json\/wp\/v2\/users\/2"}],"replies":[{"embeddable":true,"href":"https:\/\/www.europesays.com\/fr\/wp-json\/wp\/v2\/comments?post=122422"}],"version-history":[{"count":0,"href":"https:\/\/www.europesays.com\/fr\/wp-json\/wp\/v2\/posts\/122422\/revisions"}],"wp:featuredmedia":[{"embeddable":true,"href":"https:\/\/www.europesays.com\/fr\/wp-json\/wp\/v2\/media\/122423"}],"wp:attachment":[{"href":"https:\/\/www.europesays.com\/fr\/wp-json\/wp\/v2\/media?parent=122422"}],"wp:term":[{"taxonomy":"category","embeddable":true,"href":"https:\/\/www.europesays.com\/fr\/wp-json\/wp\/v2\/categories?post=122422"},{"taxonomy":"post_tag","embeddable":true,"href":"https:\/\/www.europesays.com\/fr\/wp-json\/wp\/v2\/tags?post=122422"}],"curies":[{"name":"wp","href":"https:\/\/api.w.org\/{rel}","templated":true}]}}