{"id":122431,"date":"2025-05-23T16:48:09","date_gmt":"2025-05-23T16:48:09","guid":{"rendered":"https:\/\/www.europesays.com\/fr\/122431\/"},"modified":"2025-05-23T16:48:09","modified_gmt":"2025-05-23T16:48:09","slug":"gaza-au-moins-six-palestiniens-protegeant-des-camions-humanitaires-tues-par-des-frappes-israeliennes-selon-le-hamas-23-05-2025-a-1640","status":"publish","type":"post","link":"https:\/\/www.europesays.com\/fr\/122431\/","title":{"rendered":"Gaza: Au moins six Palestiniens prot\u00e9geant des camions humanitaires tu\u00e9s par des frappes isra\u00e9liennes, selon le Hamas &#8211; 23\/05\/2025 \u00e0 16:40"},"content":{"rendered":"<p>        <img fetchpriority=\"high\" decoding=\"async\" src=\"https:\/\/www.europesays.com\/fr\/wp-content\/uploads\/2025\/05\/61f6d0f138f62b60380fb6bf4abe21c1-760x507.jpg\" alt=\"Un camion transportant de l'aide au passage de Kerem Shalom entre Isra\u00ebl et Gaza\" loading=\"eager\" width=\"760\" height=\"507\" style=\"max-width: 100%!important; height: auto;\"\/><\/p>\n<p class=\"c-image-news__legend\">Un camion transportant de l&rsquo;aide au passage de Kerem Shalom entre Isra\u00ebl et Gaza<\/p>\n<p>\n par Nidal al-Mughrabi et James Mackenzie\n<\/p>\n<p>\n Des frappes a\u00e9riennes isra\u00e9liennes ont tu\u00e9 au moins six Palestiniens qui prot\u00e9geaient les camions d&rsquo;aide humanitaire contre les pillards dans la bande de Gaza, ont d\u00e9clar\u00e9 des responsables du Hamas vendredi, alors que quelques centaines de camions sont entr\u00e9s dans l&rsquo;enclave cette semaine, apr\u00e8s 11 semaines de blocus isra\u00e9lien.\n<\/p>\n<p>\n Selon l&rsquo;arm\u00e9e isra\u00e9lienne, 107 camions transportant de la farine et d&rsquo;autres denr\u00e9es alimentaires ainsi que des fournitures m\u00e9dicales sont entr\u00e9s dans la bande de Gaza jeudi.\n<\/p>\n<p>\n Depuis l&rsquo;all\u00e8gement du blocus lundi, Isra\u00ebl a affirm\u00e9 avoir autoris\u00e9 environ 300 camions \u00e0 franchir la fronti\u00e8re pour acheminer l&rsquo;aide humanitaire aux Gazaouis.\n<\/p>\n<p>\n Un r\u00e9seau de groupes palestiniens d&rsquo;aide a d\u00e9clar\u00e9 que 119 camions d&rsquo;aide sont entr\u00e9s dans la bande de Gaza depuis lundi, soulignant qu&rsquo;un grand nombre de camions ont \u00e9t\u00e9 bloqu\u00e9s au point de passage de Kerem Shalom et n&rsquo;ont pas encore atteint les personnes dans le besoin.\n<\/p>\n<p>\n L&rsquo;acheminement des fournitures et ressources aux habitants affam\u00e9s de Gaza et rescap\u00e9 sous des tentes et autres logements de fortune s&rsquo;av\u00e8re al\u00e9atoire, la distribution \u00e9tant \u00e9galement entrav\u00e9e par des pillages.\n<\/p>\n<p>\n Selon le r\u00e9seau humanitaire, des groupes d&rsquo;hommes, dont certains sont arm\u00e9s, ont particip\u00e9 aux vols pr\u00e8s de la ville de Khan Youn\u00e8s, dans le sud de la bande de Gaza.\n<\/p>\n<p>\n \u00ab\u00a0Ils ont vol\u00e9 la nourriture destin\u00e9e aux enfants et aux familles souffrant d&rsquo;une grave famine\u00a0\u00bb, a d\u00e9clar\u00e9 le r\u00e9seau dans un communiqu\u00e9, qui condamne \u00e9galement les frappes a\u00e9riennes isra\u00e9liennes contre les \u00e9quipes de s\u00e9curit\u00e9 qui prot\u00e9geaient les camions.\n<\/p>\n<p>\n Un responsable du Hamas a d\u00e9clar\u00e9 que six membres d&rsquo;une \u00e9quipe de s\u00e9curit\u00e9 charg\u00e9e de surveiller les cargaisons avaient \u00e9t\u00e9 tu\u00e9s.\n<\/p>\n<p>\n L&rsquo;arm\u00e9e isra\u00e9lienne n&rsquo;a pas fait de commentaire dans l&rsquo;imm\u00e9diat.\n<\/p>\n<p>\n D&rsquo;apr\u00e8s l&rsquo;Onu, 15 camions transportant de la farine vers des boulangeries soutenues par son Programme alimentaire mondial ont \u00e9t\u00e9 pill\u00e9s.\n<\/p>\n<p>\n \u00ab\u00a0La faim, le d\u00e9sespoir et l&rsquo;anxi\u00e9t\u00e9 quant \u00e0 l&rsquo;arriv\u00e9e d&rsquo;une aide alimentaire suppl\u00e9mentaire contribuent \u00e0 l&rsquo;ins\u00e9curit\u00e9 croissante\u00a0\u00bb, a d\u00e9clar\u00e9 le Programme alimentaire mondial des Nations unies dans un communiqu\u00e9, appelant Isra\u00ebl \u00e0 faire parvenir des volumes de nourriture bien plus importants et plus rapidement \u00e0 Gaza.\n<\/p>\n<p>\n \u00ab\u00a0Deux millions de personnes sont confront\u00e9es \u00e0 une faim extr\u00eame et \u00e0 la famine sans action imm\u00e9diate\u00a0\u00bb, a-t-il ajout\u00e9.\n<\/p>\n<p>\n Parall\u00e8lement, Isra\u00ebl continue de bombarder la bande de Gaza et a d\u00e9clar\u00e9 avoir men\u00e9 de nouvelles frappes sur l&rsquo;enclave palestinienne au cours de la nuit, touchant 75 cibles, dont des installations de stockage d&rsquo;armes et des lance-roquettes.\n<\/p>\n<p>\n Les services m\u00e9dicaux palestiniens ont d\u00e9clar\u00e9 qu&rsquo;au moins 25 personnes avaient \u00e9t\u00e9 tu\u00e9es dans ces frappes.\n<\/p>\n<p>\n (R\u00e9dig\u00e9 par James Mackenzie ; version fran\u00e7aise Etienne Breban ; \u00e9dit\u00e9 par Blandine H\u00e9nault)<\/p>\n","protected":false},"excerpt":{"rendered":"Un camion transportant de l&rsquo;aide au passage de Kerem Shalom entre Isra\u00ebl et Gaza par Nidal al-Mughrabi et&hellip;\n","protected":false},"author":2,"featured_media":122432,"comment_status":"","ping_status":"","sticky":false,"template":"","format":"standard","meta":{"footnotes":""},"categories":[5],"tags":[400,11,398,408,405,1011,27,403,14,402,399,404,12,401,406,407,28],"class_list":{"0":"post-122431","1":"post","2":"type-post","3":"status-publish","4":"format-standard","5":"has-post-thumbnail","7":"category-international","8":"tag-action-cac-40","9":"tag-actualites","10":"tag-bourse-de-paris","11":"tag-boursorama","12":"tag-cotations","13":"tag-fr","14":"tag-france","15":"tag-indices-devises","16":"tag-international","17":"tag-investir","18":"tag-investissement","19":"tag-marche-boursier","20":"tag-news","21":"tag-sicav","22":"tag-trackers","23":"tag-warrants","24":"tag-world"},"share_on_mastodon":{"url":"https:\/\/pubeurope.com\/@fr\/114558173498643125","error":""},"_links":{"self":[{"href":"https:\/\/www.europesays.com\/fr\/wp-json\/wp\/v2\/posts\/122431","targetHints":{"allow":["GET"]}}],"collection":[{"href":"https:\/\/www.europesays.com\/fr\/wp-json\/wp\/v2\/posts"}],"about":[{"href":"https:\/\/www.europesays.com\/fr\/wp-json\/wp\/v2\/types\/post"}],"author":[{"embeddable":true,"href":"https:\/\/www.europesays.com\/fr\/wp-json\/wp\/v2\/users\/2"}],"replies":[{"embeddable":true,"href":"https:\/\/www.europesays.com\/fr\/wp-json\/wp\/v2\/comments?post=122431"}],"version-history":[{"count":0,"href":"https:\/\/www.europesays.com\/fr\/wp-json\/wp\/v2\/posts\/122431\/revisions"}],"wp:featuredmedia":[{"embeddable":true,"href":"https:\/\/www.europesays.com\/fr\/wp-json\/wp\/v2\/media\/122432"}],"wp:attachment":[{"href":"https:\/\/www.europesays.com\/fr\/wp-json\/wp\/v2\/media?parent=122431"}],"wp:term":[{"taxonomy":"category","embeddable":true,"href":"https:\/\/www.europesays.com\/fr\/wp-json\/wp\/v2\/categories?post=122431"},{"taxonomy":"post_tag","embeddable":true,"href":"https:\/\/www.europesays.com\/fr\/wp-json\/wp\/v2\/tags?post=122431"}],"curies":[{"name":"wp","href":"https:\/\/api.w.org\/{rel}","templated":true}]}}