{"id":122435,"date":"2025-05-23T16:50:09","date_gmt":"2025-05-23T16:50:09","guid":{"rendered":"https:\/\/www.europesays.com\/fr\/122435\/"},"modified":"2025-05-23T16:50:09","modified_gmt":"2025-05-23T16:50:09","slug":"le-photographe-franco-bresilien-sebastiao-salgado-est-mort-a-81-ans","status":"publish","type":"post","link":"https:\/\/www.europesays.com\/fr\/122435\/","title":{"rendered":"Le photographe franco-br\u00e9silien Sebasti\u00e3o Salgado est mort \u00e0 81 ans"},"content":{"rendered":"<p>Le photographe, qui a collabor\u00e9 avec les agences Sygma, Gamma et Magnum, t\u00e9moignait de la n\u00e9cessit\u00e9 de vivre au quotidien dans des pays aussi divers qu\u2019\u00e9loign\u00e9s.<\/p>\n<p class=\"fig-paragraph\">Le photographe franco-br\u00e9silien\u00a0<a href=\"http:\/\/www.lefigaro.fr\/culture\/les-grands-maitres-de-la-photographie-1-7-sebastiao-salgado-20210716\" target=\"_blank\" data-fig-type=\"Article\" rel=\"noopener\" data-gtm-custom-categorie=\"navigation\" data-gtm-custom-action=\"crossclick\" data-gtm-custom-label=\"Contextuel\" data-gtm-event=\"customEventSPE\" data-fig-domain=\"LEFIGARO\">Sebasti\u00e3o Salgado<\/a>\u00a0est mort \u00e0 81 ans, a annonc\u00e9 vendredi apr\u00e8s-midi l\u2019Acad\u00e9mie des Beaux-Arts fran\u00e7aise, dont il \u00e9tait membre depuis 2016, \u00ab\u00a0grand t\u00e9moin de la condition humaine et de l\u2019\u00e9tat de la plan\u00e8te\u00a0\u00bb.<\/p>\n<p class=\"fig-paragraph\">\u00ab\u00a0\u00c0 travers l\u2019objectif de son appareil, Sebasti\u00e3o s\u2019est battu sans rel\u00e2che pour un monde plus juste, plus humain et plus \u00e9cologique, \u00e9crit pour sa part sa famille, dans un communiqu\u00e9 distinct. Photographe parcourant le monde sans arr\u00eat, il a contract\u00e9 une forme particuli\u00e8re de malaria en 2010, en Indon\u00e9sie, dans le cadre de son projet Genesis. Quinze ans plus tard, les complications de cette maladie se sont transform\u00e9es en une leuc\u00e9mie s\u00e9v\u00e8re, qui a eu raison de lui.\u00a0\u00bb \u00ab\u00a0Outre son \u00e9pouse L\u00e9lia, Sebasti\u00e3o laisse ses fils Juliano et Rodrigo, ainsi que ses petits-enfants Fl\u00e1vio et Nara\u00a0\u00bb, pr\u00e9cisent encore ses proches.<\/p>\n<p class=\"fig-paragraph\">Sebasti\u00e3o Salgado, n\u00e9 le 8 f\u00e9vrier 1944 dans le Minas Gerais, au<a href=\"http:\/\/www.lefigaro.fr\/sports\/football\/foot-de-retour-neymar-rejoue-avec-santos-avant-l-annonce-de-la-liste-d-ancelotti-20250523\" target=\"_blank\" data-fig-type=\"NewsFlash\" rel=\"noopener\" data-gtm-custom-categorie=\"navigation\" data-gtm-custom-action=\"crossclick\" data-gtm-custom-label=\"Contextuel\" data-gtm-event=\"customEventSPE\" data-fig-domain=\"LEFIGARO\">\u00a0Br\u00e9sil<\/a>, install\u00e9 \u00e0 Paris jusqu\u2019\u00e0 ses derniers jours, a toujours \u00e9t\u00e9 attach\u00e9 au droit \u00e0 la vie, \u00e0 l\u2019asile, \u00e0 la libert\u00e9 de pens\u00e9e et de religion. Des th\u00e8mes et des valeurs qu\u2019il a illustr\u00e9s dans son travail quotidien \u00e0 travers le monde.<\/p>\n<p>Un observateur des peuples et des paysages<\/p>\n<p class=\"fig-body-link\">\n            \u00c0 lire aussi<br \/>\n        <a class=\"fig-body-link__link\" href=\"http:\/\/www.lefigaro.fr\/lefigaromagazine\/un-chasseur-de-lumieres-dans-un-monde-de-tenebres-sebastiao-salgado-commente-ses-images-iconiques-20250309\" data-fig-type=\"Article\" data-gtm-custom-categorie=\"navigation\" data-gtm-custom-action=\"crossclick\" data-gtm-custom-label=\"Contextuel\" data-gtm-event=\"customEventSPE\" data-fig-domain=\"LEFIGARO\" target=\"_blank\" rel=\"noopener\">\u00ab\u00a0Un chasseur de lumi\u00e8res dans un monde de t\u00e9n\u00e8bres\u00a0\u00bb: Sebasti\u00e3o Salgado commente ses images iconiques<br \/>\n    <\/a>\n<\/p>\n<p class=\"fig-paragraph\">Le photographe, qui a collabor\u00e9 avec les agences Sygma, Gamma et Magnum, t\u00e9moigne de la n\u00e9cessit\u00e9 de vivre au quotidien dans des pays aussi divers qu\u2019\u00e9loign\u00e9s. Kenya, Mexique, Mozambique, Philippines, Rwanda, Somalie, Soudan ou Tanzanie, Salgado observe les peuples mais aussi les paysages qu\u2019il rend malgr\u00e9 tout majestueux, avec ses tirages en noir et blanc.<\/p>\n<p class=\"fig-paragraph\">\u00c0 ses c\u00f4t\u00e9s, et non derri\u00e8re lui, comme il aimait \u00e0 le dire, se tenait depuis Soixante ans son ins\u00e9parable compagne L\u00e9lia Wanick Salgado, sans qui la carri\u00e8re du photographe n\u2019aura pas \u00e9t\u00e9 la m\u00eame. \u00ab\u00a0Elle a toujours veill\u00e9 \u00e0 tout, aux tirages, eux expositions, aux \u00e9ditions\u00a0\u00bb, raconte Cyril Drouhet, directeur photo du Figaro Magazine.<\/p>\n<p class=\"fig-paragraph\">Salgado \u00e9tait attendu samedi \u00e0 Reims avec toute sa famille et notamment son fils Rodrigo, peintre dont les toiles vont inspirer une s\u00e9rie de vitraux. \u00ab\u00a0Un lien tr\u00e8s fort lie Sebasti\u00e3o Salgado et Rodrigo, relate Cyril Drouhet. Il se faisait une joie d\u2019aller \u00e0 Reims, expliquant qu\u2019apr\u00e8s sa mort, dans cinquante ans, il ne restera plus rien de son \u0153uvre, \u201calors que Rodrigo, \u00e0 travers ses vitraux, sera l\u00e0 pour l\u2019\u00e9ternit\u00e9\u201d.\u00a0\u00bb<\/p>\n<p class=\"fig-slideshow__title\">\n                    D\u00e9c\u00e8s du photographe Sebasti\u00e3o Salgado\u00a0: douze clich\u00e9s de sa grand s\u00e9rie G\u00e9n\u00e9sis\n                <\/p>\n<p>Acc\u00e9der au diaporama (12)<\/p>\n<p class=\"fig-paragraph\">Plus d\u2019informations \u00e0 venir&#8230;<\/p>\n","protected":false},"excerpt":{"rendered":"Le photographe, qui a collabor\u00e9 avec les agences Sygma, Gamma et Magnum, t\u00e9moignait de la n\u00e9cessit\u00e9 de vivre&hellip;\n","protected":false},"author":2,"featured_media":122436,"comment_status":"","ping_status":"","sticky":false,"template":"","format":"standard","meta":{"footnotes":""},"categories":[2],"tags":[47,11,1350,1348,1345,650,251,1349,1346,1011,27,1351,18,873,12,20528,252,1347,1352],"class_list":{"0":"post-122435","1":"post","2":"type-post","3":"status-publish","4":"format-standard","5":"has-post-thumbnail","7":"category-actualites","8":"tag-actualite","9":"tag-actualites","10":"tag-architecture","11":"tag-arts","12":"tag-cine","13":"tag-cinema","14":"tag-culture","15":"tag-expositions","16":"tag-films","17":"tag-fr","18":"tag-france","19":"tag-litterature","20":"tag-mort","21":"tag-musique","22":"tag-news","23":"tag-photographe","24":"tag-television","25":"tag-theatre","26":"tag-urbanisme"},"share_on_mastodon":{"url":"https:\/\/pubeurope.com\/@fr\/114558181243732755","error":""},"_links":{"self":[{"href":"https:\/\/www.europesays.com\/fr\/wp-json\/wp\/v2\/posts\/122435","targetHints":{"allow":["GET"]}}],"collection":[{"href":"https:\/\/www.europesays.com\/fr\/wp-json\/wp\/v2\/posts"}],"about":[{"href":"https:\/\/www.europesays.com\/fr\/wp-json\/wp\/v2\/types\/post"}],"author":[{"embeddable":true,"href":"https:\/\/www.europesays.com\/fr\/wp-json\/wp\/v2\/users\/2"}],"replies":[{"embeddable":true,"href":"https:\/\/www.europesays.com\/fr\/wp-json\/wp\/v2\/comments?post=122435"}],"version-history":[{"count":0,"href":"https:\/\/www.europesays.com\/fr\/wp-json\/wp\/v2\/posts\/122435\/revisions"}],"wp:featuredmedia":[{"embeddable":true,"href":"https:\/\/www.europesays.com\/fr\/wp-json\/wp\/v2\/media\/122436"}],"wp:attachment":[{"href":"https:\/\/www.europesays.com\/fr\/wp-json\/wp\/v2\/media?parent=122435"}],"wp:term":[{"taxonomy":"category","embeddable":true,"href":"https:\/\/www.europesays.com\/fr\/wp-json\/wp\/v2\/categories?post=122435"},{"taxonomy":"post_tag","embeddable":true,"href":"https:\/\/www.europesays.com\/fr\/wp-json\/wp\/v2\/tags?post=122435"}],"curies":[{"name":"wp","href":"https:\/\/api.w.org\/{rel}","templated":true}]}}