{"id":122439,"date":"2025-05-23T16:52:09","date_gmt":"2025-05-23T16:52:09","guid":{"rendered":"https:\/\/www.europesays.com\/fr\/122439\/"},"modified":"2025-05-23T16:52:09","modified_gmt":"2025-05-23T16:52:09","slug":"on-a-abandonne-nos-egos-pour-linteret-collectif","status":"publish","type":"post","link":"https:\/\/www.europesays.com\/fr\/122439\/","title":{"rendered":"\u00ab\u00a0On a abandonn\u00e9 nos \u00e9gos pour l\u2019int\u00e9r\u00eat collectif\u00a0\u00bb"},"content":{"rendered":"<p>Le landerneau st\u00e9phanois s\u2019agite pour les prochaines \u00e9lections municipales. Apr\u00e8s la gauche et ses atermoiements entre LFI-les verts et le Parti socialiste, le renoncement de Pierrick Courbon au profit de R\u00e9gis Juanico, voici les propositions de l\u2019autre c\u00f4t\u00e9 de l\u2019\u00e9chiquier.<\/p>\n<p>\u00ab\u00a0Saint-\u00c9tienne Ensemble 2026\u00a0\u00bb sort de l\u2019ombre. \u00ab\u00a0Apr\u00e8s de nombreuses discussions et un abandon des \u00e9gos\u00a0\u00bb, selon Dino Cinieri, sept partis politiques, (Les R\u00e9publicains, Renaissance, Horizon, le Modem, l\u2019UDI, le parti radical valoisien et le parti radical de gauche) annon\u00e7aient \u00ab\u00a0un arc R\u00e9publicain\u00a0\u00bb, voire pour les plus po\u00e9tiques, \u00ab\u00a0un arc-en-ciel r\u00e9publicain\u00a0\u00bb, d\u00e8s le premier tour des \u00e9lections municipales de Saint-\u00c9tienne.<\/p>\n<p>  Sept partis, des LR au PRG, pour pr\u00e9senter ne liste<\/p>\n<p>Les discussions se sont prolong\u00e9es jusqu\u2019au dernier moment.\u00a0Ce n\u2019est que jeudi 22\u00a0mai pour une conf\u00e9rence de presse pr\u00e9vue vendredi 23\u00a0mai qu\u2019un dernier mail est parvenu dans les r\u00e9dactions pour donner les deux derniers signataires de la charte commune, Alain Berth\u00e9as, (Parti radical) et \u00c9ric Le Jaouen (Horizon).<\/p>\n<p>Dino Cinieri, cheville ouvri\u00e8re de ce rassemblement insistait : \u00ab\u00a0Regardez bien, tout le monde a sign\u00e9 la charte. Elle nous engage toute la campagne et jusqu\u2019\u00e0 la fin du mandat si l\u2019on est \u00e9lu. Nous avons abandonn\u00e9 toute ambition personnelle au profit du collectif.\u00a0\u00bb<\/p>\n<p>Ce n\u2019est pas vraiment le point de vue d\u2019Eric Le Jaouen. Lui qui a d\u00e9j\u00e0 \u00e9dit\u00e9 et coll\u00e9 des affiches pour annoncer sa candidature, a d\u00fb se plier aux exigences de son parti. Mais il l\u2019a dit et redit : \u00ab\u00a0Mes ambitions sont toujours l\u00e0, je l\u2019ai promis aux St\u00e9phanois.\u00a0\u00bb<\/p>\n<p>Autre petit b\u00e9mol, le signataire pour le Modem \u00e9tait le d\u00e9put\u00e9 de la 3e  circonscription, Emmanuel Mandon. \u00ab\u00a0Notre parti, au niveau national s\u2019est positionn\u00e9 pour les \u00e9lections \u00e0 Saint-\u00c9tienne, c\u2019est pourquoi je suis ici.\u00a0\u00bb Par contre, pas s\u00fbr qu\u2019il re\u00e7oive les f\u00e9licitations du jury local. La pr\u00e9sidente d\u00e9partementale du Modem, Siham Labich, toujours fid\u00e8le \u00e0 Ga\u00ebl Perdriau, brillait par son absence.<\/p>\n<p>Dino Cinieri et Quentin Bataillon semblaient mener les d\u00e9bats. Futures t\u00eates de liste\u00a0? \u00ab\u00a0Non, rien n\u2019est d\u00e9fini. Nous lancerons \u00e0 l\u2019automne un sondage aupr\u00e8s des St\u00e9phanois. Ils d\u00e9cideront\u00a0\u00bb, annonce Dino Cinieri. Pari os\u00e9 ou moyen de calmer les \u00e9gos\u00a0? D&rsquo;ailleurs l&rsquo;article 4 de leur charte pr\u00e9cise bien, \u00ab\u00a0nous noius engageons, si n\u00e9cessaire, (et ce mot \u00e0 de l&rsquo;importance), \u00e0 diligenter un sondage&#8230;\u00a0\u00bb<\/p>\n","protected":false},"excerpt":{"rendered":"Le landerneau st\u00e9phanois s\u2019agite pour les prochaines \u00e9lections municipales. Apr\u00e8s la gauche et ses atermoiements entre LFI-les verts&hellip;\n","protected":false},"author":2,"featured_media":122440,"comment_status":"","ping_status":"","sticky":false,"template":"","format":"standard","meta":{"footnotes":""},"categories":[9653],"tags":[1111,11,2430,7539,4188,1777,674,1011,27,3540,6319,3367,2759,12,316,3370,25,4001,7538],"class_list":{"0":"post-122439","1":"post","2":"type-post","3":"status-publish","4":"format-standard","5":"has-post-thumbnail","7":"category-saint-etienne","8":"tag-actu","9":"tag-actualites","10":"tag-auvergne-rhone-alpes","11":"tag-edition-loire-sud","12":"tag-elections-municipales","13":"tag-eu","14":"tag-europe","15":"tag-fr","16":"tag-france","17":"tag-horizons","18":"tag-les-republicains","19":"tag-loire","20":"tag-modem","21":"tag-news","22":"tag-politique","23":"tag-renaissance","24":"tag-republique-francaise","25":"tag-saint-etienne","26":"tag-saint-etienne-ville"},"share_on_mastodon":{"url":"https:\/\/pubeurope.com\/@fr\/114558189279982197","error":""},"_links":{"self":[{"href":"https:\/\/www.europesays.com\/fr\/wp-json\/wp\/v2\/posts\/122439","targetHints":{"allow":["GET"]}}],"collection":[{"href":"https:\/\/www.europesays.com\/fr\/wp-json\/wp\/v2\/posts"}],"about":[{"href":"https:\/\/www.europesays.com\/fr\/wp-json\/wp\/v2\/types\/post"}],"author":[{"embeddable":true,"href":"https:\/\/www.europesays.com\/fr\/wp-json\/wp\/v2\/users\/2"}],"replies":[{"embeddable":true,"href":"https:\/\/www.europesays.com\/fr\/wp-json\/wp\/v2\/comments?post=122439"}],"version-history":[{"count":0,"href":"https:\/\/www.europesays.com\/fr\/wp-json\/wp\/v2\/posts\/122439\/revisions"}],"wp:featuredmedia":[{"embeddable":true,"href":"https:\/\/www.europesays.com\/fr\/wp-json\/wp\/v2\/media\/122440"}],"wp:attachment":[{"href":"https:\/\/www.europesays.com\/fr\/wp-json\/wp\/v2\/media?parent=122439"}],"wp:term":[{"taxonomy":"category","embeddable":true,"href":"https:\/\/www.europesays.com\/fr\/wp-json\/wp\/v2\/categories?post=122439"},{"taxonomy":"post_tag","embeddable":true,"href":"https:\/\/www.europesays.com\/fr\/wp-json\/wp\/v2\/tags?post=122439"}],"curies":[{"name":"wp","href":"https:\/\/api.w.org\/{rel}","templated":true}]}}