{"id":122443,"date":"2025-05-23T16:54:13","date_gmt":"2025-05-23T16:54:13","guid":{"rendered":"https:\/\/www.europesays.com\/fr\/122443\/"},"modified":"2025-05-23T16:54:13","modified_gmt":"2025-05-23T16:54:13","slug":"ligue-2-as-nancy-lorraine-un-stage-a-vittel-et-le-rc-strasbourg-en-amical-decouvrez-le-programme-de-preparation-estivale","status":"publish","type":"post","link":"https:\/\/www.europesays.com\/fr\/122443\/","title":{"rendered":"Ligue 2. AS Nancy-Lorraine\u00a0: un stage \u00e0 Vittel et le RC Strasbourg en amical\u2026 D\u00e9couvrez le programme de pr\u00e9paration estivale"},"content":{"rendered":"<p><a href=\"https:\/\/www.estrepublicain.fr\/sport\/2025\/05\/19\/on-connait-la-date-de-reprise-de-l-as-nancy-lorraine\" target=\"_blank\" rel=\"noopener\">Quelques infos avaient d\u00e9j\u00e0 fuit\u00e9<\/a>. Comme la date de reprise de l\u2019entra\u00eenement (le 1er \u00a0\u00a0juillet) et l\u2019organisation d\u2019un stage dans les Vosges. On conna\u00eet d\u00e9sormais le programme complet de la pr\u00e9paration estivale de l\u2019ASNL, <a href=\"https:\/\/www.estrepublicain.fr\/sport\/2025\/05\/23\/as-nancy-lorraine-ils-vont-partir-ils-vont-rester-ils-pourraient-s-en-aller-on-fait-le-point-sur-l-effectif-du-champion-du-national\" target=\"_blank\" rel=\"noopener\">version 2025-2026<\/a>.<\/p>\n<p>Apr\u00e8s deux semaines de travail intensif en for\u00eat de Haye, le promu nanc\u00e9ien disputera son premier test pr\u00e9paratoire le 16\u00a0juillet, face \u00e0 Villefranche (National), \u00e0 Selongey (C\u00f4te d\u2019Or). Pablo Correa et ses joueurs mettront ensuite le cap sur Vittel pour un stage d\u2019une semaine. Deux autres matches amicaux sont programm\u00e9s durant cette p\u00e9riode\u00a0: face au\u00a0RC Strasbourg (L1), \u00e0 \u00c9pinal, le 22\u00a0juillet, puis face \u00e0 \u00c9pinal, le 26\u00a0juillet, \u00e0 Vittel.<\/p>\n<p>L\u2019ASNL ach\u00e8vera ses travaux pratiques le 1er \u00a0\u00a0ao\u00fbt face \u00e0 l\u2019UNFP, \u00e0 Hom\u00e9court. Une semaine tout pile avant la premi\u00e8re journ\u00e9e du championnat de Ligue 2 programm\u00e9e le 8\u00a0ao\u00fbt. Championnat de Ligue 2 dont le calendrier devrait \u00eatre d\u00e9voil\u00e9 durant la deuxi\u00e8me quinzaine du mois de juin.<\/p>\n<p>  Le programme\u00a0:<\/p>\n<p><strong>Mardi 1er\u00a0juillet\u00a0: <\/strong> reprise de l\u2019entra\u00eenement<\/p>\n<p><strong>Du 7 au 11\u00a0juillet et du 14 au 18\u00a0juillet\u00a0:<\/strong> journ\u00e9es continues \u00e0 la For\u00eat de Haye<\/p>\n<p><strong>Mercredi 16\u00a0juillet\u00a0:<\/strong> match face \u00e0 Villefranche \u00e0 Selongey (17h00, horaire \u00e0 confirmer)<\/p>\n<p><strong>Du 21 au 26\u00a0juillet\u00a0:<\/strong> stage de pr\u00e9paration \u00e0 Vittel<\/p>\n<p><strong>Mardi 22\u00a0juillet\u00a0:<\/strong> match face au RC Strasbourg \u00e0 \u00c9pinal (18h00, horaire \u00e0 confirmer)<\/p>\n<p><strong>Samedi 26\u00a0juillet\u00a0:<\/strong> match face au SAS \u00c9pinal \u00e0 Vittel (17h00, horaire \u00e0 confirmer)<\/p>\n<p><strong>Vendredi 1er\u00a0ao\u00fbt\u00a0:<\/strong> match face \u00e0 l\u2019UNFP \u00e0 Hom\u00e9court (18h00, horaire \u00e0 confirmer)<\/p>\n<p><strong>Vendredi 8\u00a0ao\u00fbt\u00a0:<\/strong> 1re \u00a0journ\u00e9e de Ligue 2<\/p>\n","protected":false},"excerpt":{"rendered":"Quelques infos avaient d\u00e9j\u00e0 fuit\u00e9. Comme la date de reprise de l\u2019entra\u00eenement (le 1er \u00a0\u00a0juillet) et l\u2019organisation d\u2019un&hellip;\n","protected":false},"author":2,"featured_media":122444,"comment_status":"","ping_status":"","sticky":false,"template":"","format":"standard","meta":{"footnotes":""},"categories":[9635],"tags":[1111,11,3703,3602,1707,1704,1706,1705,1777,674,107,1701,63,1011,27,775,1702,1703,12,25,517,1700],"class_list":{"0":"post-122443","1":"post","2":"type-post","3":"status-publish","4":"format-standard","5":"has-post-thumbnail","7":"category-nancy","8":"tag-actu","9":"tag-actualites","10":"tag-asnl","11":"tag-edition-bar-le-duc","12":"tag-edition-luneville","13":"tag-edition-nancy-et-agglomeration","14":"tag-edition-pont-a-mousson","15":"tag-edition-toul","16":"tag-eu","17":"tag-europe","18":"tag-fil-info","19":"tag-fil-info-sport","20":"tag-football","21":"tag-fr","22":"tag-france","23":"tag-grand-est","24":"tag-nancy","25":"tag-nancy-ville-54b","26":"tag-news","27":"tag-republique-francaise","28":"tag-sport","29":"tag-sport-lorrain"},"share_on_mastodon":{"url":"https:\/\/pubeurope.com\/@fr\/114558196986740998","error":""},"_links":{"self":[{"href":"https:\/\/www.europesays.com\/fr\/wp-json\/wp\/v2\/posts\/122443","targetHints":{"allow":["GET"]}}],"collection":[{"href":"https:\/\/www.europesays.com\/fr\/wp-json\/wp\/v2\/posts"}],"about":[{"href":"https:\/\/www.europesays.com\/fr\/wp-json\/wp\/v2\/types\/post"}],"author":[{"embeddable":true,"href":"https:\/\/www.europesays.com\/fr\/wp-json\/wp\/v2\/users\/2"}],"replies":[{"embeddable":true,"href":"https:\/\/www.europesays.com\/fr\/wp-json\/wp\/v2\/comments?post=122443"}],"version-history":[{"count":0,"href":"https:\/\/www.europesays.com\/fr\/wp-json\/wp\/v2\/posts\/122443\/revisions"}],"wp:featuredmedia":[{"embeddable":true,"href":"https:\/\/www.europesays.com\/fr\/wp-json\/wp\/v2\/media\/122444"}],"wp:attachment":[{"href":"https:\/\/www.europesays.com\/fr\/wp-json\/wp\/v2\/media?parent=122443"}],"wp:term":[{"taxonomy":"category","embeddable":true,"href":"https:\/\/www.europesays.com\/fr\/wp-json\/wp\/v2\/categories?post=122443"},{"taxonomy":"post_tag","embeddable":true,"href":"https:\/\/www.europesays.com\/fr\/wp-json\/wp\/v2\/tags?post=122443"}],"curies":[{"name":"wp","href":"https:\/\/api.w.org\/{rel}","templated":true}]}}