{"id":122455,"date":"2025-05-23T17:00:41","date_gmt":"2025-05-23T17:00:41","guid":{"rendered":"https:\/\/www.europesays.com\/fr\/122455\/"},"modified":"2025-05-23T17:00:41","modified_gmt":"2025-05-23T17:00:41","slug":"le-fc-rouen-candidat-a-la-montee-en-ligue-2-je-crois-quil-faut-un-peu-revenir-a-la-raison-tempere-regis-brouard","status":"publish","type":"post","link":"https:\/\/www.europesays.com\/fr\/122455\/","title":{"rendered":"Le FC Rouen candidat \u00e0 la mont\u00e9e en Ligue 2 ? \u00ab Je crois qu&rsquo;il faut un peu revenir \u00e0 la raison \u00bb, temp\u00e8re R\u00e9gis Brouard"},"content":{"rendered":"<p style=\"text-align: justify;\">Le chantier est immense et, malgr\u00e9 les offres de prolongation de contrat pour plusieurs cadres, le FC <strong>Rouen<\/strong> s\u2019attend \u00e0 perdre plus d\u2019un joueur cet \u00e9t\u00e9 et \u00e0 renouveler en grande partie son effectif pour la prochaine campagne de <strong>National.<\/strong> Avec un accent mis sur l\u2019int\u00e9gration de jeunes joueur inexp\u00e9riment\u00e9s, qui pourraient faire leur trou chez les Diables. De quoi mettre un frein aux ambitions des Rouennais ? Pour l\u2019heure, malgr\u00e9 sa connaissance du monde professionnel (242 matchs en <strong>Ligue 2<\/strong>) et du N1 (173 rencontres), le coach <strong>R\u00e9gis Brouard<\/strong> pr\u00e9f\u00e8re ne pas placer trop d\u2019attentes en son groupe, alors que celui-ci risque de beaucoup \u00e9voluer au cours de l\u2019\u00e9t\u00e9.<\/p>\n<p style=\"text-align: justify;\">\u00c0 lire aussi &gt;&gt;\u00a0<a href=\"https:\/\/maligue2.fr\/2025\/05\/22\/ligue-2-deux-arbitres-promus-dans-lelite-deux-autres-relegues-en-national\/\" target=\"_blank\" rel=\"noopener\">Ligue 2 \u2013 Deux arbitres promus dans l\u2019\u00e9lite, deux autres rel\u00e9gu\u00e9s en National<\/a><\/p>\n<p style=\"text-align: justify;\">\u00ab Je crois qu\u2019il faut un peu revenir \u00e0 la raison. La mont\u00e9e ici et l\u00e0, non. Construisons une \u00e9quipe comp\u00e9titive, qui s\u2019identifie au club et au public, \u00e0 laquelle le public aussi s\u2019identifie et, d\u00e9j\u00e0, ce sera bien [\u2026]. Il faut oxyg\u00e9ner le groupe. Si on r\u00e8gle les probl\u00e8mes internes, entre les propositions et ceux qui vont partir, je pense qu\u2019on va prendre entre six et dix joueurs. Des \u00e9l\u00e9ments qui correspondraient \u00e0 ma philosophie sachant que cette ann\u00e9e, on a manqu\u00e9 de vitesse devant et derri\u00e8re. On a aussi manqu\u00e9 de pr\u00e9sence athl\u00e9tique, de force dans le c\u0153ur du jeu. On avait trop de gar\u00e7ons pr\u00e9sentant le m\u00eame profil. On a \u00e9t\u00e9 tr\u00e8s peu performant sur les coups de pied arr\u00eat\u00e9s souvent en raison de la qualit\u00e9 de la frappe. Enfin, je pense qu\u2019il faut faire confiance \u00e0 la jeunesse. On doit amener de la fra\u00eecheur. \u00bb<\/p>\n<p style=\"text-align: justify;\">Source : <a href=\"https:\/\/www.paris-normandie.fr\/id632546\/article\/2025-05-22\/football-national-au-fc-rouen-les-grandes-manoeuvres-ont-deja-commence?utm_medium=post_organique&amp;utm_source=Facebook\" target=\"_blank\" rel=\"noopener\">paris-normandie.fr<\/a><\/p>\n<p style=\"text-align: justify;\">Photo Antonin Utz\/Icon Sport<\/p>\n","protected":false},"excerpt":{"rendered":"Le chantier est immense et, malgr\u00e9 les offres de prolongation de contrat pour plusieurs cadres, le FC Rouen&hellip;\n","protected":false},"author":2,"featured_media":122456,"comment_status":"","ping_status":"","sticky":false,"template":"","format":"standard","meta":{"footnotes":""},"categories":[9587],"tags":[1111,11,1777,674,1011,27,12,5161,23067,25,9590],"class_list":{"0":"post-122455","1":"post","2":"type-post","3":"status-publish","4":"format-standard","5":"has-post-thumbnail","7":"category-rouen","8":"tag-actu","9":"tag-actualites","10":"tag-eu","11":"tag-europe","12":"tag-fr","13":"tag-france","14":"tag-news","15":"tag-normandie","16":"tag-regis-brouard","17":"tag-republique-francaise","18":"tag-rouen"},"share_on_mastodon":{"url":"https:\/\/pubeurope.com\/@fr\/114558220587131654","error":""},"_links":{"self":[{"href":"https:\/\/www.europesays.com\/fr\/wp-json\/wp\/v2\/posts\/122455","targetHints":{"allow":["GET"]}}],"collection":[{"href":"https:\/\/www.europesays.com\/fr\/wp-json\/wp\/v2\/posts"}],"about":[{"href":"https:\/\/www.europesays.com\/fr\/wp-json\/wp\/v2\/types\/post"}],"author":[{"embeddable":true,"href":"https:\/\/www.europesays.com\/fr\/wp-json\/wp\/v2\/users\/2"}],"replies":[{"embeddable":true,"href":"https:\/\/www.europesays.com\/fr\/wp-json\/wp\/v2\/comments?post=122455"}],"version-history":[{"count":0,"href":"https:\/\/www.europesays.com\/fr\/wp-json\/wp\/v2\/posts\/122455\/revisions"}],"wp:featuredmedia":[{"embeddable":true,"href":"https:\/\/www.europesays.com\/fr\/wp-json\/wp\/v2\/media\/122456"}],"wp:attachment":[{"href":"https:\/\/www.europesays.com\/fr\/wp-json\/wp\/v2\/media?parent=122455"}],"wp:term":[{"taxonomy":"category","embeddable":true,"href":"https:\/\/www.europesays.com\/fr\/wp-json\/wp\/v2\/categories?post=122455"},{"taxonomy":"post_tag","embeddable":true,"href":"https:\/\/www.europesays.com\/fr\/wp-json\/wp\/v2\/tags?post=122455"}],"curies":[{"name":"wp","href":"https:\/\/api.w.org\/{rel}","templated":true}]}}